{"id":663129,"date":"2023-11-30T11:21:32","date_gmt":"2023-11-30T07:21:32","guid":{"rendered":"https:\/\/arantv.az\/?p=663129"},"modified":"2023-11-30T11:21:32","modified_gmt":"2023-11-30T07:21:32","slug":"icma-fransanin-ardinca-ai-nin-erm%c9%99nistani-silahlandirmasi-olduqca-yanlis-v%c9%99-t%c9%99hluk%c9%99li-addimdir","status":"publish","type":"post","link":"https:\/\/arantv.az\/?p=663129","title":{"rendered":"\u0130cma: \u201cFransan\u0131n ard\u0131nca A\u0130-nin Erm\u0259nistan\u0131 silahland\u0131rmas\u0131 olduqca yanl\u0131\u015f v\u0259 t\u0259hl\u00fck\u0259li add\u0131md\u0131r\u201d"},"content":{"rendered":"<p>\u201cFransan\u0131n ard\u0131nca Avropa \u0130ttifaq\u0131n\u0131n Erm\u0259nistan\u0131 silahland\u0131rmas\u0131 olduqca yanl\u0131\u015f v\u0259 t\u0259hl\u00fck\u0259li add\u0131md\u0131r\u201d.<\/p>\n<p>Bu bar\u0259d\u0259 Q\u0259rbi Az\u0259rbaycan \u0130cmas\u0131n\u0131n b\u0259yanat\u0131nda qeyd edilib.<\/p>\n<p>Bildirilib ki, Avropa \u0130ttifaq\u0131n\u0131n (A\u0130) \u201cAvropa S\u00fclh Fondu\u201d \u00e7\u0259r\u00e7iv\u0259sind\u0259 Erm\u0259nistana h\u0259rbi yard\u0131m g\u00f6st\u0259r\u0259c\u0259yi bar\u0259d\u0259 m\u0259lumatlar yay\u0131l\u0131b.<\/p>\n<p>\u201cAvropa S\u00fclh Fondu\u201d ad\u0131 alt\u0131nda Erm\u0259nistana silah verilm\u0259si kinay\u0259 v\u0259 istehza do\u011furur. Q\u0259rbi Az\u0259rbaycan \u0130cmas\u0131 hesab edir ki, Fransan\u0131n ard\u0131nca Avropa \u0130ttifaq\u0131n\u0131n Erm\u0259nistan\u0131 silahland\u0131rmas\u0131 olduqca yanl\u0131\u015f v\u0259 t\u0259hl\u00fck\u0259li add\u0131md\u0131r v\u0259 regionda g\u0259rginliyin artmas\u0131na, Erm\u0259nistanda revan\u015fizmin g\u00fccl\u0259nm\u0259sin\u0259 xidm\u0259t edir.<\/p>\n<p>Avropa \u0130ttifaq\u0131 Erm\u0259nistan\u0131n silahland\u0131r\u0131lmas\u0131, C\u0259nubi Qafqaz regionuna geosiyasi r\u0259qab\u0259tin g\u0259tirilm\u0259si siyas\u0259tin\u0259 son qoymal\u0131d\u0131r\u201d, &#8211; b\u0259yanatda vur\u011fulan\u0131b.<\/p>\n","protected":false},"excerpt":{"rendered":"<p>\u201cFransan\u0131n ard\u0131nca Avropa \u0130ttifaq\u0131n\u0131n Erm\u0259nistan\u0131 silahland\u0131rmas\u0131 olduqca yanl\u0131\u015f v\u0259 t\u0259hl\u00fck\u0259li add\u0131md\u0131r\u201d. Bu bar\u0259d\u0259 Q\u0259rbi Az\u0259rbaycan \u0130cmas\u0131n\u0131n b\u0259yanat\u0131nda qeyd edilib. Bildirilib ki, Avropa \u0130ttifaq\u0131n\u0131n (A\u0130) \u201cAvropa S\u00fclh Fondu\u201d \u00e7\u0259r\u00e7iv\u0259sind\u0259 Erm\u0259nistana h\u0259rbi yard\u0131m g\u00f6st\u0259r\u0259c\u0259yi bar\u0259d\u0259 m\u0259lumatlar yay\u0131l\u0131b. \u201cAvropa S\u00fclh Fondu\u201d ad\u0131 alt\u0131nda Erm\u0259nistana silah verilm\u0259si kinay\u0259 v\u0259 istehza do\u011furur. Q\u0259rbi Az\u0259rbaycan \u0130cmas\u0131 hesab edir ki, Fransan\u0131n ard\u0131nca Avropa \u0130ttifaq\u0131n\u0131n Erm\u0259nistan\u0131 silahland\u0131rmas\u0131 olduqca yanl\u0131\u015f v\u0259 t\u0259hl\u00fck\u0259li add\u0131md\u0131r v\u0259 regionda g\u0259rginliyin artmas\u0131na, Erm\u0259nistanda revan\u015fizmin g\u00fccl\u0259nm\u0259sin\u0259 xidm\u0259t edir. Avropa \u0130ttifaq\u0131 Erm\u0259nistan\u0131n silahland\u0131r\u0131lmas\u0131, C\u0259nubi Qafqaz regionuna geosiyasi r\u0259qab\u0259tin g\u0259tirilm\u0259si siyas\u0259tin\u0259 son qoymal\u0131d\u0131r\u201d, &#8211; b\u0259yanatda vur\u011fulan\u0131b.<\/p>\n","protected":false},"author":2,"featured_media":663130,"comment_status":"closed","ping_status":"closed","sticky":false,"template":"","format":"standard","meta":{"om_disable_all_campaigns":false,"_monsterinsights_skip_tracking":false,"_monsterinsights_sitenote_active":false,"_monsterinsights_sitenote_note":"","_monsterinsights_sitenote_category":0},"categories":[4],"tags":[],"aioseo_notices":[],"gutentor_comment":0,"rttpg_featured_image_url":{"full":["https:\/\/arantv.az\/wp-content\/uploads\/2023\/11\/29957047169528060524667124210361998.jpg",975,540,false],"landscape":["https:\/\/arantv.az\/wp-content\/uploads\/2023\/11\/29957047169528060524667124210361998.jpg",975,540,false],"portraits":["https:\/\/arantv.az\/wp-content\/uploads\/2023\/11\/29957047169528060524667124210361998.jpg",975,540,false],"thumbnail":["https:\/\/arantv.az\/wp-content\/uploads\/2023\/11\/29957047169528060524667124210361998-500x280.jpg",500,280,true],"medium":["https:\/\/arantv.az\/wp-content\/uploads\/2023\/11\/29957047169528060524667124210361998-660x365.jpg",660,365,true],"large":["https:\/\/arantv.az\/wp-content\/uploads\/2023\/11\/29957047169528060524667124210361998-840x465.jpg",640,354,true],"1536x1536":["https:\/\/arantv.az\/wp-content\/uploads\/2023\/11\/29957047169528060524667124210361998.jpg",975,540,false],"2048x2048":["https:\/\/arantv.az\/wp-content\/uploads\/2023\/11\/29957047169528060524667124210361998.jpg",975,540,false],"post-thumbnail":["https:\/\/arantv.az\/wp-content\/uploads\/2023\/11\/29957047169528060524667124210361998-240x172.jpg",240,172,true],"advps-thumb-one":["https:\/\/arantv.az\/wp-content\/uploads\/2023\/11\/29957047169528060524667124210361998.jpg",975,540,false]},"rttpg_author":{"display_name":"V\u00fcsal Rafiqo\u011flu","author_link":"https:\/\/arantv.az\/?author=2"},"rttpg_comment":0,"rttpg_category":"<a href=\"https:\/\/arantv.az\/?cat=4\" rel=\"category\">Siyas\u0259t<\/a>","rttpg_excerpt":"\u201cFransan\u0131n ard\u0131nca Avropa \u0130ttifaq\u0131n\u0131n Erm\u0259nistan\u0131 silahland\u0131rmas\u0131 olduqca yanl\u0131\u015f v\u0259 t\u0259hl\u00fck\u0259li add\u0131md\u0131r\u201d. Bu bar\u0259d\u0259 Q\u0259rbi Az\u0259rbaycan \u0130cmas\u0131n\u0131n b\u0259yanat\u0131nda qeyd edilib. Bildirilib ki, Avropa \u0130ttifaq\u0131n\u0131n (A\u0130) \u201cAvropa S\u00fclh Fondu\u201d \u00e7\u0259r\u00e7iv\u0259sind\u0259 Erm\u0259nistana h\u0259rbi yard\u0131m g\u00f6st\u0259r\u0259c\u0259yi bar\u0259d\u0259 m\u0259lumatlar yay\u0131l\u0131b. \u201cAvropa S\u00fclh Fondu\u201d ad\u0131 alt\u0131nda Erm\u0259nistana silah verilm\u0259si kinay\u0259 v\u0259 istehza do\u011furur. Q\u0259rbi Az\u0259rbaycan \u0130cmas\u0131 hesab edir ki, Fransan\u0131n ard\u0131nca&hellip;","_links":{"self":[{"href":"https:\/\/arantv.az\/index.php?rest_route=\/wp\/v2\/posts\/663129"}],"collection":[{"href":"https:\/\/arantv.az\/index.php?rest_route=\/wp\/v2\/posts"}],"about":[{"href":"https:\/\/arantv.az\/index.php?rest_route=\/wp\/v2\/types\/post"}],"author":[{"embeddable":true,"href":"https:\/\/arantv.az\/index.php?rest_route=\/wp\/v2\/users\/2"}],"replies":[{"embeddable":true,"href":"https:\/\/arantv.az\/index.php?rest_route=%2Fwp%2Fv2%2Fcomments&post=663129"}],"version-history":[{"count":0,"href":"https:\/\/arantv.az\/index.php?rest_route=\/wp\/v2\/posts\/663129\/revisions"}],"wp:featuredmedia":[{"embeddable":true,"href":"https:\/\/arantv.az\/index.php?rest_route=\/wp\/v2\/media\/663130"}],"wp:attachment":[{"href":"https:\/\/arantv.az\/index.php?rest_route=%2Fwp%2Fv2%2Fmedia&parent=663129"}],"wp:term":[{"taxonomy":"category","embeddable":true,"href":"https:\/\/arantv.az\/index.php?rest_route=%2Fwp%2Fv2%2Fcategories&post=663129"},{"taxonomy":"post_tag","embeddable":true,"href":"https:\/\/arantv.az\/index.php?rest_route=%2Fwp%2Fv2%2Ftags&post=663129"}],"curies":[{"name":"wp","href":"https:\/\/api.w.org\/{rel}","templated":true}]}}