{"id":663132,"date":"2023-11-30T11:22:25","date_gmt":"2023-11-30T07:22:25","guid":{"rendered":"https:\/\/arantv.az\/?p=663132"},"modified":"2023-11-30T11:22:25","modified_gmt":"2023-11-30T07:22:25","slug":"q%c9%99rbi-az%c9%99rbaycan-icmasi-litva-butun-must%c9%99vil%c9%99rd%c9%99-az%c9%99rbaycana-qarsi-dusm%c9%99ncilik-siyas%c9%99tini-davam-etdirir","status":"publish","type":"post","link":"https:\/\/arantv.az\/?p=663132","title":{"rendered":"Q\u0259rbi Az\u0259rbaycan \u0130cmas\u0131: \u201cLitva b\u00fct\u00fcn m\u00fcst\u0259vil\u0259rd\u0259 Az\u0259rbaycana qar\u015f\u0131 d\u00fc\u015fm\u0259n\u00e7ilik siyas\u0259tini davam etdirir\u201d"},"content":{"rendered":"<p>\u201cLitvadan olan bir qrup deputat Erm\u0259nistan-Az\u0259rbaycan s\u0259rh\u0259din\u0259 ba\u015f \u00e7\u0259kib v\u0259 son vaxtlar Avropa \u0130ttifaq\u0131 \u00f6lk\u0259l\u0259rind\u0259n olan r\u0259smil\u0259rin A\u0130-nin Erm\u0259nistandak\u0131 missiyas\u0131 il\u0259 g\u00f6r\u00fc\u015f\u0259r\u0259k durbinl\u0259 Az\u0259rbaycana baxmaq kimi yersiz praktikas\u0131n\u0131 davam etdirib\u201d.<\/p>\n<p>Bu bar\u0259d\u0259 Q\u0259rbi Az\u0259rbaycan \u0130cmas\u0131n\u0131n b\u0259yanat\u0131nda qeyd edilib.<\/p>\n<p>Bildirilib ki, Litva b\u00fct\u00fcn m\u00fcst\u0259vil\u0259rd\u0259 Az\u0259rbaycana qar\u015f\u0131 d\u00fc\u015fm\u0259n\u00e7ilik siyas\u0259tini davam etdirir:<\/p>\n<p>\u201cY\u0259qin ki, litval\u0131 deputatlar\u0131n bir ne\u00e7\u0259 il \u00f6nc\u0259 \u00f6z h\u0259mkarlar\u0131n\u0131n ke\u00e7mi\u015f m\u00fcnaqi\u015f\u0259d\u0259 \u0259razil\u0259ri i\u015f\u011fal olunan\u00a0 Az\u0259rbaycan\u0131 deyil, i\u015f\u011fal\u00e7\u0131 Erm\u0259nistan\u0131 dini z\u0259mind\u0259 d\u0259st\u0259kl\u0259dikl\u0259ri bar\u0259d\u0259 yay\u0131lm\u0131\u015f s\u0259syaz\u0131s\u0131ndan x\u0259b\u0259rdard\u0131rlar.<\/p>\n<p>Litval\u0131 deputatlara xat\u0131rlad\u0131r\u0131q ki, onlar\u0131n ba\u015f \u00e7\u0259kdikl\u0259ri \u0259razil\u0259rin \u0259ks\u0259ri az\u0259rbaycanl\u0131lar\u0131n deportasiya edildiyi k\u0259ndl\u0259rdir.<\/p>\n<p>S\u0259lib\u00e7i mentalitetli litval\u0131 deputatlar C\u0259nubi Qafqazda mac\u0259ra axtarmaq, Don Kixotluq etm\u0259k \u0259v\u0259zin\u0259, qoy gedib \u00f6z \u00f6lk\u0259l\u0259rind\u0259 s\u0131x\u0131\u015fd\u0131r\u0131lan etnik azl\u0131\u011f\u0131n h\u00fcquqlar\u0131n\u0131n qorunmas\u0131 il\u0259 m\u0259\u015f\u011ful olsunlar\u201d.<\/p>\n","protected":false},"excerpt":{"rendered":"<p>\u201cLitvadan olan bir qrup deputat Erm\u0259nistan-Az\u0259rbaycan s\u0259rh\u0259din\u0259 ba\u015f \u00e7\u0259kib v\u0259 son vaxtlar Avropa \u0130ttifaq\u0131 \u00f6lk\u0259l\u0259rind\u0259n olan r\u0259smil\u0259rin A\u0130-nin Erm\u0259nistandak\u0131 missiyas\u0131 il\u0259 g\u00f6r\u00fc\u015f\u0259r\u0259k durbinl\u0259 Az\u0259rbaycana baxmaq kimi yersiz praktikas\u0131n\u0131 davam etdirib\u201d. Bu bar\u0259d\u0259 Q\u0259rbi Az\u0259rbaycan \u0130cmas\u0131n\u0131n b\u0259yanat\u0131nda qeyd edilib. Bildirilib ki, Litva b\u00fct\u00fcn m\u00fcst\u0259vil\u0259rd\u0259 Az\u0259rbaycana qar\u015f\u0131 d\u00fc\u015fm\u0259n\u00e7ilik siyas\u0259tini davam etdirir: \u201cY\u0259qin ki, litval\u0131 deputatlar\u0131n bir ne\u00e7\u0259 il \u00f6nc\u0259 \u00f6z h\u0259mkarlar\u0131n\u0131n ke\u00e7mi\u015f m\u00fcnaqi\u015f\u0259d\u0259 \u0259razil\u0259ri i\u015f\u011fal olunan\u00a0 Az\u0259rbaycan\u0131 deyil, i\u015f\u011fal\u00e7\u0131 Erm\u0259nistan\u0131 dini z\u0259mind\u0259 d\u0259st\u0259kl\u0259dikl\u0259ri bar\u0259d\u0259 yay\u0131lm\u0131\u015f s\u0259syaz\u0131s\u0131ndan x\u0259b\u0259rdard\u0131rlar. Litval\u0131 deputatlara xat\u0131rlad\u0131r\u0131q ki, onlar\u0131n ba\u015f \u00e7\u0259kdikl\u0259ri \u0259razil\u0259rin \u0259ks\u0259ri az\u0259rbaycanl\u0131lar\u0131n deportasiya edildiyi k\u0259ndl\u0259rdir. S\u0259lib\u00e7i mentalitetli&hellip;<\/p>\n","protected":false},"author":2,"featured_media":663133,"comment_status":"closed","ping_status":"closed","sticky":false,"template":"","format":"standard","meta":{"om_disable_all_campaigns":false,"_monsterinsights_skip_tracking":false,"_monsterinsights_sitenote_active":false,"_monsterinsights_sitenote_note":"","_monsterinsights_sitenote_category":0},"categories":[4],"tags":[],"aioseo_notices":[],"gutentor_comment":0,"rttpg_featured_image_url":{"full":["https:\/\/arantv.az\/wp-content\/uploads\/2023\/11\/130f1a8e169003180081208130510206007-1.jpg",975,540,false],"landscape":["https:\/\/arantv.az\/wp-content\/uploads\/2023\/11\/130f1a8e169003180081208130510206007-1.jpg",975,540,false],"portraits":["https:\/\/arantv.az\/wp-content\/uploads\/2023\/11\/130f1a8e169003180081208130510206007-1.jpg",975,540,false],"thumbnail":["https:\/\/arantv.az\/wp-content\/uploads\/2023\/11\/130f1a8e169003180081208130510206007-1-500x280.jpg",500,280,true],"medium":["https:\/\/arantv.az\/wp-content\/uploads\/2023\/11\/130f1a8e169003180081208130510206007-1-660x365.jpg",660,365,true],"large":["https:\/\/arantv.az\/wp-content\/uploads\/2023\/11\/130f1a8e169003180081208130510206007-1-840x465.jpg",640,354,true],"1536x1536":["https:\/\/arantv.az\/wp-content\/uploads\/2023\/11\/130f1a8e169003180081208130510206007-1.jpg",975,540,false],"2048x2048":["https:\/\/arantv.az\/wp-content\/uploads\/2023\/11\/130f1a8e169003180081208130510206007-1.jpg",975,540,false],"post-thumbnail":["https:\/\/arantv.az\/wp-content\/uploads\/2023\/11\/130f1a8e169003180081208130510206007-1-240x172.jpg",240,172,true],"advps-thumb-one":["https:\/\/arantv.az\/wp-content\/uploads\/2023\/11\/130f1a8e169003180081208130510206007-1.jpg",975,540,false]},"rttpg_author":{"display_name":"V\u00fcsal Rafiqo\u011flu","author_link":"https:\/\/arantv.az\/?author=2"},"rttpg_comment":0,"rttpg_category":"<a href=\"https:\/\/arantv.az\/?cat=4\" rel=\"category\">Siyas\u0259t<\/a>","rttpg_excerpt":"\u201cLitvadan olan bir qrup deputat Erm\u0259nistan-Az\u0259rbaycan s\u0259rh\u0259din\u0259 ba\u015f \u00e7\u0259kib v\u0259 son vaxtlar Avropa \u0130ttifaq\u0131 \u00f6lk\u0259l\u0259rind\u0259n olan r\u0259smil\u0259rin A\u0130-nin Erm\u0259nistandak\u0131 missiyas\u0131 il\u0259 g\u00f6r\u00fc\u015f\u0259r\u0259k durbinl\u0259 Az\u0259rbaycana baxmaq kimi yersiz praktikas\u0131n\u0131 davam etdirib\u201d. Bu bar\u0259d\u0259 Q\u0259rbi Az\u0259rbaycan \u0130cmas\u0131n\u0131n b\u0259yanat\u0131nda qeyd edilib. Bildirilib ki, Litva b\u00fct\u00fcn m\u00fcst\u0259vil\u0259rd\u0259 Az\u0259rbaycana qar\u015f\u0131 d\u00fc\u015fm\u0259n\u00e7ilik siyas\u0259tini davam etdirir: \u201cY\u0259qin ki, litval\u0131 deputatlar\u0131n bir ne\u00e7\u0259&hellip;","_links":{"self":[{"href":"https:\/\/arantv.az\/index.php?rest_route=\/wp\/v2\/posts\/663132"}],"collection":[{"href":"https:\/\/arantv.az\/index.php?rest_route=\/wp\/v2\/posts"}],"about":[{"href":"https:\/\/arantv.az\/index.php?rest_route=\/wp\/v2\/types\/post"}],"author":[{"embeddable":true,"href":"https:\/\/arantv.az\/index.php?rest_route=\/wp\/v2\/users\/2"}],"replies":[{"embeddable":true,"href":"https:\/\/arantv.az\/index.php?rest_route=%2Fwp%2Fv2%2Fcomments&post=663132"}],"version-history":[{"count":0,"href":"https:\/\/arantv.az\/index.php?rest_route=\/wp\/v2\/posts\/663132\/revisions"}],"wp:featuredmedia":[{"embeddable":true,"href":"https:\/\/arantv.az\/index.php?rest_route=\/wp\/v2\/media\/663133"}],"wp:attachment":[{"href":"https:\/\/arantv.az\/index.php?rest_route=%2Fwp%2Fv2%2Fmedia&parent=663132"}],"wp:term":[{"taxonomy":"category","embeddable":true,"href":"https:\/\/arantv.az\/index.php?rest_route=%2Fwp%2Fv2%2Fcategories&post=663132"},{"taxonomy":"post_tag","embeddable":true,"href":"https:\/\/arantv.az\/index.php?rest_route=%2Fwp%2Fv2%2Ftags&post=663132"}],"curies":[{"name":"wp","href":"https:\/\/api.w.org\/{rel}","templated":true}]}}