{"id":663147,"date":"2023-11-30T11:37:51","date_gmt":"2023-11-30T07:37:51","guid":{"rendered":"https:\/\/arantv.az\/?p=663147"},"modified":"2023-11-30T11:37:51","modified_gmt":"2023-11-30T07:37:51","slug":"abs-boyda-s%c9%99hv-az%c9%99rbaycan-bir-daha-subut-etdi-ki","status":"publish","type":"post","link":"https:\/\/arantv.az\/?p=663147","title":{"rendered":"AB\u015e boyda s\u0259hv: Az\u0259rbaycan bir daha s\u00fcbut etdi ki&#8230;"},"content":{"rendered":"<p><strong>Anti-Az\u0259rbaycan m\u00f6vqeyi il\u0259 tan\u0131nan amerikal\u0131 h\u0259rb\u00e7inin gerid\u00f6n\u00fc\u015f\u00fcn\u00fcn s\u0259b\u0259bi; A\u011f Ev administrasiyas\u0131 \u201cziyan\u0131n yar\u0131s\u0131ndan\u201d qay\u0131tma\u011fa q\u0259rar verdi; Blinkenin \u018fliyev\u0259 telefon z\u0259ngind\u0259n ortaya \u00e7\u0131xan n\u0259tic\u0259l\u0259r &#8211; ilginc a\u00e7\u0131qlamalar<\/strong><\/p>\n<p>Postm\u00fcharib\u0259 d\u00f6vr\u00fcnd\u0259 AB\u015e-\u0131n Az\u0259rbaycana qar\u015f\u0131 yanl\u0131\u015f siyas\u0259ti \u201cy\u00fcks\u0259l\u0259n x\u0259tl\u0259\u201d inki\u015faf etdi. M\u0259qs\u0259d Az\u0259rbaycan\u0131 onlar\u0131n diqt\u0259sil\u0259 h\u0259r\u0259k\u0259t etdirm\u0259k, siyasi v\u0259 geosiyasi maraqlar\u0131n\u0131 h\u0259m d\u0259 bizim \u00fcz\u0259rimizd\u0259n realla\u015fd\u0131rmaq idi.<\/p>\n<p>Ancaq unutdular ki, Az\u0259rbaycan idar\u0259olunan d\u00f6vl\u0259t deyil, m\u00fcst\u0259qil, qalib d\u00f6vl\u0259tdir. N\u0259hay\u0259t, durum bundan ibar\u0259t oldu ki, m\u00fcnasib\u0259tl\u0259r son d\u0259r\u0259c\u0259 k\u0259skinl\u0259\u015fdi. \u018flb\u0259tt\u0259, bu v\u0259ziyy\u0259t Amerikan\u0131 narahat etm\u0259y\u0259 bilm\u0259zdi. Bir daha g\u00f6rd\u00fcl\u0259r ki, Az\u0259rbaycan\u0131 t\u0259hdidl\u0259, t\u0259zyiql\u0259 qorxutmaq, do\u011fru siyasi kursdan \u00e7\u0259kindirm\u0259k m\u00fcmk\u00fcn deyil. Fakt bundan ibar\u0259tdir ki, AB\u015e Az\u0259rbaycanla m\u00fcnasib\u0259tl\u0259ri daha da k\u0259skinl\u0259\u015fm\u0259kd\u0259n s\u0131\u011fortalamaq \u00fc\u00e7\u00fcn m\u00fc\u0259yy\u0259n add\u0131mlar atma\u011fa ba\u015flad\u0131. Noyabr\u0131n 27-d\u0259 AB\u015e D\u00f6vl\u0259t katibi Antoni Blinken Az\u0259rbaycan Respublikas\u0131n\u0131n Prezidenti \u0130lham \u018fliyev\u0259 z\u0259ng ed\u0259rk\u0259n apar\u0131lan m\u00fczakir\u0259 v\u0259 \u0259ld\u0259 olunan anla\u015fmalar bunu dem\u0259y\u0259 \u0259sas verir. Faktiki AB\u015e \u00f6z t\u0259zyiq m\u00f6vqeyind\u0259n geri \u00e7\u0259kilib. Az\u0259rbaycan \u00f6z m\u00f6vqeyind\u0259 q\u0259tidir, prinsipiald\u0131r v\u0259 bu m\u00f6vqeyi sona kimi m\u00fcdafi\u0259 etm\u0259kd\u0259 israrl\u0131d\u0131r. Bir daha t\u0259sdiq olundu ki, he\u00e7 bir q\u00fcvv\u0259 Az\u0259rbaycanla t\u0259zyiq v\u0259 t\u0259hdid dili il\u0259 dan\u0131\u015fa bilm\u0259z. Bir inc\u0259 m\u0259qam da bundan ibar\u0259tdir: Blinkenin yana\u015fmas\u0131 da g\u00f6st\u0259rir ki, h\u0259m Konqres, h\u0259m d\u0259 D\u00f6vl\u0259t Departamentinin n\u00fcmay\u0259nd\u0259l\u0259ri yanl\u0131\u015f m\u00f6vqed\u0259 olublar. Telefon dan\u0131\u015f\u0131\u011f\u0131 zaman\u0131 Prezident \u0130lham \u018fliyev Az\u0259rbaycan\u0131n m\u00f6vqeyini tam a\u00e7\u0131ql\u0131\u011f\u0131 il\u0259 diqq\u0259t\u0259 \u00e7atd\u0131r\u0131b. Qeyd edib ki, AB\u015e t\u0259r\u0259find\u0259n Az\u0259rbaycanla ba\u011fl\u0131 son b\u0259yanatlar v\u0259 at\u0131lan add\u0131mlar Az\u0259rbaycan-AB\u015e m\u00fcnasib\u0259tl\u0259rin\u0259 ciddi z\u0259r\u0259r vurub. D\u00f6vl\u0259timizin ba\u015f\u00e7\u0131s\u0131 2023-c\u00fc il noyabr\u0131n 15-d\u0259 AB\u015e D\u00f6vl\u0259t katibinin k\u00f6m\u0259k\u00e7isi Ceyms O\u2019Brayn\u0131n N\u00fcmay\u0259nd\u0259l\u0259r Palatas\u0131n\u0131n Xarici \u0130\u015fl\u0259r Komit\u0259sinin Avropa \u00fczr\u0259 alt komit\u0259sinin dinl\u0259m\u0259l\u0259rind\u0259 \u00f6lk\u0259mizl\u0259 ba\u011fl\u0131 s\u0259sl\u0259ndirdiyi fikirl\u0259rin q\u0259r\u0259zli oldu\u011funu, h\u0259qiq\u0259ti \u0259ks etdirm\u0259diyini v\u0259 Az\u0259rbaycan t\u0259r\u0259find\u0259n r\u0259dd edildiyini bildirib. Az\u0259rbaycan t\u0259r\u0259finin AB\u015e-\u0131n Az\u0259rbaycana m\u00fcnasib\u0259td\u0259 y\u00fcks\u0259k s\u0259viyy\u0259li ikit\u0259r\u0259fli g\u00f6r\u00fc\u015f v\u0259 t\u0259maslar\u0131 t\u0259xir\u0259 salmas\u0131 v\u0259 \u201cikit\u0259r\u0259fli m\u00fcnasib\u0259tl\u0259rimizd\u0259 &#8220;\u0259vv\u0259lki kimi&#8221; ola bilm\u0259z&#8221; b\u0259yanat\u0131n\u0131 n\u0259z\u0259r\u0259 ald\u0131\u011f\u0131, bunu adekvat cavabland\u0131rd\u0131\u011f\u0131 vur\u011fulan\u0131b. Prezident \u0130lham \u018fliyev Az\u0259rbaycan Xarici \u0130\u015fl\u0259r Nazirliyinin noyabr\u0131n 16-da bununla \u0259laq\u0259dar a\u00e7\u0131qlama verdiyini, Az\u0259rbaycan t\u0259r\u0259finin d\u0259 \u00f6z n\u00f6vb\u0259sind\u0259 AB\u015e-dan olan y\u00fcks\u0259k s\u0259viyy\u0259li s\u0259f\u0259rl\u0259ri l\u0259\u011fv etdiyini xat\u0131rlad\u0131b. D\u00f6vl\u0259t katibi Blinken m\u00fcnasib\u0259tl\u0259rin normalla\u015fd\u0131r\u0131lmas\u0131 m\u0259qs\u0259dil\u0259 dekabrda AB\u015e D\u00f6vl\u0259t katibinin k\u00f6m\u0259k\u00e7isi Ceyms O\u2019Brayn\u0131n Az\u0259rbaycana s\u0259f\u0259rin\u0259 icaz\u0259 verilm\u0259sini xahi\u015f edib. Prezident \u0130lham \u018fliyev h\u0259min t\u0259klifl\u0259 bir \u015f\u0259rtl\u0259 raz\u0131la\u015f\u0131b ki, bu s\u0259f\u0259rd\u0259n sonra Az\u0259rbaycan\u0131n y\u00fcks\u0259k s\u0259viyy\u0259li r\u0259smil\u0259rinin AB\u015e-a s\u0259f\u0259rl\u0259rin\u0259 qoyulan \u0259sass\u0131z qada\u011fa aradan qald\u0131r\u0131ls\u0131n. D\u00f6vl\u0259t katibi Blinken bunu q\u0259bul edib. H\u0259r halda, zahir\u0259n bel\u0259 g\u00f6r\u00fcn\u00fcr ki, O\u2019Brayn\u0131n simas\u0131nda anti-Az\u0259rbaycan m\u00f6vqeyi il\u0259 tan\u0131nan amerikal\u0131 r\u0259smi q\u0259fild\u0259n gerid\u00f6n\u00fc\u015f etm\u0259si s\u0259b\u0259bsiz deyil. \u018fks t\u0259qdird\u0259, 15 noyabrdak\u0131 dinl\u0259m\u0259l\u0259rd\u0259 Az\u0259rbaycanla \u0259vv\u0259lki m\u00fcnasib\u0259tl\u0259rin olmayaca\u011f\u0131 il\u0259 t\u0259hdid ed\u0259n d\u00f6vl\u0259t katibinin k\u00f6m\u0259k\u00e7isi niy\u0259 Az\u0259rbaycana burax\u0131lmaq \u00fc\u00e7\u00fcn icaz\u0259 ist\u0259sin? Bel\u0259 g\u00f6r\u00fcn\u00fcr ki, m\u0259s\u0259l\u0259, erm\u0259ni lobbisinin k\u00fcy\u00fcn\u0259 gedib, aran\u0131 qar\u0131\u015fd\u0131ran k\u00f6m\u0259k\u00e7inin s\u0259lahiyy\u0259tl\u0259rin\u0259 daxil deyil, \u00fcmumiyy\u0259tl\u0259, A\u011f Ev administrasiyas\u0131 Az\u0259rbaycanla ba\u011fl\u0131 imza atd\u0131\u011f\u0131 \u201cziyan\u0131n yar\u0131s\u0131ndan\u201d qay\u0131tma\u011fa q\u0259rar verib. B\u0259s \u0259g\u0259r AB\u015e bu telefon dan\u0131\u015f\u0131\u011f\u0131ndak\u0131 anla\u015fmaya \u0259m\u0259l ed\u0259rs\u0259, Amerika il\u0259 m\u00fcnasib\u0259tl\u0259r d\u00fcz\u0259l\u0259 bil\u0259rmi? Qar\u015f\u0131da hans\u0131 n\u0259tic\u0259l\u0259ri g\u00f6r\u0259 bil\u0259rik? AB\u015e s\u0259hvini ba\u015fa d\u00fc\u015fd\u00fcm\u00fc? Bir daha onu anlad\u0131m\u0131 ki, b\u00f6lg\u0259d\u0259 Az\u0259rbaycan \u00e7ox vacib d\u00f6vl\u0259tdir v\u0259 onunla t\u0259hdid dilind\u0259 dan\u0131\u015fmaq yox, yaln\u0131z \u0259m\u0259kda\u015fl\u0131q etm\u0259k m\u00fcmk\u00fcnd\u00fcr? Bundan sonra s\u0259mimi olacaqlar\u0131n\u0131 g\u00f6zl\u0259y\u0259kmi?<\/p>\n<p><img src=\"https:\/\/cdn.musavat.com\/news\/thumbnails\/6d7f853bf8bc527242da35986c754186.png\" alt=\"Bu, Rusiyan\u0131 imperialist maraqlardan \u00e7\u0259kindirm\u0259yin bir yoludur\u201d - Qafar  \u00c7axmaql\u0131\" \/><\/p>\n<p><strong>\u00a0Qafar \u00c7axmaql\u0131\u00a0<\/strong><\/p>\n<p><strong>Erm\u0259ni\u015f\u00fcnas alim, T\u00fcrkiy\u0259nin Erciyes Universitetinin professoru Qafar \u00c7axmaql\u0131 bildirdi ki, AB\u015e-\u0131n r\u0259smi dair\u0259l\u0259ri t\u0259r\u0259find\u0259n son vaxtlarda u\u011frad\u0131\u011f\u0131 \u0259dal\u0259tsizlikl\u0259r v\u0259 t\u0259hdidl\u0259r qar\u015f\u0131s\u0131nda Az\u0259rbaycan\u0131n dik duru\u015fu A\u011f Evin siyas\u0259tind\u0259 m\u00fc\u0259yy\u0259n d\u0259yi\u015fiklikl\u0259r\u0259 s\u0259b\u0259b olub:<\/strong>\u00a0\u201cAB\u015e d\u00f6vl\u0259tinin Az\u0259rbaycanla ba\u011fl\u0131 apard\u0131\u011f\u0131 siyas\u0259tin fiaskoya u\u011frayaca\u011f\u0131 g\u00f6zl\u0259nil\u0259n idi, \u00e7\u00fcnki Az\u0259rbaycan\u0131n regional m\u0259s\u0259l\u0259l\u0259rd\u0259 he\u00e7 bir beyn\u0259lxalq h\u00fcququ pozmad\u0131\u011f\u0131 bilinirdi. \u018fg\u0259r Amerika C\u0259nubi Qafqazda sabitliyin b\u0259rpa olunmas\u0131nda s\u0259mimi idis\u0259, Erm\u0259nistan\u0131n iddialar\u0131n\u0131 deyil, Az\u0259rbaycan\u0131n haql\u0131 d\u00f6vl\u0259t prinsipl\u0259rini \u0259sas almal\u0131, b\u0259zi h\u0259ssas m\u00f6vzularda erm\u0259nip\u0259r\u0259st m\u00f6vqed\u0259n \u00e7\u0131x\u0131\u015f etm\u0259m\u0259li idi. AB\u015e-\u0131n C\u0259nubi Qafqazda Erm\u0259nistana &#8220;stavka&#8221; etm\u0259sinin yanl\u0131\u015f oldu\u011fu ortaya \u00e7\u0131x\u0131nca, o, art\u0131q Az\u0259rbaycan v\u0259 Erm\u0259nistan siyas\u0259tl\u0259rin\u0259 korrekt\u0259 etm\u0259k m\u0259cburiyy\u0259ti yaratd\u0131 v\u0259 Amerikada d\u00fc\u015f\u00fcn\u00fcrd\u00fcl\u0259r ki, Erm\u0259nistanla ba\u011fl\u0131 g\u0259li\u015fm\u0259l\u0259ri b\u0259han\u0259 ed\u0259r\u0259k Az\u0259rbaycana b\u0259zi \u015feyl\u0259ri q\u0259bul etdirm\u0259k m\u00fcmk\u00fcn olacaq. T\u0259bii ki, Az\u0259rbaycan buna ged\u0259 bilm\u0259zdi. \u015e\u00fcbh\u0259siz, bu t\u0259zyiql\u0259rin k\u00f6k\u00fcnd\u0259 Rusiyan\u0131n b\u00f6lg\u0259d\u0259 t\u0259sir imkanlar\u0131n\u0131n z\u0259ifl\u0259dilm\u0259si v\u0259 onun b\u00f6lg\u0259d\u0259n \u00e7\u0131xar\u0131lmas\u0131 planlar\u0131n\u0131n h\u0259yata ke\u00e7irilm\u0259si durur, AB\u015e Erm\u0259nistan\u0131 \u00f6z t\u0259r\u0259fin\u0259 \u00e7\u0259km\u0259kl\u0259 bunu etm\u0259y\u0259 \u00e7al\u0131\u015f\u0131r. Amma Az\u0259rbaycana t\u0259zyiq etm\u0259kl\u0259 bu plan\u0131n i\u015fl\u0259m\u0259si a\u011flabatan deyildi, g\u0259r\u0259k bu, \u0259vv\u0259ld\u0259n anla\u015f\u0131layd\u0131&#8221;. Q.\u00c7axmaql\u0131 \u0259mindir ki, he\u00e7 Erm\u0259nistan\u0131 haql\u0131-haqs\u0131z d\u0259st\u0259kl\u0259m\u0259kl\u0259 d\u0259 bu plan i\u015fl\u0259m\u0259y\u0259c\u0259k: \u201cAmerika r\u0259smil\u0259ri il\u0259 son telefon dan\u0131\u015f\u0131qlar\u0131 v\u0259 t\u0259maslar g\u00f6st\u0259rir ki, Az\u0259rbaycanla \u0259m\u0259kda\u015fl\u0131q yolu se\u00e7ils\u0259, h\u0259r iki \u00f6lk\u0259nin yarar\u0131na olar. Az\u0259rbaycan\u0131n \u0259leyhin\u0259 erm\u0259ni lobbisinin diqt\u0259si il\u0259 h\u0259r hans\u0131 t\u0259zyiqin d\u00f6vl\u0259timizi do\u011fru bildiyi prinsipl\u0259rd\u0259n vaz ke\u00e7irm\u0259y\u0259 yetm\u0259diyini, n\u0259hay\u0259t, anlad\u0131lar. Hesab edir\u0259m bunu Kremld\u0259 d\u0259 ba\u015fa d\u00fc\u015f\u00fcbl\u0259r. R\u0259smi \u0130r\u0259van da son g\u00fcnl\u0259r s\u00fclh sazi\u015fi il\u0259 ba\u011fl\u0131 b\u0259yanlar\u0131nda bunu anlam\u0131\u015f kimi g\u00f6r\u00fcn\u00fcr. Amerikaya bu b\u00f6lg\u0259d\u0259 sabitlik laz\u0131md\u0131rsa, onu Az\u0259rbaycanla m\u00fczakir\u0259 etm\u0259lidir, Erm\u0259nistanla deyil. T\u0259bii ki, b\u00f6lg\u0259nin g\u0259l\u0259c\u0259k taleyin\u0259 m\u0259sul olan d\u00f6vl\u0259tl\u0259rin, \u0259sas\u0259n d\u0259 T\u00fcrkiy\u0259nin irad\u0259si n\u0259z\u0259r\u0259 al\u0131nmal\u0131d\u0131r. Amerika Az\u0259rbaycanla \u0259m\u0259kda\u015fl\u0131\u011fa a\u00e7\u0131q olmal\u0131d\u0131r, \u00e7\u00fcnki Az\u0259rbaycan bir \u00e7ox m\u0259s\u0259l\u0259l\u0259rd\u0259 diplomatik dik duru\u015fu il\u0259 se\u00e7il\u0259n d\u00f6vl\u0259t oldu\u011funu g\u00f6st\u0259rdi. Onunla t\u0259hdid dilind\u0259 dan\u0131\u015fmaq ikili m\u00fcnasib\u0259tl\u0259r\u0259 yaln\u0131z z\u0259r\u0259r ver\u0259 bil\u0259r. Hesab edir\u0259m ki, yax\u0131n vaxtlarda AB\u015e-la \u00f6lk\u0259mizin yeni \u0259m\u0259kda\u015fl\u0131q s\u0259hif\u0259l\u0259ri a\u00e7\u0131lacaq v\u0259 bu, Az\u0259rbaycan\u0131 b\u00f6lg\u0259nin \u0259sas d\u00f6vl\u0259tl\u0259rind\u0259n birin\u0259 \u00e7evir\u0259c\u0259k\u201d.<\/p>\n<p><img src=\"https:\/\/cebheinfo.az\/uploads\/images\/2023\/08\/720x400\/169286492686656417064e7119e0447a.jpg\" alt=\"Elxan \u015eahino\u011flu: &quot;Pa\u015finyan h\u0259qiq\u0259t\u0259n s\u00fclh ist\u0259yirs\u0259...&quot;\" \/><\/p>\n<p><strong>Elxan \u015eahino\u011flu<\/strong><\/p>\n<p><strong>\u201cAtlas\u201d Ara\u015fd\u0131rmalar M\u0259rk\u0259zinin r\u0259hb\u0259ri Elxan \u015eahino\u011flu da AB\u015e-dak\u0131 b\u0259zi \u00e7evr\u0259l\u0259rin Az\u0259rbaycanla ba\u011fl\u0131 yanl\u0131\u015fa yol verdiyini d\u0259rk etdiyi q\u0259na\u0259tind\u0259dir:<\/strong>\u00a0\u201cAB\u015e d\u00f6vl\u0259t katibi Entoni Blinken k\u00f6m\u0259k\u00e7isi Ceyms O\u2019Brayn\u0131n noyabr\u0131n 15-d\u0259 N\u00fcmay\u0259nd\u0259l\u0259r Palatas\u0131n\u0131n alt komit\u0259sinin dinl\u0259m\u0259l\u0259rind\u0259 Az\u0259rbaycan \u0259leyhin\u0259 s\u00f6yl\u0259diyi fikirl\u0259rin iki \u00f6lk\u0259 aras\u0131ndak\u0131 m\u00fcnasib\u0259tl\u0259r\u0259 nec\u0259 b\u00f6y\u00fck z\u0259rb\u0259 vurdu\u011funu anlad\u0131\u011f\u0131ndan Prezident \u0130lham \u018fliyev\u0259 z\u0259ng edib. Bu z\u0259ng\u0259 ehtiyac var idi, \u0259ks halda, m\u00fcnasib\u0259tl\u0259r g\u0259rginl\u0259\u015fm\u0259kd\u0259 davam ed\u0259c\u0259kdi ki, bu, n\u0259 AB\u015e-\u0131n, n\u0259 d\u0259 Az\u0259rbaycan\u0131n maraqlar\u0131na cavab verir. Ceyms O\u2019Brayn\u0131n \u00e7\u0131x\u0131\u015f\u0131 Az\u0259rbaycan v\u0259 Erm\u0259nistan xarici i\u015fl\u0259r nazirl\u0259rinin Va\u015finqtonda planla\u015fd\u0131r\u0131lan g\u00f6r\u00fc\u015f\u00fcn\u00fcn l\u0259\u011fvin\u0259 v\u0259 r\u0259smi Bak\u0131n\u0131n AB\u015e-\u0131n vasit\u0259\u00e7iliyind\u0259n faktiki imtinas\u0131na s\u0259b\u0259b oldu. B\u00f6y\u00fck ehtimalla Ceyms O\u2019Brayn Konqresd\u0259ki \u00e7\u0131x\u0131\u015f\u0131n\u0131n q\u0131rm\u0131z\u0131 \u00e7izgil\u0259ri a\u015fd\u0131\u011f\u0131n\u0131 anlad\u0131\u011f\u0131ndan bundan bir ne\u00e7\u0259 g\u00fcn sonra Az\u0259rbaycan\u0131n AB\u015e-dak\u0131 s\u0259firi il\u0259 g\u00f6r\u00fc\u015fm\u0259y\u0259 q\u0259rar verib\u201d.<\/p>\n<p><strong>Analitikin s\u00f6zl\u0259rin\u0259 g\u00f6r\u0259, Ceyms O\u2019Brayn dekabrda Az\u0259rbaycana s\u0259f\u0259ri zaman\u0131 el\u0259 a\u00e7\u0131qlamalar verm\u0259lidir ki, m\u00fcnasib\u0259tl\u0259ri \u0259vv\u0259lki axar\u0131na qaytara bilsin:<\/strong>\u00a0\u201cH\u0259r halda, Ceyms O\u2019Brayn v\u0259 dig\u0259r amerikal\u0131 diplomatlar Az\u0259rbaycanla ba\u011fl\u0131 a\u00e7\u0131qlamalar\u0131nda d\u00f6vl\u0259t katibi Entoni Blinkenin t\u0259limatlar\u0131ndan k\u0259nara \u00e7\u0131xmamal\u0131d\u0131rlar. Blinkenin \u00f6z\u00fc a\u00e7\u0131qlamalar\u0131nda Az\u0259rbaycanla Erm\u0259nistan aras\u0131nda balans\u0131 qoruma\u011fa \u00e7al\u0131\u015f\u0131r. AB\u015e d\u00fcnyan\u0131n \u0259sas g\u00fccl\u0259rind\u0259n biridir, t\u0259hl\u00fck\u0259sizlik v\u0259 enerji sah\u0259sind\u0259 ill\u0259rdir \u0259m\u0259kda\u015fl\u0131\u011f\u0131m\u0131z var, bu \u00f6lk\u0259 il\u0259 m\u00fcnasib\u0259tl\u0259rin normalla\u015fmas\u0131na ehtiyac var. \u00d6z n\u00f6vb\u0259sind\u0259 Va\u015finqton C\u0259nubi Qafqaz siyas\u0259tind\u0259 Parisin s\u0259hvl\u0259rini t\u0259krarlamamal\u0131d\u0131r. G\u00f6zl\u0259nti bundan ibar\u0259tdir\u201d.<\/p>\n<p><img loading=\"lazy\" src=\"https:\/\/turkic.world\/media\/2023\/05\/12\/ilyas_huseynov.jpg\" alt=\"Az\u0259rbaycan\u0131n g\u00fccl\u00fc orduya malik olmas\u0131 bir \u015f\u0259rtdir - \u0130lyas H\u00fcseynov (\u00d6Z\u018fL)  - Turkic World\" width=\"789\" height=\"526\" \/><\/p>\n<p><strong>\u0130lyas H\u00fcseynov\u00a0<\/strong><\/p>\n<p><strong>STM-in sektor m\u00fcdiri, politoloq \u0130lyas H\u00fcseynov is\u0259 vur\u011fulad\u0131 ki, Az\u0259rbaycan\u0131n prinsipial m\u00f6vqeyi, g\u00fccl\u00fc siyasi irad\u0259si d\u00fcnyan\u0131n b\u00fct\u00fcn d\u00f6vl\u0259tl\u0259rin\u0259 m\u0259lumdur:<\/strong>\u00a0\u201cPrezident \u0130lham \u018fliyev xarici v\u0259 daxili siyas\u0259tin formala\u015fmas\u0131nda milli maraqlar\u0131 h\u0259r zaman r\u0259hb\u0259r tutur. Bizim \u00fc\u00e7\u00fcn \u0259razi b\u00fct\u00f6vl\u00fcy\u00fc, suverenlik, s\u0259rh\u0259dl\u0259rin toxunulmazl\u0131\u011f\u0131, daxili i\u015fl\u0259r\u0259 qar\u0131\u015fmamaq q\u0131rm\u0131z\u0131 \u00e7izgil\u0259rdir. AB\u015e-\u0131n g\u00fccl\u00fc d\u00f6vl\u0259t olmas\u0131 o dem\u0259k deyil ki, sehrli \u00e7ubuqla C\u0259nubi Qafqazda ist\u0259nil\u0259r d\u0259yi\u015fiklikl\u0259ri ed\u0259 bil\u0259r. Bununla yana\u015f\u0131, C\u0259nubi Qafqazda Az\u0259rbaycan enerji, n\u0259qliyyat, iqtisadi, geosiyasi c\u0259h\u0259td\u0259n \u0259n m\u00fch\u00fcm \u00f6lk\u0259dir. Bizim i\u015ftirak\u0131m\u0131z olmadan h\u0259r hans\u0131 layih\u0259nin icras\u0131 m\u00fcmk\u00fcn deyil. Avropa \u0130ttifaq\u0131n\u0131n enerji t\u0259hl\u00fck\u0259sizliyinin t\u0259min olmas\u0131nda Az\u0259rbaycan\u0131n m\u00f6vqeyi AB\u015e strateql\u0259rin\u0259 d\u0259 m\u0259lumdur. Vaxtil\u0259 Zbiqnev Bjezinski X\u0259z\u0259r d\u0259nizinin Az\u0259rbaycan sektorunda neft yataqlar\u0131n\u0131n i\u015fl\u0259nm\u0259sinin \u0259sas t\u0259r\u0259fdar\u0131 kimi \u00e7\u0131x\u0131\u015f edirdi. Bu g\u00fcn qalib Az\u0259rbaycanla t\u0259hdid v\u0259 t\u0259zyiq dili il\u0259 dan\u0131\u015fmaq olmaz. Bunu AB\u015e D\u00f6vl\u0259t katibi Entoni Blinken d\u0259 yax\u015f\u0131 anlay\u0131r\u201d. \u0130.H\u00fcseynov qeyd etdi ki, noyabr\u0131n 27-d\u0259 AB\u015e D\u00f6vl\u0259t katibi Antoni Blinken Az\u0259rbaycan Respublikas\u0131n\u0131n Prezidenti \u0130lham \u018fliyev\u0259 z\u0259ngind\u0259n sonra yay\u0131lan press-reliz d\u0259 dedikl\u0259rimizi t\u0259sdiql\u0259yir: \u201cAz\u0259rbaycan \u00f6z m\u00f6vqeyind\u0259 \u00e7ox q\u0259tidir, prinsipiald\u0131r v\u0259 bu m\u00f6vqeyi sona kimi m\u00fcdafi\u0259 etm\u0259kd\u0259 maraql\u0131d\u0131r. D\u00fc\u015f\u00fcn\u00fcr\u0259m ki, r\u0259smi Va\u015finqton \u00f6lk\u0259miz\u0259 qar\u015f\u0131 s\u0259hv m\u00f6vqed\u0259 durdu\u011funu n\u0259hay\u0259t ki, anlad\u0131. Erm\u0259ni lobbisi v\u0259 revan\u015fist q\u00fcvv\u0259l\u0259r Az\u0259rbaycan-AB\u015e m\u00fcnasib\u0259tl\u0259rin\u0259 bundan sonra da z\u0259rb\u0259 vurmaqda davam ets\u0259l\u0259r d\u0259, g\u00f6r\u00fcn\u0259n budur ki, siyas\u0259td\u0259 praqmatizm v\u0259 rasional formada reall\u0131qlardan \u00e7\u0131x\u0131\u015f ed\u0259r\u0259k qurulan siyasi straregiya AB\u015e siyas\u0259ti \u00fc\u00e7\u00fcn prioritet olacaq\u201d.<\/p>\n<p>G\u00f6zl\u0259y\u0259k, qar\u015f\u0131dak\u0131 d\u00f6n\u0259md\u0259 AB\u015e-\u0131n Az\u0259rbaycana s\u0259fir t\u0259yinat\u0131 il\u0259 ba\u011fl\u0131 prosesl\u0259rin tez ba\u015fa \u00e7atmas\u0131, yaxud g\u00f6zl\u0259nil\u0259n qar\u015f\u0131l\u0131ql\u0131 s\u0259f\u0259rl\u0259rd\u0259ki atmosfer m\u00fcnasib\u0259tl\u0259rl\u0259 ba\u011fl\u0131 daha ayd\u0131n t\u0259s\u0259vv\u00fcr formala\u015fd\u0131ra bil\u0259r&#8230;<\/p>\n","protected":false},"excerpt":{"rendered":"<p>Anti-Az\u0259rbaycan m\u00f6vqeyi il\u0259 tan\u0131nan amerikal\u0131 h\u0259rb\u00e7inin gerid\u00f6n\u00fc\u015f\u00fcn\u00fcn s\u0259b\u0259bi; A\u011f Ev administrasiyas\u0131 \u201cziyan\u0131n yar\u0131s\u0131ndan\u201d qay\u0131tma\u011fa q\u0259rar verdi; Blinkenin \u018fliyev\u0259 telefon z\u0259ngind\u0259n ortaya \u00e7\u0131xan n\u0259tic\u0259l\u0259r &#8211; ilginc a\u00e7\u0131qlamalar Postm\u00fcharib\u0259 d\u00f6vr\u00fcnd\u0259 AB\u015e-\u0131n Az\u0259rbaycana qar\u015f\u0131 yanl\u0131\u015f siyas\u0259ti \u201cy\u00fcks\u0259l\u0259n x\u0259tl\u0259\u201d inki\u015faf etdi. M\u0259qs\u0259d Az\u0259rbaycan\u0131 onlar\u0131n diqt\u0259sil\u0259 h\u0259r\u0259k\u0259t etdirm\u0259k, siyasi v\u0259 geosiyasi maraqlar\u0131n\u0131 h\u0259m d\u0259 bizim \u00fcz\u0259rimizd\u0259n realla\u015fd\u0131rmaq idi. Ancaq unutdular ki, Az\u0259rbaycan idar\u0259olunan d\u00f6vl\u0259t deyil, m\u00fcst\u0259qil, qalib d\u00f6vl\u0259tdir. N\u0259hay\u0259t, durum bundan ibar\u0259t oldu ki, m\u00fcnasib\u0259tl\u0259r son d\u0259r\u0259c\u0259 k\u0259skinl\u0259\u015fdi. \u018flb\u0259tt\u0259, bu v\u0259ziyy\u0259t Amerikan\u0131 narahat etm\u0259y\u0259 bilm\u0259zdi. Bir daha g\u00f6rd\u00fcl\u0259r ki, Az\u0259rbaycan\u0131 t\u0259hdidl\u0259, t\u0259zyiql\u0259 qorxutmaq, do\u011fru siyasi&hellip;<\/p>\n","protected":false},"author":2,"featured_media":663148,"comment_status":"closed","ping_status":"closed","sticky":false,"template":"","format":"standard","meta":{"om_disable_all_campaigns":false,"_monsterinsights_skip_tracking":false,"_monsterinsights_sitenote_active":false,"_monsterinsights_sitenote_note":"","_monsterinsights_sitenote_category":0},"categories":[4],"tags":[],"aioseo_notices":[],"gutentor_comment":0,"rttpg_featured_image_url":{"full":["https:\/\/arantv.az\/wp-content\/uploads\/2023\/11\/4ea0ee8b7fdc3f4f237bf9df8efccdba.jpg",870,500,false],"landscape":["https:\/\/arantv.az\/wp-content\/uploads\/2023\/11\/4ea0ee8b7fdc3f4f237bf9df8efccdba.jpg",870,500,false],"portraits":["https:\/\/arantv.az\/wp-content\/uploads\/2023\/11\/4ea0ee8b7fdc3f4f237bf9df8efccdba.jpg",870,500,false],"thumbnail":["https:\/\/arantv.az\/wp-content\/uploads\/2023\/11\/4ea0ee8b7fdc3f4f237bf9df8efccdba-500x280.jpg",500,280,true],"medium":["https:\/\/arantv.az\/wp-content\/uploads\/2023\/11\/4ea0ee8b7fdc3f4f237bf9df8efccdba-635x365.jpg",635,365,true],"large":["https:\/\/arantv.az\/wp-content\/uploads\/2023\/11\/4ea0ee8b7fdc3f4f237bf9df8efccdba-840x483.jpg",640,368,true],"1536x1536":["https:\/\/arantv.az\/wp-content\/uploads\/2023\/11\/4ea0ee8b7fdc3f4f237bf9df8efccdba.jpg",870,500,false],"2048x2048":["https:\/\/arantv.az\/wp-content\/uploads\/2023\/11\/4ea0ee8b7fdc3f4f237bf9df8efccdba.jpg",870,500,false],"post-thumbnail":["https:\/\/arantv.az\/wp-content\/uploads\/2023\/11\/4ea0ee8b7fdc3f4f237bf9df8efccdba-240x172.jpg",240,172,true],"advps-thumb-one":["https:\/\/arantv.az\/wp-content\/uploads\/2023\/11\/4ea0ee8b7fdc3f4f237bf9df8efccdba.jpg",870,500,false]},"rttpg_author":{"display_name":"V\u00fcsal Rafiqo\u011flu","author_link":"https:\/\/arantv.az\/?author=2"},"rttpg_comment":0,"rttpg_category":"<a href=\"https:\/\/arantv.az\/?cat=4\" rel=\"category\">Siyas\u0259t<\/a>","rttpg_excerpt":"Anti-Az\u0259rbaycan m\u00f6vqeyi il\u0259 tan\u0131nan amerikal\u0131 h\u0259rb\u00e7inin gerid\u00f6n\u00fc\u015f\u00fcn\u00fcn s\u0259b\u0259bi; A\u011f Ev administrasiyas\u0131 \u201cziyan\u0131n yar\u0131s\u0131ndan\u201d qay\u0131tma\u011fa q\u0259rar verdi; Blinkenin \u018fliyev\u0259 telefon z\u0259ngind\u0259n ortaya \u00e7\u0131xan n\u0259tic\u0259l\u0259r &#8211; ilginc a\u00e7\u0131qlamalar Postm\u00fcharib\u0259 d\u00f6vr\u00fcnd\u0259 AB\u015e-\u0131n Az\u0259rbaycana qar\u015f\u0131 yanl\u0131\u015f siyas\u0259ti \u201cy\u00fcks\u0259l\u0259n x\u0259tl\u0259\u201d inki\u015faf etdi. M\u0259qs\u0259d Az\u0259rbaycan\u0131 onlar\u0131n diqt\u0259sil\u0259 h\u0259r\u0259k\u0259t etdirm\u0259k, siyasi v\u0259 geosiyasi maraqlar\u0131n\u0131 h\u0259m d\u0259 bizim \u00fcz\u0259rimizd\u0259n realla\u015fd\u0131rmaq idi. Ancaq unutdular&hellip;","_links":{"self":[{"href":"https:\/\/arantv.az\/index.php?rest_route=\/wp\/v2\/posts\/663147"}],"collection":[{"href":"https:\/\/arantv.az\/index.php?rest_route=\/wp\/v2\/posts"}],"about":[{"href":"https:\/\/arantv.az\/index.php?rest_route=\/wp\/v2\/types\/post"}],"author":[{"embeddable":true,"href":"https:\/\/arantv.az\/index.php?rest_route=\/wp\/v2\/users\/2"}],"replies":[{"embeddable":true,"href":"https:\/\/arantv.az\/index.php?rest_route=%2Fwp%2Fv2%2Fcomments&post=663147"}],"version-history":[{"count":0,"href":"https:\/\/arantv.az\/index.php?rest_route=\/wp\/v2\/posts\/663147\/revisions"}],"wp:featuredmedia":[{"embeddable":true,"href":"https:\/\/arantv.az\/index.php?rest_route=\/wp\/v2\/media\/663148"}],"wp:attachment":[{"href":"https:\/\/arantv.az\/index.php?rest_route=%2Fwp%2Fv2%2Fmedia&parent=663147"}],"wp:term":[{"taxonomy":"category","embeddable":true,"href":"https:\/\/arantv.az\/index.php?rest_route=%2Fwp%2Fv2%2Fcategories&post=663147"},{"taxonomy":"post_tag","embeddable":true,"href":"https:\/\/arantv.az\/index.php?rest_route=%2Fwp%2Fv2%2Ftags&post=663147"}],"curies":[{"name":"wp","href":"https:\/\/api.w.org\/{rel}","templated":true}]}}