{"id":663150,"date":"2023-11-30T11:38:59","date_gmt":"2023-11-30T07:38:59","guid":{"rendered":"https:\/\/arantv.az\/?p=663150"},"modified":"2023-11-30T11:38:59","modified_gmt":"2023-11-30T07:38:59","slug":"asapes-in-rektoru-ulu-ond%c9%99r-heyd%c9%99r-%c9%99liyev-daim-elml%c9%99-six-bagli-idi","status":"publish","type":"post","link":"https:\/\/arantv.az\/?p=663150","title":{"rendered":"ASAPES-in rektoru: \u201cUlu \u00f6nd\u0259r Heyd\u0259r \u018fliyev daim elml\u0259 s\u0131x ba\u011fl\u0131 idi\u201d"},"content":{"rendered":"<p>\u201cUlu \u00f6nd\u0259r Heyd\u0259r \u018fliyev daim elml\u0259 s\u0131x ba\u011fl\u0131 idi\u201d.<\/p>\n<p>\u201cReport\u201d x\u0259b\u0259r verir ki, bu s\u00f6zl\u0259ri Az\u0259rbaycan D\u00f6vl\u0259t B\u0259d\u0259n T\u0259rbiy\u0259si v\u0259 \u0130dman Akademiyas\u0131n\u0131n (ASAPES) rektoru Fuad Hac\u0131yev Bak\u0131da \u201c\u0130dman elml\u0259rinin inki\u015faf\u0131nda m\u00fcasir tendensiyalar\u201d m\u00f6vzusunda ke\u00e7iril\u0259n ikinci beyn\u0259lxalq konfransda jurnalistl\u0259r\u0259 a\u00e7\u0131qlamas\u0131nda deyib.<\/p>\n<p>O, t\u0259dbirin \u00fcmummilli liderin 100 illik yubileyin\u0259 h\u0259sr edildiyini xat\u0131rlad\u0131b:<\/p>\n<p>\u201cAz\u0259rbaycan g\u0259ncl\u0259rinin xarici \u00f6lk\u0259l\u0259rd\u0259 t\u0259hsil almaq modeli uzun ill\u0259r \u00f6nc\u0259 qurulub. T\u0259bii ki, bu tendensiya m\u00fcst\u0259qil Az\u0259rbaycan d\u00f6vl\u0259tinin qurulmas\u0131na b\u00f6y\u00fck t\u00f6hf\u0259 verib. H\u0259min g\u0259ncl\u0259rimiz bu g\u00fcn Az\u0259rbaycan\u0131n t\u0259hsil sisteminin inki\u015faf etdirilm\u0259sind\u0259 m\u00fch\u00fcm rol oynay\u0131rlar. Prezident\u00a0<strong>\u0130lham \u018fliyevin<\/strong>\u00a0ba\u015f\u00e7\u0131l\u0131\u011f\u0131 il\u0259 biz idman sah\u0259sind\u0259 t\u0259l\u0259b olunan ixtisaslar \u00fczr\u0259 y\u00fcks\u0259k s\u0259viyy\u0259d\u0259 inki\u015faf etmi\u015fik. Avropan\u0131n qabaqc\u0131l \u00f6lk\u0259l\u0259rind\u0259 oldu\u011fu kimi, idman sah\u0259sind\u0259ki t\u0259hsil proqramlar\u0131m\u0131zda d\u00fcnya t\u0259cr\u00fcb\u0259sind\u0259 istifad\u0259 edil\u0259n modell\u0259r t\u0259tbiq olunur\u201d.<\/p>\n","protected":false},"excerpt":{"rendered":"<p>\u201cUlu \u00f6nd\u0259r Heyd\u0259r \u018fliyev daim elml\u0259 s\u0131x ba\u011fl\u0131 idi\u201d. \u201cReport\u201d x\u0259b\u0259r verir ki, bu s\u00f6zl\u0259ri Az\u0259rbaycan D\u00f6vl\u0259t B\u0259d\u0259n T\u0259rbiy\u0259si v\u0259 \u0130dman Akademiyas\u0131n\u0131n (ASAPES) rektoru Fuad Hac\u0131yev Bak\u0131da \u201c\u0130dman elml\u0259rinin inki\u015faf\u0131nda m\u00fcasir tendensiyalar\u201d m\u00f6vzusunda ke\u00e7iril\u0259n ikinci beyn\u0259lxalq konfransda jurnalistl\u0259r\u0259 a\u00e7\u0131qlamas\u0131nda deyib. O, t\u0259dbirin \u00fcmummilli liderin 100 illik yubileyin\u0259 h\u0259sr edildiyini xat\u0131rlad\u0131b: \u201cAz\u0259rbaycan g\u0259ncl\u0259rinin xarici \u00f6lk\u0259l\u0259rd\u0259 t\u0259hsil almaq modeli uzun ill\u0259r \u00f6nc\u0259 qurulub. T\u0259bii ki, bu tendensiya m\u00fcst\u0259qil Az\u0259rbaycan d\u00f6vl\u0259tinin qurulmas\u0131na b\u00f6y\u00fck t\u00f6hf\u0259 verib. H\u0259min g\u0259ncl\u0259rimiz bu g\u00fcn Az\u0259rbaycan\u0131n t\u0259hsil sisteminin inki\u015faf etdirilm\u0259sind\u0259 m\u00fch\u00fcm rol oynay\u0131rlar. Prezident\u00a0\u0130lham \u018fliyevin\u00a0ba\u015f\u00e7\u0131l\u0131\u011f\u0131 il\u0259 biz idman sah\u0259sind\u0259&hellip;<\/p>\n","protected":false},"author":2,"featured_media":663151,"comment_status":"closed","ping_status":"closed","sticky":false,"template":"","format":"standard","meta":{"om_disable_all_campaigns":false,"_monsterinsights_skip_tracking":false,"_monsterinsights_sitenote_active":false,"_monsterinsights_sitenote_note":"","_monsterinsights_sitenote_category":0},"categories":[4],"tags":[],"aioseo_notices":[],"gutentor_comment":0,"rttpg_featured_image_url":{"full":["https:\/\/arantv.az\/wp-content\/uploads\/2023\/11\/3df9fd47-40bd-3726-a0ff-674f7d7f1c38_850.jpg",620,413,false],"landscape":["https:\/\/arantv.az\/wp-content\/uploads\/2023\/11\/3df9fd47-40bd-3726-a0ff-674f7d7f1c38_850.jpg",620,413,false],"portraits":["https:\/\/arantv.az\/wp-content\/uploads\/2023\/11\/3df9fd47-40bd-3726-a0ff-674f7d7f1c38_850.jpg",620,413,false],"thumbnail":["https:\/\/arantv.az\/wp-content\/uploads\/2023\/11\/3df9fd47-40bd-3726-a0ff-674f7d7f1c38_850-500x280.jpg",500,280,true],"medium":["https:\/\/arantv.az\/wp-content\/uploads\/2023\/11\/3df9fd47-40bd-3726-a0ff-674f7d7f1c38_850-548x365.jpg",548,365,true],"large":["https:\/\/arantv.az\/wp-content\/uploads\/2023\/11\/3df9fd47-40bd-3726-a0ff-674f7d7f1c38_850.jpg",620,413,false],"1536x1536":["https:\/\/arantv.az\/wp-content\/uploads\/2023\/11\/3df9fd47-40bd-3726-a0ff-674f7d7f1c38_850.jpg",620,413,false],"2048x2048":["https:\/\/arantv.az\/wp-content\/uploads\/2023\/11\/3df9fd47-40bd-3726-a0ff-674f7d7f1c38_850.jpg",620,413,false],"post-thumbnail":["https:\/\/arantv.az\/wp-content\/uploads\/2023\/11\/3df9fd47-40bd-3726-a0ff-674f7d7f1c38_850-240x172.jpg",240,172,true],"advps-thumb-one":["https:\/\/arantv.az\/wp-content\/uploads\/2023\/11\/3df9fd47-40bd-3726-a0ff-674f7d7f1c38_850.jpg",620,413,false]},"rttpg_author":{"display_name":"V\u00fcsal Rafiqo\u011flu","author_link":"https:\/\/arantv.az\/?author=2"},"rttpg_comment":0,"rttpg_category":"<a href=\"https:\/\/arantv.az\/?cat=4\" rel=\"category\">Siyas\u0259t<\/a>","rttpg_excerpt":"\u201cUlu \u00f6nd\u0259r Heyd\u0259r \u018fliyev daim elml\u0259 s\u0131x ba\u011fl\u0131 idi\u201d. \u201cReport\u201d x\u0259b\u0259r verir ki, bu s\u00f6zl\u0259ri Az\u0259rbaycan D\u00f6vl\u0259t B\u0259d\u0259n T\u0259rbiy\u0259si v\u0259 \u0130dman Akademiyas\u0131n\u0131n (ASAPES) rektoru Fuad Hac\u0131yev Bak\u0131da \u201c\u0130dman elml\u0259rinin inki\u015faf\u0131nda m\u00fcasir tendensiyalar\u201d m\u00f6vzusunda ke\u00e7iril\u0259n ikinci beyn\u0259lxalq konfransda jurnalistl\u0259r\u0259 a\u00e7\u0131qlamas\u0131nda deyib. O, t\u0259dbirin \u00fcmummilli liderin 100 illik yubileyin\u0259 h\u0259sr edildiyini xat\u0131rlad\u0131b: \u201cAz\u0259rbaycan g\u0259ncl\u0259rinin xarici \u00f6lk\u0259l\u0259rd\u0259 t\u0259hsil&hellip;","_links":{"self":[{"href":"https:\/\/arantv.az\/index.php?rest_route=\/wp\/v2\/posts\/663150"}],"collection":[{"href":"https:\/\/arantv.az\/index.php?rest_route=\/wp\/v2\/posts"}],"about":[{"href":"https:\/\/arantv.az\/index.php?rest_route=\/wp\/v2\/types\/post"}],"author":[{"embeddable":true,"href":"https:\/\/arantv.az\/index.php?rest_route=\/wp\/v2\/users\/2"}],"replies":[{"embeddable":true,"href":"https:\/\/arantv.az\/index.php?rest_route=%2Fwp%2Fv2%2Fcomments&post=663150"}],"version-history":[{"count":0,"href":"https:\/\/arantv.az\/index.php?rest_route=\/wp\/v2\/posts\/663150\/revisions"}],"wp:featuredmedia":[{"embeddable":true,"href":"https:\/\/arantv.az\/index.php?rest_route=\/wp\/v2\/media\/663151"}],"wp:attachment":[{"href":"https:\/\/arantv.az\/index.php?rest_route=%2Fwp%2Fv2%2Fmedia&parent=663150"}],"wp:term":[{"taxonomy":"category","embeddable":true,"href":"https:\/\/arantv.az\/index.php?rest_route=%2Fwp%2Fv2%2Fcategories&post=663150"},{"taxonomy":"post_tag","embeddable":true,"href":"https:\/\/arantv.az\/index.php?rest_route=%2Fwp%2Fv2%2Ftags&post=663150"}],"curies":[{"name":"wp","href":"https:\/\/api.w.org\/{rel}","templated":true}]}}