{"id":663421,"date":"2023-12-01T09:40:01","date_gmt":"2023-12-01T05:40:01","guid":{"rendered":"https:\/\/arantv.az\/?p=663421"},"modified":"2023-12-01T09:40:01","modified_gmt":"2023-12-01T05:40:01","slug":"1950-ci-ill%c9%99rd%c9%99-xoreoqrafiya-d%c9%99rn%c9%99yinin-festivala-hazirligi-arxivd%c9%99n-nadir-goruntul%c9%99r-video","status":"publish","type":"post","link":"https:\/\/arantv.az\/?p=663421","title":{"rendered":"1950-ci ill\u0259rd\u0259 xoreoqrafiya d\u0259rn\u0259yinin festivala haz\u0131rl\u0131\u011f\u0131: ARX\u0130VD\u018fN NAD\u0130R G\u00d6R\u00dcNT\u00dcL\u018fR &#8211; V\u0130DEO"},"content":{"rendered":"<article class=\"news\">\n<div class=\"news-inner\">\n<p>\u00a0Az\u0259rbaycan Televiziyas\u0131nda Bak\u0131 Zabitl\u0259r Evind\u0259 f\u0259aliyy\u0259t g\u00f6st\u0259r\u0259n xoreoqrafiya d\u0259rn\u0259yinin \u0130kinci Respublika Festival\u0131nda i\u015ftirak\u0131 \u00fc\u00e7\u00fcn haz\u0131rl\u0131qlar\u0131 yenid\u0259n n\u00fcmayi\u015f olunub.<\/p>\n<p>\u201cQ\u0131z\u0131l Fond\u201dda saxlan\u0131lan s\u00fcjet Az\u0259rbaycan Televiziyas\u0131n\u0131n \u201cTeles\u0259h\u0259r\u201d musiqi-informasiya proqram\u0131nda yay\u0131mlan\u0131b.<\/p>\n<p>1950-ci ill\u0259r aid s\u00fcjetd\u0259 bildirilib ki, xoreoqrafiya d\u0259rn\u0259yinin balaca \u00fczvl\u0259ri \u0130kinci Respublika Festival\u0131nda i\u015ftirak etm\u0259k \u201cKukla\u201d r\u0259qsini haz\u0131rlay\u0131blar. Yar\u0131\u015f\u0131n i\u015ftirak\u00e7\u0131lar\u0131 \u00c7in v\u0259 \u00c7ex r\u0259qsl\u0259rind\u0259 d\u0259 haz\u0131rl\u0131q i\u015fi g\u00f6r\u00fcbl\u0259r.<\/p>\n<p>Daha \u0259trafl\u0131 AZTV-nin s\u00fcjetind\u0259:<\/p>\n<div><iframe loading=\"lazy\" title=\"YouTube video player\" src=\"https:\/\/www.youtube.com\/embed\/opyJAPrXkKU?si=LCxovXUaT9yFM4Fn\" width=\"560\" height=\"315\" frameborder=\"0\" allowfullscreen=\"allowfullscreen\" data-mce-fragment=\"1\"><\/iframe><\/div>\n<\/div>\n<\/article>\n","protected":false},"excerpt":{"rendered":"<p>\u00a0Az\u0259rbaycan Televiziyas\u0131nda Bak\u0131 Zabitl\u0259r Evind\u0259 f\u0259aliyy\u0259t g\u00f6st\u0259r\u0259n xoreoqrafiya d\u0259rn\u0259yinin \u0130kinci Respublika Festival\u0131nda i\u015ftirak\u0131 \u00fc\u00e7\u00fcn haz\u0131rl\u0131qlar\u0131 yenid\u0259n n\u00fcmayi\u015f olunub. \u201cQ\u0131z\u0131l Fond\u201dda saxlan\u0131lan s\u00fcjet Az\u0259rbaycan Televiziyas\u0131n\u0131n \u201cTeles\u0259h\u0259r\u201d musiqi-informasiya proqram\u0131nda yay\u0131mlan\u0131b. 1950-ci ill\u0259r aid s\u00fcjetd\u0259 bildirilib ki, xoreoqrafiya d\u0259rn\u0259yinin balaca \u00fczvl\u0259ri \u0130kinci Respublika Festival\u0131nda i\u015ftirak etm\u0259k \u201cKukla\u201d r\u0259qsini haz\u0131rlay\u0131blar. Yar\u0131\u015f\u0131n i\u015ftirak\u00e7\u0131lar\u0131 \u00c7in v\u0259 \u00c7ex r\u0259qsl\u0259rind\u0259 d\u0259 haz\u0131rl\u0131q i\u015fi g\u00f6r\u00fcbl\u0259r. Daha \u0259trafl\u0131 AZTV-nin s\u00fcjetind\u0259:<\/p>\n","protected":false},"author":2,"featured_media":663422,"comment_status":"closed","ping_status":"closed","sticky":false,"template":"","format":"standard","meta":{"om_disable_all_campaigns":false,"_monsterinsights_skip_tracking":false,"_monsterinsights_sitenote_active":false,"_monsterinsights_sitenote_note":"","_monsterinsights_sitenote_category":0},"categories":[1],"tags":[],"aioseo_notices":[],"gutentor_comment":0,"rttpg_featured_image_url":{"full":["https:\/\/arantv.az\/wp-content\/uploads\/2023\/12\/FotoJet-6.jpg",620,413,false],"landscape":["https:\/\/arantv.az\/wp-content\/uploads\/2023\/12\/FotoJet-6.jpg",620,413,false],"portraits":["https:\/\/arantv.az\/wp-content\/uploads\/2023\/12\/FotoJet-6.jpg",620,413,false],"thumbnail":["https:\/\/arantv.az\/wp-content\/uploads\/2023\/12\/FotoJet-6-500x280.jpg",500,280,true],"medium":["https:\/\/arantv.az\/wp-content\/uploads\/2023\/12\/FotoJet-6-548x365.jpg",548,365,true],"large":["https:\/\/arantv.az\/wp-content\/uploads\/2023\/12\/FotoJet-6.jpg",620,413,false],"1536x1536":["https:\/\/arantv.az\/wp-content\/uploads\/2023\/12\/FotoJet-6.jpg",620,413,false],"2048x2048":["https:\/\/arantv.az\/wp-content\/uploads\/2023\/12\/FotoJet-6.jpg",620,413,false],"post-thumbnail":["https:\/\/arantv.az\/wp-content\/uploads\/2023\/12\/FotoJet-6-240x172.jpg",240,172,true],"advps-thumb-one":["https:\/\/arantv.az\/wp-content\/uploads\/2023\/12\/FotoJet-6.jpg",620,413,false]},"rttpg_author":{"display_name":"V\u00fcsal Rafiqo\u011flu","author_link":"https:\/\/arantv.az\/?author=2"},"rttpg_comment":0,"rttpg_category":"<a href=\"https:\/\/arantv.az\/?cat=1\" rel=\"category\">C\u0259miyy\u0259t<\/a>","rttpg_excerpt":"\u00a0Az\u0259rbaycan Televiziyas\u0131nda Bak\u0131 Zabitl\u0259r Evind\u0259 f\u0259aliyy\u0259t g\u00f6st\u0259r\u0259n xoreoqrafiya d\u0259rn\u0259yinin \u0130kinci Respublika Festival\u0131nda i\u015ftirak\u0131 \u00fc\u00e7\u00fcn haz\u0131rl\u0131qlar\u0131 yenid\u0259n n\u00fcmayi\u015f olunub. \u201cQ\u0131z\u0131l Fond\u201dda saxlan\u0131lan s\u00fcjet Az\u0259rbaycan Televiziyas\u0131n\u0131n \u201cTeles\u0259h\u0259r\u201d musiqi-informasiya proqram\u0131nda yay\u0131mlan\u0131b. 1950-ci ill\u0259r aid s\u00fcjetd\u0259 bildirilib ki, xoreoqrafiya d\u0259rn\u0259yinin balaca \u00fczvl\u0259ri \u0130kinci Respublika Festival\u0131nda i\u015ftirak etm\u0259k \u201cKukla\u201d r\u0259qsini haz\u0131rlay\u0131blar. Yar\u0131\u015f\u0131n i\u015ftirak\u00e7\u0131lar\u0131 \u00c7in v\u0259 \u00c7ex r\u0259qsl\u0259rind\u0259 d\u0259 haz\u0131rl\u0131q i\u015fi&hellip;","_links":{"self":[{"href":"https:\/\/arantv.az\/index.php?rest_route=\/wp\/v2\/posts\/663421"}],"collection":[{"href":"https:\/\/arantv.az\/index.php?rest_route=\/wp\/v2\/posts"}],"about":[{"href":"https:\/\/arantv.az\/index.php?rest_route=\/wp\/v2\/types\/post"}],"author":[{"embeddable":true,"href":"https:\/\/arantv.az\/index.php?rest_route=\/wp\/v2\/users\/2"}],"replies":[{"embeddable":true,"href":"https:\/\/arantv.az\/index.php?rest_route=%2Fwp%2Fv2%2Fcomments&post=663421"}],"version-history":[{"count":0,"href":"https:\/\/arantv.az\/index.php?rest_route=\/wp\/v2\/posts\/663421\/revisions"}],"wp:featuredmedia":[{"embeddable":true,"href":"https:\/\/arantv.az\/index.php?rest_route=\/wp\/v2\/media\/663422"}],"wp:attachment":[{"href":"https:\/\/arantv.az\/index.php?rest_route=%2Fwp%2Fv2%2Fmedia&parent=663421"}],"wp:term":[{"taxonomy":"category","embeddable":true,"href":"https:\/\/arantv.az\/index.php?rest_route=%2Fwp%2Fv2%2Fcategories&post=663421"},{"taxonomy":"post_tag","embeddable":true,"href":"https:\/\/arantv.az\/index.php?rest_route=%2Fwp%2Fv2%2Ftags&post=663421"}],"curies":[{"name":"wp","href":"https:\/\/api.w.org\/{rel}","templated":true}]}}