{"id":663427,"date":"2023-12-01T09:41:51","date_gmt":"2023-12-01T05:41:51","guid":{"rendered":"https:\/\/arantv.az\/?p=663427"},"modified":"2023-12-01T09:41:51","modified_gmt":"2023-12-01T05:41:51","slug":"erm%c9%99nistanin-iddialari-alt-ust-oldu-q%c9%99rbi-az%c9%99rbaycana-qayidis-qacilmazdir-video","status":"publish","type":"post","link":"https:\/\/arantv.az\/?p=663427","title":{"rendered":"Erm\u0259nistan\u0131n iddialar\u0131 alt-\u00fcst oldu: Q\u0259rbi Az\u0259rbaycana qay\u0131d\u0131\u015f qa\u00e7\u0131lmazd\u0131r &#8211; V\u0130DEO"},"content":{"rendered":"<article class=\"news\">\n<div class=\"news-inner\">\n<p>Q\u0259rbi Az\u0259rbaycan Xronikas\u0131 layih\u0259si \u00e7\u0259r\u00e7iv\u0259sind\u0259 n\u00f6vb\u0259ti analitik s\u00fcjet haz\u0131rlan\u0131b.<\/p>\n<p>\u201cErm\u0259nistan pasportlar\u0131nda m\u00fc\u0259mmal\u0131 \u201c070\u201d kodu n\u0259yi bildirir?\u201d adl\u0131 s\u00fcjetd\u0259 r\u0259smi \u0130r\u0259van\u0131n az\u0259rbaycanl\u0131lar\u0131n Q\u0259rbi Az\u0259rbaycana qay\u0131d\u0131\u015f m\u0259s\u0259l\u0259sini g\u00fcnd\u0259md\u0259n \u00e7\u0131xarmaq \u00fc\u00e7\u00fcn dezinformasiya kampaniyas\u0131n\u0131 r\u0259smi s\u0259viyy\u0259d\u0259 davam etdirm\u0259sin\u0259,\u00a0bu kontekstd\u0259 Erm\u0259nistan\u0131n xarici i\u015fl\u0259r nazirinin m\u00fcavini Mnatsakan S\u0259f\u0259ryan\u0131n son a\u00e7\u0131qlamas\u0131na yer verilir.<\/p>\n<p>Bildirilir ki, r\u0259smi \u0130r\u0259van Q\u0259rbi az\u0259rbaycanl\u0131lar\u0131n qay\u0131d\u0131\u015f\u0131n\u0131 inkar edir, \u0259v\u0259zind\u0259 Qaraba\u011fdan \u00e7\u0131xan erm\u0259nil\u0259rin yenid\u0259n Az\u0259rbaycan \u0259razisin\u0259 k\u00f6\u00e7m\u0259si m\u0259s\u0259l\u0259sini \u00f6n plana \u00e7\u0131xarma\u011fa c\u0259hd g\u00f6st\u0259rir: \u201cErm\u0259nistan hakimiyy\u0259ti bu h\u0259d\u0259fl\u0259rin\u0259 nail olmaq m\u0259qs\u0259dil\u0259 \u201cfeyks-nyus\u201d siyas\u0259ti y\u00fcr\u00fcd\u00fcr, diplomatik v\u0259 h\u00fcquqi f\u0131r\u0131lda\u011fa \u0259l at\u0131r. \u201cAz\u0259rbaycanl\u0131lar\u0131n Q\u0259rbi Az\u0259rbaycana qay\u0131d\u0131\u015f\u0131 dan\u0131\u015f\u0131qlar m\u00f6vzusu deyil\u201d dey\u0259n r\u0259smi \u0130r\u0259van diplomatik f\u0131r\u0131ldaqla s\u00fclh dan\u0131\u015f\u0131qlar\u0131n\u0131n mahiyy\u0259tini t\u0259hrif etm\u0259y\u0259 c\u0259hd g\u00f6st\u0259rir\u201d.<\/p>\n<p>Qeyd olunur ki, erm\u0259nil\u0259ri Qaraba\u011fdan \u00e7\u0131xaran r\u0259smi \u0130r\u0259van onlar\u0131 qondarma \u201cqa\u00e7q\u0131n\u201d adland\u0131r\u0131r v\u0259 havadarlar\u0131n\u0131n d\u0259st\u0259yi il\u0259 bu m\u0259s\u0259l\u0259ni beyn\u0259lxalq m\u00fcst\u0259vid\u0259 \u201csaqq\u0131z kimi\u201d \u00e7eyn\u0259m\u0259kl\u0259 m\u0259\u015f\u011fuldur: \u201cBununla Az\u0259rbaycana t\u0259zyiq etm\u0259k v\u0259 Q\u0259rbi Az\u0259rbaycana qay\u0131d\u0131\u015f perspektivin\u0259 qar\u015f\u0131 \u201calternativ gedi\u015f\u201d haz\u0131rlamaq ist\u0259dikl\u0259ri ayd\u0131nd\u0131r. Bu m\u0259qs\u0259dl\u0259 beyn\u0259lxalq h\u00fcququ t\u0259hrif edir, h\u00fcquqi f\u0131r\u0131lda\u011fa \u0259l at\u0131r\u201d.<\/p>\n<p>Diqq\u0259t\u0259 \u00e7atd\u0131r\u0131l\u0131r ki, Qaraba\u011fdan Erm\u0259nistana qay\u0131dan erm\u0259nil\u0259rin \u201cqa\u00e7q\u0131n\u201d statusu da\u015f\u0131mas\u0131 beyn\u0259lxalq h\u00fcquqla m\u00fcmk\u00fcn deyil v\u0259 1951-ci ild\u0259 q\u0259bul edil\u0259n Cenevr\u0259 Konvensiyas\u0131nda qa\u00e7q\u0131n bel\u0259 t\u0259snif edilir: \u201c\u0130rqi, dini, milli m\u0259nsubiyy\u0259tin\u0259 g\u00f6r\u0259 t\u0259qib olunaca\u011f\u0131ndan qorxdu\u011fu \u00fc\u00e7\u00fcn \u00f6lk\u0259sin\u0259 qay\u0131da bilm\u0259y\u0259n, yaxud qay\u0131tmaq ist\u0259m\u0259y\u0259n \u015f\u0259xs\u201d. Bu konvensiya BMT s\u0259n\u0259dl\u0259rin\u0259 d\u0259 daxil edilib v\u0259 beyn\u0259lxalq h\u00fcquqda \u201cqa\u00e7q\u0131n statusu\u201d ala bil\u0259c\u0259k \u015f\u0259xsl\u0259r\u0259 aid edilir\u201d.<\/p>\n<p>S\u00fcjetd\u0259 \u201cQaraba\u011fdan \u00e7\u0131xan erm\u0259nil\u0259r t\u0259qib olunublarm\u0131, yaxud onlar \u00f6z \u00f6lk\u0259l\u0259rin\u0259 qay\u0131da bilmirl\u0259rmi\u201d sual\u0131 \u0259traf\u0131nda apar\u0131lan ara\u015fd\u0131rman\u0131n Erm\u0259nistan\u0131n \u201cQaraba\u011f qa\u00e7q\u0131nlar\u0131\u201d tezisini alt-\u00fcst etdiyi\u00a0 m\u0259lum olur v\u0259 dig\u0259r m\u0259s\u0259l\u0259l\u0259r\u0259 ayd\u0131nl\u0131q g\u0259tirilir.<\/p>\n<p>Xat\u0131rladaq ki, Q\u0259rbi Az\u0259rbaycan Xronikas\u0131 layih\u0259sinin m\u0259qs\u0259di tarixi q\u0259dim torpaqlar\u0131m\u0131z\u0131n ad\u0131n\u0131n ya\u015fad\u0131lmas\u0131, tan\u0131d\u0131lmas\u0131, h\u0259m\u00e7inin az\u0259rbaycanl\u0131lar\u0131n erm\u0259nil\u0259r t\u0259r\u0259find\u0259n deportasiyaya m\u0259ruz qoyulmas\u0131ndan, h\u0259min \u0259razil\u0259rd\u0259 m\u00f6vcud olmu\u015f, lakin ad\u0131 silin\u0259n toponiml\u0259rin, says\u0131z-hesabs\u0131z yeralt\u0131 v\u0259 yer\u00fcst\u00fc maddi m\u0259d\u0259niyy\u0259t n\u00fcmun\u0259l\u0259ri \u2013 q\u0259dim ya\u015fay\u0131\u015f m\u0259sk\u0259nl\u0259ri, nekropollar, kurqanlar, qala, saray v\u0259 istehkam qal\u0131qlar\u0131, karvansaralar, k\u00f6rp\u00fcl\u0259r, q\u0259bir\u00fcst\u00fc s\u0259nduq\u0259l\u0259r, xa\u00e7da\u015flar, at-qo\u00e7 heyk\u0259ll\u0259ri, m\u0259b\u0259d, kils\u0259, m\u0259scid, pir v\u0259 ocaqlar\u0131n \u00fcz\u0259 \u00e7\u0131xar\u0131lmas\u0131, h\u0259min \u0259razinin t\u0259miz o\u011fuz-t\u00fcrk m\u0259sk\u0259nl\u0259ri oldu\u011funu t\u0259sdiq ed\u0259n faktlar\u0131n d\u00fcnya ictimaiyy\u0259tin\u0259 \u00e7atd\u0131r\u0131lmas\u0131d\u0131r.<\/p>\n<p>H\u0259m\u00e7inin Prezident\u00a0<strong>\u0130lham \u018fliyevin<\/strong>\u00a0Q\u0259rbi Az\u0259rbaycanla ba\u011fl\u0131 dediyi \u201cXX \u0259srin \u0259vv\u0259ll\u0259rin\u0259 t\u0259sad\u00fcf ed\u0259n x\u0259rit\u0259 bir daha onu g\u00f6st\u0259rir ki, Q\u0259rbi Az\u0259rbaycan tarixi Az\u0259rbaycan diyar\u0131d\u0131r, \u015f\u0259h\u0259rl\u0259rin, k\u0259ndl\u0259rin adlar\u0131 Az\u0259rbaycan m\u0259n\u015f\u0259lidir v\u0259 biz yax\u015f\u0131 bilirik ki, indiki Erm\u0259nistan \u0259razisind\u0259 tarix boyu Az\u0259rbaycan xalq\u0131 ya\u015fay\u0131b. \u0130ndi \u0259sas v\u0259zif\u0259 ondan ibar\u0259tdir ki, d\u00fcnya ictimaiyy\u0259ti d\u0259 bunu bilsin\u201d, \u2013 fikrini \u0259sas tutaraq Q\u0259rbi Az\u0259rbaycan \u0130cmas\u0131n\u0131n haz\u0131rlad\u0131\u011f\u0131 Qay\u0131d\u0131\u015f Konsepsiyas\u0131nda ir\u0259li g\u0259l\u0259n v\u0259zif\u0259l\u0259rin t\u0259bli\u011fidir.<\/p>\n<p>Bundan \u0259lav\u0259, Q\u0259rbi Az\u0259rbaycanla ba\u011fl\u0131 tarix\u00e7il\u0259rin, ara\u015fd\u0131rma\u00e7\u0131lar\u0131n d\u00fc\u015f\u00fcnc\u0259l\u0259rini, deportasiyaya m\u0259ruz qalm\u0131\u015f \u015f\u0259xsl\u0259rin h\u0259yat hekay\u0259sini i\u015f\u0131qland\u0131rmaqd\u0131r.<\/p>\n<p>\u018ftrafl\u0131 Baku TV-nin s\u00fcjetind\u0259:<\/p>\n<div><iframe loading=\"lazy\" title=\"YouTube video player\" src=\"https:\/\/www.youtube.com\/embed\/z_DS42YfDwk?si=hkzCu4HNHzFTaPJt\" width=\"560\" height=\"315\" frameborder=\"0\" allowfullscreen=\"allowfullscreen\" data-mce-fragment=\"1\"><\/iframe><\/div>\n<\/div>\n<\/article>\n","protected":false},"excerpt":{"rendered":"<p>Q\u0259rbi Az\u0259rbaycan Xronikas\u0131 layih\u0259si \u00e7\u0259r\u00e7iv\u0259sind\u0259 n\u00f6vb\u0259ti analitik s\u00fcjet haz\u0131rlan\u0131b. \u201cErm\u0259nistan pasportlar\u0131nda m\u00fc\u0259mmal\u0131 \u201c070\u201d kodu n\u0259yi bildirir?\u201d adl\u0131 s\u00fcjetd\u0259 r\u0259smi \u0130r\u0259van\u0131n az\u0259rbaycanl\u0131lar\u0131n Q\u0259rbi Az\u0259rbaycana qay\u0131d\u0131\u015f m\u0259s\u0259l\u0259sini g\u00fcnd\u0259md\u0259n \u00e7\u0131xarmaq \u00fc\u00e7\u00fcn dezinformasiya kampaniyas\u0131n\u0131 r\u0259smi s\u0259viyy\u0259d\u0259 davam etdirm\u0259sin\u0259,\u00a0bu kontekstd\u0259 Erm\u0259nistan\u0131n xarici i\u015fl\u0259r nazirinin m\u00fcavini Mnatsakan S\u0259f\u0259ryan\u0131n son a\u00e7\u0131qlamas\u0131na yer verilir. Bildirilir ki, r\u0259smi \u0130r\u0259van Q\u0259rbi az\u0259rbaycanl\u0131lar\u0131n qay\u0131d\u0131\u015f\u0131n\u0131 inkar edir, \u0259v\u0259zind\u0259 Qaraba\u011fdan \u00e7\u0131xan erm\u0259nil\u0259rin yenid\u0259n Az\u0259rbaycan \u0259razisin\u0259 k\u00f6\u00e7m\u0259si m\u0259s\u0259l\u0259sini \u00f6n plana \u00e7\u0131xarma\u011fa c\u0259hd g\u00f6st\u0259rir: \u201cErm\u0259nistan hakimiyy\u0259ti bu h\u0259d\u0259fl\u0259rin\u0259 nail olmaq m\u0259qs\u0259dil\u0259 \u201cfeyks-nyus\u201d siyas\u0259ti y\u00fcr\u00fcd\u00fcr, diplomatik v\u0259 h\u00fcquqi f\u0131r\u0131lda\u011fa \u0259l at\u0131r. \u201cAz\u0259rbaycanl\u0131lar\u0131n Q\u0259rbi Az\u0259rbaycana qay\u0131d\u0131\u015f\u0131 dan\u0131\u015f\u0131qlar&hellip;<\/p>\n","protected":false},"author":2,"featured_media":663428,"comment_status":"closed","ping_status":"closed","sticky":false,"template":"","format":"standard","meta":{"om_disable_all_campaigns":false,"_monsterinsights_skip_tracking":false,"_monsterinsights_sitenote_active":false,"_monsterinsights_sitenote_note":"","_monsterinsights_sitenote_category":0},"categories":[4],"tags":[],"aioseo_notices":[],"gutentor_comment":0,"rttpg_featured_image_url":{"full":["https:\/\/arantv.az\/wp-content\/uploads\/2023\/12\/377277013_667667852182325_7812787171440774330_n.jpg",620,413,false],"landscape":["https:\/\/arantv.az\/wp-content\/uploads\/2023\/12\/377277013_667667852182325_7812787171440774330_n.jpg",620,413,false],"portraits":["https:\/\/arantv.az\/wp-content\/uploads\/2023\/12\/377277013_667667852182325_7812787171440774330_n.jpg",620,413,false],"thumbnail":["https:\/\/arantv.az\/wp-content\/uploads\/2023\/12\/377277013_667667852182325_7812787171440774330_n-500x280.jpg",500,280,true],"medium":["https:\/\/arantv.az\/wp-content\/uploads\/2023\/12\/377277013_667667852182325_7812787171440774330_n-548x365.jpg",548,365,true],"large":["https:\/\/arantv.az\/wp-content\/uploads\/2023\/12\/377277013_667667852182325_7812787171440774330_n.jpg",620,413,false],"1536x1536":["https:\/\/arantv.az\/wp-content\/uploads\/2023\/12\/377277013_667667852182325_7812787171440774330_n.jpg",620,413,false],"2048x2048":["https:\/\/arantv.az\/wp-content\/uploads\/2023\/12\/377277013_667667852182325_7812787171440774330_n.jpg",620,413,false],"post-thumbnail":["https:\/\/arantv.az\/wp-content\/uploads\/2023\/12\/377277013_667667852182325_7812787171440774330_n-240x172.jpg",240,172,true],"advps-thumb-one":["https:\/\/arantv.az\/wp-content\/uploads\/2023\/12\/377277013_667667852182325_7812787171440774330_n.jpg",620,413,false]},"rttpg_author":{"display_name":"V\u00fcsal Rafiqo\u011flu","author_link":"https:\/\/arantv.az\/?author=2"},"rttpg_comment":0,"rttpg_category":"<a href=\"https:\/\/arantv.az\/?cat=4\" rel=\"category\">Siyas\u0259t<\/a>","rttpg_excerpt":"Q\u0259rbi Az\u0259rbaycan Xronikas\u0131 layih\u0259si \u00e7\u0259r\u00e7iv\u0259sind\u0259 n\u00f6vb\u0259ti analitik s\u00fcjet haz\u0131rlan\u0131b. \u201cErm\u0259nistan pasportlar\u0131nda m\u00fc\u0259mmal\u0131 \u201c070\u201d kodu n\u0259yi bildirir?\u201d adl\u0131 s\u00fcjetd\u0259 r\u0259smi \u0130r\u0259van\u0131n az\u0259rbaycanl\u0131lar\u0131n Q\u0259rbi Az\u0259rbaycana qay\u0131d\u0131\u015f m\u0259s\u0259l\u0259sini g\u00fcnd\u0259md\u0259n \u00e7\u0131xarmaq \u00fc\u00e7\u00fcn dezinformasiya kampaniyas\u0131n\u0131 r\u0259smi s\u0259viyy\u0259d\u0259 davam etdirm\u0259sin\u0259,\u00a0bu kontekstd\u0259 Erm\u0259nistan\u0131n xarici i\u015fl\u0259r nazirinin m\u00fcavini Mnatsakan S\u0259f\u0259ryan\u0131n son a\u00e7\u0131qlamas\u0131na yer verilir. Bildirilir ki, r\u0259smi \u0130r\u0259van Q\u0259rbi az\u0259rbaycanl\u0131lar\u0131n qay\u0131d\u0131\u015f\u0131n\u0131 inkar edir,&hellip;","_links":{"self":[{"href":"https:\/\/arantv.az\/index.php?rest_route=\/wp\/v2\/posts\/663427"}],"collection":[{"href":"https:\/\/arantv.az\/index.php?rest_route=\/wp\/v2\/posts"}],"about":[{"href":"https:\/\/arantv.az\/index.php?rest_route=\/wp\/v2\/types\/post"}],"author":[{"embeddable":true,"href":"https:\/\/arantv.az\/index.php?rest_route=\/wp\/v2\/users\/2"}],"replies":[{"embeddable":true,"href":"https:\/\/arantv.az\/index.php?rest_route=%2Fwp%2Fv2%2Fcomments&post=663427"}],"version-history":[{"count":0,"href":"https:\/\/arantv.az\/index.php?rest_route=\/wp\/v2\/posts\/663427\/revisions"}],"wp:featuredmedia":[{"embeddable":true,"href":"https:\/\/arantv.az\/index.php?rest_route=\/wp\/v2\/media\/663428"}],"wp:attachment":[{"href":"https:\/\/arantv.az\/index.php?rest_route=%2Fwp%2Fv2%2Fmedia&parent=663427"}],"wp:term":[{"taxonomy":"category","embeddable":true,"href":"https:\/\/arantv.az\/index.php?rest_route=%2Fwp%2Fv2%2Fcategories&post=663427"},{"taxonomy":"post_tag","embeddable":true,"href":"https:\/\/arantv.az\/index.php?rest_route=%2Fwp%2Fv2%2Ftags&post=663427"}],"curies":[{"name":"wp","href":"https:\/\/api.w.org\/{rel}","templated":true}]}}