{"id":663435,"date":"2023-12-01T10:02:59","date_gmt":"2023-12-01T06:02:59","guid":{"rendered":"https:\/\/arantv.az\/?p=663435"},"modified":"2023-12-01T10:02:59","modified_gmt":"2023-12-01T06:02:59","slug":"bmt-nin-nufuzlu-umumdunya-s%c9%99h%c9%99rl%c9%99r-forumu-az%c9%99rbaycanda-keciril%c9%99c%c9%99k","status":"publish","type":"post","link":"https:\/\/arantv.az\/?p=663435","title":{"rendered":"BMT-nin n\u00fcfuzlu \u00dcmumd\u00fcnya \u015f\u0259h\u0259rl\u0259r Forumu Az\u0259rbaycanda ke\u00e7iril\u0259c\u0259k"},"content":{"rendered":"<p>44 g\u00fcnl\u00fck 2020-ci il V\u0259t\u0259n m\u00fcharib\u0259sind\u0259ki q\u0259l\u0259b\u0259 xalq\u0131m\u0131z \u00fc\u00e7\u00fcn t\u0259kc\u0259 Qaraba\u011f\u0131n v\u0259 \u015e\u0259rqi Z\u0259ng\u0259zurun azad edilm\u0259si il\u0259 ba\u011fl\u0131 sevinc v\u0259 q\u00fcrur hissi deyil, h\u0259m d\u0259 Erm\u0259nistan t\u0259r\u0259find\u0259n h\u0259yata ke\u00e7iril\u0259n \u015f\u0259h\u0259r v\u0259 k\u0259ndl\u0259rimizin f\u0259lak\u0259tli da\u011f\u0131nt\u0131lar\u0131n\u0131n miqyas\u0131ndan \u015foka d\u00fc\u015fd\u00fc. Azad edilmi\u015f Qaraba\u011fa s\u0259f\u0259r ed\u0259n beyn\u0259lxalq ekspertl\u0259r g\u00f6rd\u00fckl\u0259ri m\u0259nz\u0259r\u0259d\u0259n \u015foka d\u00fc\u015f\u0259r\u0259k ba\u015f ver\u0259nl\u0259ri &#8220;urbisid&#8221; termini adland\u0131r\u0131blar ki, bunun da<\/p>\n<p>Erm\u0259nistan\u0131n Az\u0259rbaycanl\u0131lar\u0131n Qaraba\u011fda qalmas\u0131n\u0131n b\u00fct\u00fcn izl\u0259rini, o c\u00fcml\u0259d\u0259n b\u00fct\u00fcn \u015f\u0259h\u0259rl\u0259rin m\u0259hv edilm\u0259sini silm\u0259y\u0259 \u00e7al\u0131\u015fd\u0131\u011f\u0131 manik sistemliliyi tam \u0259ks etdirm\u0259si m\u00fcmk\u00fcn deyil.<\/p>\n<p><a href=\"https:\/\/report.az\/xarici-siyaset\/bmt-nin-nufuzlu-umumdunya-seherler-forumu-azerbaycanda-kecirilecek\/\" target=\"_blank\" rel=\"noopener\">&#8220;Report&#8221;<\/a>\u00a0x\u0259b\u0259r verir ki, haz\u0131rda Az\u0259rbaycan\u0131n postm\u00fcharib\u0259 inki\u015faf\u0131n\u0131n strateji istiqam\u0259ti &#8220;B\u00f6y\u00fck Qay\u0131d\u0131\u015f&#8221; proqram\u0131d\u0131r v\u0259 i\u015f\u011faldan azad edilmi\u015f \u0259razil\u0259rin b\u0259rpas\u0131 \u00fczr\u0259 d\u0259rind\u0259n d\u00fc\u015f\u00fcn\u00fclm\u00fc\u015f i\u015f olmadan h\u0259yata ke\u00e7irilm\u0259si m\u00fcmk\u00fcn deyil \u2013 \u00f6z\u00fc d\u0259 t\u0259kc\u0259 s\u0131f\u0131rdan yox, h\u0259tta&#8221;-1 &#8220;-d\u0259n.<\/p>\n<p>Bu \u00e7\u0259tin \u015f\u0259raitd\u0259 Az\u0259rbaycan minl\u0259rl\u0259 kvadrat kilometr \u0259razinin yenid\u0259n qurulmas\u0131 kimi geni\u015fmiqyasl\u0131 v\u0259zif\u0259 il\u0259 praktiki olaraq t\u0259kba\u015f\u0131na qald\u0131\u011f\u0131 bir vaxtda Prezident \u0130lham \u018fliyev BMT-nin m\u00fcvafiq qurumu il\u0259 qar\u015f\u0131l\u0131ql\u0131 \u0259laq\u0259l\u0259rin g\u00fccl\u0259ndirilm\u0259si kursunu m\u00fc\u0259yy\u0259n etdi: Birl\u0259\u015fmi\u015f Mill\u0259tl\u0259r T\u0259\u015fkilat\u0131n\u0131n \u0130nsan M\u0259sk\u0259nl\u0259ri Proqram\u0131 (BMT -Habitat). Bak\u0131 v\u0259 UN-Habitat haqq\u0131nda h\u0259qiq\u0259t\u0259n d\u0259 m\u00fczakir\u0259 edil\u0259c\u0259k bir \u015fey var idi: d\u00fcnyan\u0131n he\u00e7 bir yerind\u0259 \u00f6lk\u0259mizd\u0259ki q\u0259d\u0259r geni\u015fmiqyasl\u0131 b\u0259rpa i\u015fl\u0259ri apar\u0131lm\u0131r.<\/p>\n<p>2022-ci ilin iyun ay\u0131nda BMT-nin M\u0259skunla\u015fma Proqram\u0131n\u0131n (UN-Habitat) icra\u00e7\u0131 direktoru Maimunah Mohd \u015e\u0259rif i\u015f\u011faldan azad edilmi\u015f \u0259razil\u0259ri ziyar\u0259t ed\u0259n BMT Agentliyinin ilk r\u0259hb\u0259ri oldu. O, erm\u0259nil\u0259rin da\u011f\u0131td\u0131\u011f\u0131 Az\u0259rbaycan \u015f\u0259h\u0259r v\u0259 k\u0259ndl\u0259rini yenid\u0259n yaratmaq \u00fc\u00e7\u00fcn resurs t\u0259l\u0259b ed\u0259n v\u0259 son d\u0259r\u0259c\u0259 m\u00fcr\u0259kk\u0259b v\u0259zif\u0259nin miqyas\u0131 il\u0259 \u015f\u0259xs\u0259n yerind\u0259c\u0259 tan\u0131\u015f ola bilib.<\/p>\n<p>Az\u0259rbaycan il\u0259 UN-Habitat aras\u0131nda \u0259laq\u0259l\u0259r intensivl\u0259\u015fdikc\u0259, \u00f6lk\u0259mizin r\u0259hb\u0259rliyi 2026-c\u0131 ild\u0259 \u00dcmumd\u00fcnya \u015e\u0259h\u0259r Forumuna (WUF13) ev sahibliyi etm\u0259k \u00fc\u00e7\u00fcn \u00f6lk\u0259mizin Bak\u0131 \u015f\u0259h\u0259rinin namiz\u0259dliyini ir\u0259li s\u00fcrm\u0259sin\u0259 q\u0259rar verdi. Aray\u0131\u015f: BMT-nin 2001-ci ild\u0259 q\u0259bul edilmi\u015f m\u00fcvafiq q\u0259tnam\u0259sin\u0259 \u0259sas\u0259n, bu Forum iki ild\u0259n bir d\u00fcnyan\u0131n \u015f\u0259h\u0259rsalma sah\u0259sind\u0259 \u0259n n\u00fcfuzlu v\u0259 geni\u015fmiqyasl\u0131 i\u015ftirakl\u0131 \u015f\u0259h\u0259rl\u0259rind\u0259n birind\u0259 ke\u00e7irilir. Y\u0259ni, s\u00f6hb\u0259t urbanizasiya v\u0259 \u015f\u0259h\u0259r inki\u015faf\u0131n\u0131n \u00f6yr\u0259nilm\u0259si \u00fc\u00e7\u00fcn \u0259n b\u00f6y\u00fck platformadan gedir.<\/p>\n<p>Bel\u0259likl\u0259, bel\u0259 bir \u015f\u0259r\u0259fli t\u0259dbir\u0259 ev sahibliyi etm\u0259k h\u00fcququ u\u011frunda m\u00fcbariz\u0259d\u0259 d\u00fcnyan\u0131n qabaqc\u0131l \u00f6lk\u0259l\u0259rind\u0259n ondan \u00e7ox \u015f\u0259h\u0259rin toqqu\u015fmas\u0131 t\u0259\u0259cc\u00fcbl\u00fc deyil. Prezidentin qar\u015f\u0131ya qoydu\u011fu m\u0259qs\u0259d &#8211; WUF13-\u0259 ev sahibliyi etm\u0259k h\u00fcququ u\u011frunda yar\u0131\u015fda qalib g\u0259lm\u0259k asan m\u0259s\u0259l\u0259 deyildi. Amma Az\u0259rbaycan d\u00f6vl\u0259ti bir daha s\u00fcbut etdi ki, o, qar\u015f\u0131s\u0131na qoydu\u011fu m\u0259qs\u0259dl\u0259r\u0259, h\u0259tta \u0259n iddial\u0131lar\u0131na bel\u0259 nail ola bil\u0259r.<\/p>\n<p>Bel\u0259 ki, bu g\u00fcn Keniyada ke\u00e7iril\u0259n BMT-Habitat-\u0131n \u0130craiyy\u0259 \u015euras\u0131n\u0131n 3-c\u00fc sessiyas\u0131nda 13-c\u00fc \u00dcmumd\u00fcnya \u015e\u0259h\u0259r Forumunun (WUF13) 2026-c\u0131 ild\u0259 Bak\u0131da ke\u00e7iril\u0259c\u0259yi a\u00e7\u0131qlan\u0131b. \u00dcst\u0259lik, diplomatik dair\u0259l\u0259rd\u0259n \u0259ld\u0259 etdiyimiz m\u0259lumata g\u00f6r\u0259, Fransa ba\u015fda olmaqla bir s\u0131ra Q\u0259rb d\u00f6vl\u0259tl\u0259ri Az\u0259rbaycan\u0131n namiz\u0259dliyin\u0259 qar\u015f\u0131 g\u00fccl\u00fc \u0259ks-kampaniyaya ba\u015flay\u0131blar. B\u00fct\u00fcn beyn\u0259lxalq m\u0259kanlarda bizi z\u0259hl\u0259t\u00f6k\u0259n a\u011fcaqanad kimi m\u00fc\u015fayi\u0259t ed\u0259n \u0259n\u0259n\u0259vi frans\u0131z \u00e7irkli hiyl\u0259l\u0259rind\u0259n hara getm\u0259k olar? Sonda Paris \u201cAz\u0259rbaycandan ba\u015fqa h\u0259r k\u0259sin\u201d qalib g\u0259l\u0259c\u0259yini t\u0259min etm\u0259y\u0259 \u00e7al\u0131\u015fd\u0131, lakin WUF13 \u00fc\u00e7\u00fcn Bak\u0131 m\u00fcraci\u0259tinin d\u0259rin s\u0259viyy\u0259d\u0259 haz\u0131rlanmas\u0131 v\u0259 \u00f6lk\u0259mizin t\u0259r\u0259fda\u015flarla apard\u0131\u011f\u0131 i\u015f frans\u0131zlar\u0131n bu israrl\u0131 c\u0259hdl\u0259rini \u201cyox\u201d s\u0259viyy\u0259sin\u0259 endirdi.<\/p>\n<p>\u018fminlikl\u0259 dem\u0259k olar ki, Bak\u0131da ke\u00e7iril\u0259c\u0259k \u00dcmumd\u00fcnya \u015e\u0259h\u0259r Forumu C\u0259nubi Qafqazda \u0259n b\u00f6y\u00fck t\u0259dbirl\u0259rd\u0259n birin\u0259 \u00e7evril\u0259c\u0259k. T\u0259dbir \u00e7\u0259r\u00e7iv\u0259sind\u0259 h\u0259m Az\u0259rbaycandan, h\u0259m d\u0259 xarici \u00f6lk\u0259l\u0259rd\u0259n maraql\u0131 t\u0259r\u0259fl\u0259r &#8211; d\u00f6vl\u0259t r\u0259smil\u0259ri, QHT-l\u0259r, bu sah\u0259d\u0259 \u00e7al\u0131\u015fan m\u00fct\u0259x\u0259ssis v\u0259 ekspertl\u0259r, \u00f6z\u0259l sektorun n\u00fcmay\u0259nd\u0259l\u0259ri bir araya g\u0259l\u0259c\u0259k, fikir m\u00fcbadil\u0259si aparacaq, yeni bilik v\u0259 t\u0259cr\u00fcb\u0259 m\u00fcbadil\u0259si imkan\u0131 \u0259ld\u0259 ed\u0259c\u0259kl\u0259r. \u018fminik ki, 2026-c\u0131 ild\u0259 Az\u0259rbaycan \u00f6z nailiyy\u0259tl\u0259ri il\u0259 xarici qonaqlar\u0131 heyran ed\u0259 bil\u0259c\u0259k &#8211; ax\u0131 o vaxta q\u0259d\u0259r 140 min\u0259 yax\u0131n v\u0259t\u0259nda\u015f\u0131n Qaraba\u011fa v\u0259 \u015e\u0259rqi Z\u0259ng\u0259zura qaytar\u0131lmas\u0131 planla\u015fd\u0131r\u0131l\u0131r.<\/p>\n<p>Qeyd ed\u0259k ki, \u00f6t\u0259n il Pol\u015fan\u0131n Katovitse \u015f\u0259h\u0259rind\u0259 17 min insan\u0131n i\u015ftirak\u0131 il\u0259 \u201c\u015e\u0259h\u0259rl\u0259rimizi daha yax\u015f\u0131 g\u0259l\u0259c\u0259k \u00fc\u00e7\u00fcn d\u0259yi\u015fdiririk\u201d m\u00f6vzusunda \u00dcmumd\u00fcnya \u015e\u0259h\u0259r Forumu (WUF11) ke\u00e7irilib. Forum \u0259vv\u0259ll\u0259r m\u00fcxt\u0259lif ill\u0259rd\u0259 Barselona, \u200b\u200bRio-de-Janeyro, Vankuver, \u018fbu-Dabi, Kuala-Lumpur v\u0259 bir s\u0131ra dig\u0259r \u015f\u0259h\u0259rl\u0259rd\u0259 t\u0259\u015fkil edilib v\u0259 bir t\u0259dbir\u0259 23 min\u0259 q\u0259d\u0259r i\u015ftirak\u00e7\u0131 c\u0259lb edilib. N\u00f6vb\u0259ti Forum (WUF12) 4-8 noyabr 2024-c\u00fc il tarixl\u0259rind\u0259 Misirin paytaxt\u0131 Qahir\u0259d\u0259 ke\u00e7iril\u0259c\u0259k.<\/p>\n<p>Xat\u0131rladaq ki, D\u00fcnya \u015e\u0259h\u0259r Forumu a\u015fa\u011f\u0131dak\u0131 m\u0259qs\u0259dl\u0259r\u0259 xidm\u0259t edir:<\/p>\n<p>&#8211; maraql\u0131 t\u0259r\u0259fl\u0259r v\u0259 qruplar, o c\u00fcml\u0259d\u0259n geni\u015f ictimaiyy\u0259t aras\u0131nda davaml\u0131 urbanizasiya haqq\u0131nda m\u0259lumatl\u0131l\u0131\u011f\u0131n art\u0131r\u0131lmas\u0131;<\/p>\n<p>&#8211; b\u00fct\u00fcn maraql\u0131 t\u0259r\u0259fl\u0259rin i\u015ftirak\u0131 il\u0259 a\u00e7\u0131q m\u00fczakir\u0259l\u0259r ke\u00e7irm\u0259k, \u00f6yr\u0259nilmi\u015f bilikl\u0259ri, \u0259n yax\u015f\u0131 t\u0259cr\u00fcb\u0259l\u0259ri v\u0259 \u0259n yax\u015f\u0131 strategiyalar\u0131 b\u00f6l\u00fc\u015fm\u0259kl\u0259 davaml\u0131 \u015f\u0259h\u0259r inki\u015faf\u0131 haqq\u0131nda kollektiv bilikl\u0259ri t\u0259kmill\u0259\u015fdirm\u0259k;<\/p>\n<p>&#8211; davaml\u0131 urbanizasiyan\u0131n t\u0259\u015fviqi v\u0259 h\u0259yata ke\u00e7irilm\u0259si m\u0259qs\u0259dil\u0259 m\u00fcxt\u0259lif maraql\u0131 t\u0259r\u0259fl\u0259r v\u0259 \u0259hali qruplar\u0131 aras\u0131nda koordinasiya v\u0259 \u0259m\u0259kda\u015fl\u0131\u011f\u0131 g\u00fccl\u0259ndirm\u0259k;<\/p>\n<p>&#8211; \u00c7oxt\u0259r\u0259fli t\u0259\u015fkilatlar\u0131n v\u0259 maraql\u0131 t\u0259r\u0259fl\u0259rin Yeni \u015e\u0259h\u0259r G\u00fcnd\u0259liyinin h\u0259yata ke\u00e7irilm\u0259sin\u0259 dair hesabata daxil edilm\u0259si \u00fc\u00e7\u00fcn platforma.<\/p>\n<p>Bu m\u00fch\u00fcm t\u0259dbirin 2026-c\u0131 ild\u0259 Bak\u0131da ke\u00e7irilm\u0259si \u015f\u0259h\u0259rsalma sah\u0259sind\u0259 d\u0259rin islahatlar, \u00f6lk\u0259d\u0259 u\u011furla h\u0259yata ke\u00e7iril\u0259n irimiqyasl\u0131 layih\u0259l\u0259r, el\u0259c\u0259 d\u0259 Az\u0259rbaycan\u0131n bu sah\u0259d\u0259 qlobal g\u00fcnd\u0259liy\u0259 verdiyi t\u00f6hf\u0259l\u0259r say\u0259sind\u0259 \u0259ld\u0259 edilmi\u015f beyn\u0259lxalq n\u00fcfuzun \u0259n y\u00fcks\u0259k s\u0259viyy\u0259sinin daha bir parlaq n\u00fcmun\u0259sidir.<\/p>\n","protected":false},"excerpt":{"rendered":"<p>44 g\u00fcnl\u00fck 2020-ci il V\u0259t\u0259n m\u00fcharib\u0259sind\u0259ki q\u0259l\u0259b\u0259 xalq\u0131m\u0131z \u00fc\u00e7\u00fcn t\u0259kc\u0259 Qaraba\u011f\u0131n v\u0259 \u015e\u0259rqi Z\u0259ng\u0259zurun azad edilm\u0259si il\u0259 ba\u011fl\u0131 sevinc v\u0259 q\u00fcrur hissi deyil, h\u0259m d\u0259 Erm\u0259nistan t\u0259r\u0259find\u0259n h\u0259yata ke\u00e7iril\u0259n \u015f\u0259h\u0259r v\u0259 k\u0259ndl\u0259rimizin f\u0259lak\u0259tli da\u011f\u0131nt\u0131lar\u0131n\u0131n miqyas\u0131ndan \u015foka d\u00fc\u015fd\u00fc. Azad edilmi\u015f Qaraba\u011fa s\u0259f\u0259r ed\u0259n beyn\u0259lxalq ekspertl\u0259r g\u00f6rd\u00fckl\u0259ri m\u0259nz\u0259r\u0259d\u0259n \u015foka d\u00fc\u015f\u0259r\u0259k ba\u015f ver\u0259nl\u0259ri &#8220;urbisid&#8221; termini adland\u0131r\u0131blar ki, bunun da Erm\u0259nistan\u0131n Az\u0259rbaycanl\u0131lar\u0131n Qaraba\u011fda qalmas\u0131n\u0131n b\u00fct\u00fcn izl\u0259rini, o c\u00fcml\u0259d\u0259n b\u00fct\u00fcn \u015f\u0259h\u0259rl\u0259rin m\u0259hv edilm\u0259sini silm\u0259y\u0259 \u00e7al\u0131\u015fd\u0131\u011f\u0131 manik sistemliliyi tam \u0259ks etdirm\u0259si m\u00fcmk\u00fcn deyil. &#8220;Report&#8221;\u00a0x\u0259b\u0259r verir ki, haz\u0131rda Az\u0259rbaycan\u0131n postm\u00fcharib\u0259 inki\u015faf\u0131n\u0131n strateji istiqam\u0259ti &#8220;B\u00f6y\u00fck Qay\u0131d\u0131\u015f&#8221; proqram\u0131d\u0131r v\u0259&hellip;<\/p>\n","protected":false},"author":2,"featured_media":663436,"comment_status":"closed","ping_status":"closed","sticky":false,"template":"","format":"standard","meta":{"om_disable_all_campaigns":false,"_monsterinsights_skip_tracking":false,"_monsterinsights_sitenote_active":false,"_monsterinsights_sitenote_note":"","_monsterinsights_sitenote_category":0},"categories":[19],"tags":[],"aioseo_notices":[],"gutentor_comment":0,"rttpg_featured_image_url":{"full":["https:\/\/arantv.az\/wp-content\/uploads\/2023\/12\/133a08bad48bdcb84b3ce23917a38d5f.jpg",850,500,false],"landscape":["https:\/\/arantv.az\/wp-content\/uploads\/2023\/12\/133a08bad48bdcb84b3ce23917a38d5f.jpg",850,500,false],"portraits":["https:\/\/arantv.az\/wp-content\/uploads\/2023\/12\/133a08bad48bdcb84b3ce23917a38d5f.jpg",850,500,false],"thumbnail":["https:\/\/arantv.az\/wp-content\/uploads\/2023\/12\/133a08bad48bdcb84b3ce23917a38d5f-500x280.jpg",500,280,true],"medium":["https:\/\/arantv.az\/wp-content\/uploads\/2023\/12\/133a08bad48bdcb84b3ce23917a38d5f-621x365.jpg",621,365,true],"large":["https:\/\/arantv.az\/wp-content\/uploads\/2023\/12\/133a08bad48bdcb84b3ce23917a38d5f-840x494.jpg",640,376,true],"1536x1536":["https:\/\/arantv.az\/wp-content\/uploads\/2023\/12\/133a08bad48bdcb84b3ce23917a38d5f.jpg",850,500,false],"2048x2048":["https:\/\/arantv.az\/wp-content\/uploads\/2023\/12\/133a08bad48bdcb84b3ce23917a38d5f.jpg",850,500,false],"post-thumbnail":["https:\/\/arantv.az\/wp-content\/uploads\/2023\/12\/133a08bad48bdcb84b3ce23917a38d5f-240x172.jpg",240,172,true],"advps-thumb-one":["https:\/\/arantv.az\/wp-content\/uploads\/2023\/12\/133a08bad48bdcb84b3ce23917a38d5f.jpg",850,500,false]},"rttpg_author":{"display_name":"V\u00fcsal Rafiqo\u011flu","author_link":"https:\/\/arantv.az\/?author=2"},"rttpg_comment":0,"rttpg_category":"<a href=\"https:\/\/arantv.az\/?cat=19\" rel=\"category\">G\u00fcnd\u0259m<\/a>","rttpg_excerpt":"44 g\u00fcnl\u00fck 2020-ci il V\u0259t\u0259n m\u00fcharib\u0259sind\u0259ki q\u0259l\u0259b\u0259 xalq\u0131m\u0131z \u00fc\u00e7\u00fcn t\u0259kc\u0259 Qaraba\u011f\u0131n v\u0259 \u015e\u0259rqi Z\u0259ng\u0259zurun azad edilm\u0259si il\u0259 ba\u011fl\u0131 sevinc v\u0259 q\u00fcrur hissi deyil, h\u0259m d\u0259 Erm\u0259nistan t\u0259r\u0259find\u0259n h\u0259yata ke\u00e7iril\u0259n \u015f\u0259h\u0259r v\u0259 k\u0259ndl\u0259rimizin f\u0259lak\u0259tli da\u011f\u0131nt\u0131lar\u0131n\u0131n miqyas\u0131ndan \u015foka d\u00fc\u015fd\u00fc. Azad edilmi\u015f Qaraba\u011fa s\u0259f\u0259r ed\u0259n beyn\u0259lxalq ekspertl\u0259r g\u00f6rd\u00fckl\u0259ri m\u0259nz\u0259r\u0259d\u0259n \u015foka d\u00fc\u015f\u0259r\u0259k ba\u015f ver\u0259nl\u0259ri &#8220;urbisid&#8221; termini adland\u0131r\u0131blar ki, bunun&hellip;","_links":{"self":[{"href":"https:\/\/arantv.az\/index.php?rest_route=\/wp\/v2\/posts\/663435"}],"collection":[{"href":"https:\/\/arantv.az\/index.php?rest_route=\/wp\/v2\/posts"}],"about":[{"href":"https:\/\/arantv.az\/index.php?rest_route=\/wp\/v2\/types\/post"}],"author":[{"embeddable":true,"href":"https:\/\/arantv.az\/index.php?rest_route=\/wp\/v2\/users\/2"}],"replies":[{"embeddable":true,"href":"https:\/\/arantv.az\/index.php?rest_route=%2Fwp%2Fv2%2Fcomments&post=663435"}],"version-history":[{"count":0,"href":"https:\/\/arantv.az\/index.php?rest_route=\/wp\/v2\/posts\/663435\/revisions"}],"wp:featuredmedia":[{"embeddable":true,"href":"https:\/\/arantv.az\/index.php?rest_route=\/wp\/v2\/media\/663436"}],"wp:attachment":[{"href":"https:\/\/arantv.az\/index.php?rest_route=%2Fwp%2Fv2%2Fmedia&parent=663435"}],"wp:term":[{"taxonomy":"category","embeddable":true,"href":"https:\/\/arantv.az\/index.php?rest_route=%2Fwp%2Fv2%2Fcategories&post=663435"},{"taxonomy":"post_tag","embeddable":true,"href":"https:\/\/arantv.az\/index.php?rest_route=%2Fwp%2Fv2%2Ftags&post=663435"}],"curies":[{"name":"wp","href":"https:\/\/api.w.org\/{rel}","templated":true}]}}