{"id":663438,"date":"2023-12-01T10:03:39","date_gmt":"2023-12-01T06:03:39","guid":{"rendered":"https:\/\/arantv.az\/?p=663438"},"modified":"2023-12-01T10:03:39","modified_gmt":"2023-12-01T06:03:39","slug":"az%c9%99rbaycanlilarla-erm%c9%99nil%c9%99rin-birg%c9%99-yasayisi","status":"publish","type":"post","link":"https:\/\/arantv.az\/?p=663438","title":{"rendered":"Az\u0259rbaycanl\u0131larla erm\u0259nil\u0259rin birg\u0259 ya\u015fay\u0131\u015f\u0131&#8230;"},"content":{"rendered":"<h3><strong>Ekspert: \u201cErm\u0259nistanla s\u00fclh m\u00fcqavil\u0259si imzalan\u0131b s\u0259rh\u0259dl\u0259rimiz m\u00f6hk\u0259ml\u0259n\u0259nd\u0259n sonra&#8230;\u201d<\/strong><\/h3>\n<p><strong>\u201cVaxt g\u0259l\u0259c\u0259k ki, erm\u0259nil\u0259rl\u0259 az\u0259rbaycanl\u0131lar yana\u015f\u0131 ya\u015famal\u0131 olacaq. Bunu Erm\u0259nistan parlamentinin s\u0259dri Alen Simonyan jurnalistl\u0259r\u0259 bildirib. &#8220;Biz buna \u00fcmid edirik v\u0259 ba\u015f verm\u0259si \u00fc\u00e7\u00fcn h\u0259r \u015fey ed\u0259c\u0259yik. Erm\u0259nil\u0259rl\u0259 az\u0259rbaycanl\u0131lar ticar\u0259tl\u0259 m\u0259\u015f\u011ful olmal\u0131d\u0131rlar, istisna etmir\u0259m ki, b\u0259zi erm\u0259nil\u0259r Az\u0259rbaycan \u0259razisind\u0259 \u00f6z evl\u0259rin\u0259 qay\u0131dacaqlar v\u0259 bir m\u00fcdd\u0259t sonra az\u0259rbaycanl\u0131lar g\u0259lib Erm\u0259nistanda m\u0259skunla\u015facaqlar&#8221;, &#8211; Simonyan qeyd edib.\u00a0<\/strong><\/p>\n<p>Bu arada, Erm\u0259nistanda revan\u015fist q\u00fcvv\u0259l\u0259rin ba\u015f qald\u0131raca\u011f\u0131n\u0131, bu s\u0259b\u0259bd\u0259n onlara etimad g\u00f6st\u0259rilm\u0259sini yanl\u0131\u015f hesab ed\u0259nl\u0259r d\u0259 var. B\u0259s g\u00f6r\u0259s\u0259n, erm\u0259nil\u0259rl\u0259 birg\u0259 ya\u015fay\u0131\u015f m\u00fcmk\u00fcn olacaqm\u0131?<\/p>\n<p><img src=\"https:\/\/www.e-huquq.az\/media\/2021\/06\/21\/azer-badamovjpg-1582118164.jpg\" alt=\"Az\u0259r Badamov: &quot;Davosda ke\u00e7iril\u0259n g\u00f6r\u00fc\u015fl\u0259r bir daha g\u00f6st\u0259rdi ki, \u00f6lk\u0259miz\u0259  b\u00f6y\u00fck maraq var&quot;\" \/><\/p>\n<p><strong>Az\u0259r Badamov\u00a0<\/strong><\/p>\n<p><strong>Milli M\u0259clisin deputat\u0131 Az\u0259r Badamov m\u00f6vzu il\u0259 ba\u011fl\u0131 \u201cYeni M\u00fcsavat\u201da dedi ki, d\u00fcnya t\u0259cr\u00fcb\u0259sind\u0259 ba\u015f vermi\u015f b\u00fct\u00fcn m\u00fcharib\u0259l\u0259r s\u00fclhl\u0259 ba\u015fa \u00e7at\u0131b:<\/strong>\u00a0\u201cS\u00fclh \u0259ld\u0259 olunandan sonra d\u00f6vl\u0259tl\u0259r aras\u0131ndak\u0131 d\u00fc\u015fm\u0259n\u00e7ilik s\u0259hif\u0259si ba\u011flan\u0131r v\u0259 xalqlar yava\u015f-yava\u015f yenid\u0259n birg\u0259 ya\u015fay\u0131\u015fa qay\u0131d\u0131rlar. H\u0259tta 10 milyonlarla insan\u0131n h\u0259yat\u0131na son qoyan \u0130kinci D\u00fcnya m\u00fcharib\u0259sind\u0259n sonra Almaniya ham\u0131n\u0131n \u0259n \u00e7ox ya\u015fama\u011fa arzulad\u0131\u011f\u0131 \u00f6lk\u0259y\u0259 \u00e7evrilib. Bu g\u00fcn Almaniyada b\u00fct\u00fcn mill\u0259tl\u0259r qar\u015f\u0131l\u0131ql\u0131 h\u00f6rm\u0259t v\u0259 dost \u015f\u0259raitind\u0259 ya\u015fay\u0131rlar. Bel\u0259 bir ya\u015fay\u0131\u015f\u0131n bizim \u00f6lk\u0259l\u0259r aras\u0131nda da olaca\u011f\u0131n\u0131 d\u00fc\u015f\u00fcn\u00fcr\u0259m. Erm\u0259nistanla s\u00fclh m\u00fcqavil\u0259si imzalan\u0131b s\u0259rh\u0259dl\u0259rimiz m\u00f6hk\u0259ml\u0259n\u0259nd\u0259n sonra d\u00fc\u015fm\u0259n\u00e7ilk m\u00fcnasib\u0259tl\u0259ri aradan qalxacaq. M\u0259n inan\u0131ram ki, Erm\u0259nistan \u00f6z konstitusiyas\u0131nda da d\u0259yi\u015fiklik ed\u0259r\u0259k \u0259razi iddialar\u0131ndan bird\u0259f\u0259lik \u0259l \u00e7\u0259k\u0259c\u0259k. O c\u00fcml\u0259d\u0259n k\u00f6n\u00fcll\u00fc \u015f\u0259kild\u0259 az\u0259rbaycanl\u0131lar\u0131n Erm\u0259nistana, erm\u0259nil\u0259rin d\u0259 Az\u0259rbaycana qay\u0131daraq \u0259vv\u0259ll\u0259r oldu\u011fu kimi birg\u0259 ya\u015faya bil\u0259c\u0259yini d\u00fc\u015f\u00fcn\u00fcr\u0259m. 90-c\u0131 ill\u0259r\u0259 q\u0259d\u0259r az\u0259rbaycanl\u0131larla erm\u0259nil\u0259r dostluq \u015f\u0259raitind\u0259 bir-birinin qon\u015fulu\u011funda ya\u015fay\u0131blar.\u00a0 Xalqlar\u0131m\u0131z bir-birinin m\u0259clisl\u0259rind\u0259 i\u015ftirak edirdil\u0259r. Amma separat\u00e7\u0131lar\u0131n \u00e7irkin niyy\u0259tl\u0259ri xalqlar\u0131m\u0131z\u0131 d\u00fc\u015fm\u0259n etdi. Bu g\u00fcn is\u0259 \u0259razil\u0259rimiz erm\u0259ni separat\u00e7\u0131lar\u0131ndan t\u0259mizl\u0259nib. Biz g\u0259l\u0259c\u0259y\u0259 inamla baxmal\u0131y\u0131q. Regionumuza \u0259n az\u0131ndan s\u00fclh v\u0259 firavanl\u0131q qay\u0131tmal\u0131d\u0131r\u201d.<\/p>\n<p><img src=\"https:\/\/cebheinfo.az\/uploads\/images\/2023\/08\/720x400\/169286492686656417064e7119e0447a.jpg\" alt=\"Elxan \u015eahino\u011flu: &quot;Pa\u015finyan h\u0259qiq\u0259t\u0259n s\u00fclh ist\u0259yirs\u0259...&quot;\" \/><\/p>\n<p><strong>\u00a0Elxan \u015eahino\u011flu<\/strong><\/p>\n<p><strong>Bununla bel\u0259, Qaraba\u011fdan k\u00f6\u00e7\u0259n erm\u0259nil\u0259rin haz\u0131rda geri d\u00f6nm\u0259 t\u0259\u015f\u0259bb\u00fcs\u00fc d\u0259 g\u00f6r\u00fcnm\u00fcr. Siyasi \u015f\u0259rh\u00e7i Elxan \u015eahino\u011flu bunun s\u0259b\u0259bl\u0259rini bel\u0259 izah edir:<\/strong>\u00a0\u201cErm\u0259nistan\u0131n ba\u015f naziri Nikol Pa\u015finyan Qaraba\u011f\u0131 t\u0259rk etmi\u015f erm\u0259nil\u0259rin geri qay\u0131tmas\u0131n\u0131n beyn\u0259lxalq platformalarda m\u00fczakir\u0259 olundu\u011funu, ancaq bu g\u00fcn bu qay\u0131d\u0131\u015f\u0131n real olmad\u0131\u011f\u0131n\u0131 bildirib. Pa\u015finyan\u0131n s\u00f6zl\u0259rin\u0259 g\u00f6r\u0259, bu g\u00fcn bu insanlar\u0131n qay\u0131d\u0131\u015f\u0131 real olsayd\u0131, onlar Qaraba\u011f\u0131 t\u0259rk etm\u0259zdil\u0259r. Nikol Pa\u015finyan\u0131n Qaraba\u011f erm\u0259nil\u0259rinin geri qay\u0131d\u0131\u015f\u0131n\u0131 ist\u0259m\u0259diyi a\u015fkard\u0131r. Pa\u015finyan Qaraba\u011f erm\u0259nil\u0259rinin Erm\u0259nistanda ya\u015famalar\u0131n\u0131 v\u0259 i\u015fl\u0259m\u0259l\u0259rini ist\u0259yir. \u018fhalisi azalan Erm\u0259nistan\u0131n i\u015f\u00e7i q\u00fcvv\u0259y\u0259 ehtiyac\u0131 var. Lap yax\u015f\u0131, onsuz da Erm\u0259nistan v\u0259t\u0259nda\u015fl\u0131\u011f\u0131ndan imtina etm\u0259y\u0259n Qaraba\u011f erm\u0259nil\u0259rinin Az\u0259rbaycanda ya\u015famas\u0131 m\u00fcmk\u00fcn deyil\u201d.<\/p>\n<p>\u201cAz\u0259rbaycan diplomatiyas\u0131 Nikol Pa\u015finyan\u0131n bu a\u00e7\u0131qlamas\u0131n\u0131 \u0259lind\u0259 r\u0259hb\u0259r tutaraq \u00f6lk\u0259miz \u0259leyhin\u0259 q\u0259rarlar q\u0259bul ed\u0259nl\u0259r\u0259 Erm\u0259nistan\u0131n ba\u015f nazirinin Qaraba\u011f erm\u0259nil\u0259ri il\u0259 ba\u011fl\u0131 fikirl\u0259rini daima xat\u0131rlatmal\u0131d\u0131r. Biz\u0259 deyirl\u0259r ki, Qaraba\u011f erm\u0259nil\u0259rinin geri qay\u0131d\u0131\u015f\u0131 \u00fc\u00e7\u00fcn \u015f\u0259rait yarad\u0131lmal\u0131d\u0131r. Nikol Pa\u015finyan is\u0259 deyir ki, Qaraba\u011f erm\u0259nil\u0259rin\u0259 Erm\u0259nistanda h\u0259r c\u00fcr \u015f\u0259rait yarad\u0131lacaq v\u0259 onlar\u0131n Az\u0259rbaycana qay\u0131d\u0131\u015f\u0131na ehtiyac yoxdur. Qaraba\u011f erm\u0259nil\u0259rinin geri qayd\u0131\u015f\u0131n\u0131 g\u00fcnd\u0259md\u0259 saxlama\u011fa \u00e7al\u0131\u015fan Q\u0259rbd\u0259ki v\u0259 Rusiyadak\u0131 dair\u0259l\u0259r Pa\u015finyandan \u00e7ox erm\u0259ni olmaq ist\u0259yirl\u0259r?!\u201d, &#8211; dey\u0259 ekspert \u0259lav\u0259 edib.<\/p>\n<p><strong>Yaz\u0131n\u0131 haz\u0131rlad\u0131: Afaq M\u0130RAY\u0130Q<\/strong><\/p>\n","protected":false},"excerpt":{"rendered":"<p>Ekspert: \u201cErm\u0259nistanla s\u00fclh m\u00fcqavil\u0259si imzalan\u0131b s\u0259rh\u0259dl\u0259rimiz m\u00f6hk\u0259ml\u0259n\u0259nd\u0259n sonra&#8230;\u201d \u201cVaxt g\u0259l\u0259c\u0259k ki, erm\u0259nil\u0259rl\u0259 az\u0259rbaycanl\u0131lar yana\u015f\u0131 ya\u015famal\u0131 olacaq. Bunu Erm\u0259nistan parlamentinin s\u0259dri Alen Simonyan jurnalistl\u0259r\u0259 bildirib. &#8220;Biz buna \u00fcmid edirik v\u0259 ba\u015f verm\u0259si \u00fc\u00e7\u00fcn h\u0259r \u015fey ed\u0259c\u0259yik. Erm\u0259nil\u0259rl\u0259 az\u0259rbaycanl\u0131lar ticar\u0259tl\u0259 m\u0259\u015f\u011ful olmal\u0131d\u0131rlar, istisna etmir\u0259m ki, b\u0259zi erm\u0259nil\u0259r Az\u0259rbaycan \u0259razisind\u0259 \u00f6z evl\u0259rin\u0259 qay\u0131dacaqlar v\u0259 bir m\u00fcdd\u0259t sonra az\u0259rbaycanl\u0131lar g\u0259lib Erm\u0259nistanda m\u0259skunla\u015facaqlar&#8221;, &#8211; Simonyan qeyd edib.\u00a0 Bu arada, Erm\u0259nistanda revan\u015fist q\u00fcvv\u0259l\u0259rin ba\u015f qald\u0131raca\u011f\u0131n\u0131, bu s\u0259b\u0259bd\u0259n onlara etimad g\u00f6st\u0259rilm\u0259sini yanl\u0131\u015f hesab ed\u0259nl\u0259r d\u0259 var. B\u0259s g\u00f6r\u0259s\u0259n, erm\u0259nil\u0259rl\u0259 birg\u0259 ya\u015fay\u0131\u015f m\u00fcmk\u00fcn olacaqm\u0131? Az\u0259r Badamov\u00a0 Milli M\u0259clisin&hellip;<\/p>\n","protected":false},"author":2,"featured_media":663439,"comment_status":"closed","ping_status":"closed","sticky":false,"template":"","format":"standard","meta":{"om_disable_all_campaigns":false,"_monsterinsights_skip_tracking":false,"_monsterinsights_sitenote_active":false,"_monsterinsights_sitenote_note":"","_monsterinsights_sitenote_category":0},"categories":[1],"tags":[],"aioseo_notices":[],"gutentor_comment":0,"rttpg_featured_image_url":{"full":["https:\/\/arantv.az\/wp-content\/uploads\/2023\/12\/22cb16a9b94763fba6960a6d302ea2da.jpg",824,463,false],"landscape":["https:\/\/arantv.az\/wp-content\/uploads\/2023\/12\/22cb16a9b94763fba6960a6d302ea2da.jpg",824,463,false],"portraits":["https:\/\/arantv.az\/wp-content\/uploads\/2023\/12\/22cb16a9b94763fba6960a6d302ea2da.jpg",824,463,false],"thumbnail":["https:\/\/arantv.az\/wp-content\/uploads\/2023\/12\/22cb16a9b94763fba6960a6d302ea2da-500x280.jpg",500,280,true],"medium":["https:\/\/arantv.az\/wp-content\/uploads\/2023\/12\/22cb16a9b94763fba6960a6d302ea2da-650x365.jpg",650,365,true],"large":["https:\/\/arantv.az\/wp-content\/uploads\/2023\/12\/22cb16a9b94763fba6960a6d302ea2da.jpg",640,360,false],"1536x1536":["https:\/\/arantv.az\/wp-content\/uploads\/2023\/12\/22cb16a9b94763fba6960a6d302ea2da.jpg",824,463,false],"2048x2048":["https:\/\/arantv.az\/wp-content\/uploads\/2023\/12\/22cb16a9b94763fba6960a6d302ea2da.jpg",824,463,false],"post-thumbnail":["https:\/\/arantv.az\/wp-content\/uploads\/2023\/12\/22cb16a9b94763fba6960a6d302ea2da-240x172.jpg",240,172,true],"advps-thumb-one":["https:\/\/arantv.az\/wp-content\/uploads\/2023\/12\/22cb16a9b94763fba6960a6d302ea2da.jpg",824,463,false]},"rttpg_author":{"display_name":"V\u00fcsal Rafiqo\u011flu","author_link":"https:\/\/arantv.az\/?author=2"},"rttpg_comment":0,"rttpg_category":"<a href=\"https:\/\/arantv.az\/?cat=1\" rel=\"category\">C\u0259miyy\u0259t<\/a>","rttpg_excerpt":"Ekspert: \u201cErm\u0259nistanla s\u00fclh m\u00fcqavil\u0259si imzalan\u0131b s\u0259rh\u0259dl\u0259rimiz m\u00f6hk\u0259ml\u0259n\u0259nd\u0259n sonra&#8230;\u201d \u201cVaxt g\u0259l\u0259c\u0259k ki, erm\u0259nil\u0259rl\u0259 az\u0259rbaycanl\u0131lar yana\u015f\u0131 ya\u015famal\u0131 olacaq. Bunu Erm\u0259nistan parlamentinin s\u0259dri Alen Simonyan jurnalistl\u0259r\u0259 bildirib. &#8220;Biz buna \u00fcmid edirik v\u0259 ba\u015f verm\u0259si \u00fc\u00e7\u00fcn h\u0259r \u015fey ed\u0259c\u0259yik. Erm\u0259nil\u0259rl\u0259 az\u0259rbaycanl\u0131lar ticar\u0259tl\u0259 m\u0259\u015f\u011ful olmal\u0131d\u0131rlar, istisna etmir\u0259m ki, b\u0259zi erm\u0259nil\u0259r Az\u0259rbaycan \u0259razisind\u0259 \u00f6z evl\u0259rin\u0259 qay\u0131dacaqlar v\u0259 bir m\u00fcdd\u0259t sonra az\u0259rbaycanl\u0131lar&hellip;","_links":{"self":[{"href":"https:\/\/arantv.az\/index.php?rest_route=\/wp\/v2\/posts\/663438"}],"collection":[{"href":"https:\/\/arantv.az\/index.php?rest_route=\/wp\/v2\/posts"}],"about":[{"href":"https:\/\/arantv.az\/index.php?rest_route=\/wp\/v2\/types\/post"}],"author":[{"embeddable":true,"href":"https:\/\/arantv.az\/index.php?rest_route=\/wp\/v2\/users\/2"}],"replies":[{"embeddable":true,"href":"https:\/\/arantv.az\/index.php?rest_route=%2Fwp%2Fv2%2Fcomments&post=663438"}],"version-history":[{"count":0,"href":"https:\/\/arantv.az\/index.php?rest_route=\/wp\/v2\/posts\/663438\/revisions"}],"wp:featuredmedia":[{"embeddable":true,"href":"https:\/\/arantv.az\/index.php?rest_route=\/wp\/v2\/media\/663439"}],"wp:attachment":[{"href":"https:\/\/arantv.az\/index.php?rest_route=%2Fwp%2Fv2%2Fmedia&parent=663438"}],"wp:term":[{"taxonomy":"category","embeddable":true,"href":"https:\/\/arantv.az\/index.php?rest_route=%2Fwp%2Fv2%2Fcategories&post=663438"},{"taxonomy":"post_tag","embeddable":true,"href":"https:\/\/arantv.az\/index.php?rest_route=%2Fwp%2Fv2%2Ftags&post=663438"}],"curies":[{"name":"wp","href":"https:\/\/api.w.org\/{rel}","templated":true}]}}