{"id":663454,"date":"2023-12-01T10:07:23","date_gmt":"2023-12-01T06:07:23","guid":{"rendered":"https:\/\/arantv.az\/?p=663454"},"modified":"2023-12-01T10:07:23","modified_gmt":"2023-12-01T06:07:23","slug":"strateji-h%c9%99d%c9%99f%c9%99-dogru-addim-addim","status":"publish","type":"post","link":"https:\/\/arantv.az\/?p=663454","title":{"rendered":"Strateji h\u0259d\u0259f\u0259 do\u011fru add\u0131m-add\u0131m"},"content":{"rendered":"<p>M\u00fcz\u0259ff\u0259r Ali Ba\u015f Komandan \u0130lham \u018fliyevin r\u0259hb\u0259rliyi il\u0259 Az\u0259rbaycan Ordusu 44 g\u00fcnl\u00fck V\u0259t\u0259n m\u00fcharib\u0259sind\u0259\u00a0 q\u0259hr\u0259manl\u0131q dastan\u0131 yazd\u0131, \u00f6lk\u0259mizin \u0259razi b\u00fct\u00f6vl\u00fcy\u00fc b\u0259rpa edildi, xalq\u0131m\u0131z uzun illik h\u0259sr\u0259td\u0259n sonra tarixi torpaqlar\u0131na qovu\u015fdu. Bu ilin \u00a0\u00a019-20 sentyabr tarixl\u0259rind\u0259 Qaraba\u011fda ke\u00e7iril\u0259n lokal xarakterli antiterror t\u0259dbirl\u0259rind\u0259n sonra d\u00f6vl\u0259t suverenliyimiz tam \u015f\u0259kild\u0259 t\u0259min olundu. Az\u0259rbaycan Respublikas\u0131n\u0131n Qaraba\u011f iqtisadi rayonunda yerl\u0259\u015f\u0259n Erm\u0259nistan silahl\u0131 q\u00fcvv\u0259l\u0259rinin birl\u0259\u015fm\u0259l\u0259ri t\u0259slim olaraq, b\u00fct\u00fcn silah-sursat v\u0259 a\u011f\u0131r texnikan\u0131 t\u0259hvil verdil\u0259r. Prezident \u0130lham \u018fliyevin\u00a0 qeyd etdiyi kimi, qaraba\u011fl\u0131lar art\u0131q \u00f6z do\u011fma torpaqlar\u0131na qay\u0131d\u0131r, az\u0259rbaycanl\u0131lar\u0131n n\u00f6vb\u0259ti qay\u0131dacaqlar\u0131 yer Q\u0259rbi Az\u0259rbaycan olacaqd\u0131r.<\/p>\n<p>\u0130ll\u0259r \u00f6nc\u0259 Q\u0259rbi Az\u0259rbaycandan deportasiya olunmu\u015f insanlar \u00f6z do\u011fma torpaqlar\u0131na qay\u0131d\u0131b orada ya\u015famaq arzusunun realla\u015faca\u011f\u0131 g\u00fcn\u00fc s\u0259birsizlikl\u0259 g\u00f6zl\u0259yirl\u0259r. D\u00f6vl\u0259t ba\u015f\u00e7\u0131s\u0131n\u0131n da qeyd etdiyi kimi, bu proses beyn\u0259lxalq h\u00fcquq normalar\u0131na \u0259saslanmaqla h\u0259yata ke\u00e7irilm\u0259lidir. Q\u0259rbi az\u0259rbaycanl\u0131lar\u0131n do\u011fma yurdlar\u0131na qay\u0131d\u0131\u015f\u0131n\u0131n t\u0259min olunmas\u0131 onlar\u0131n beyn\u0259lxalq h\u00fcquq \u00e7\u0259r\u00e7iv\u0259sind\u0259 m\u00fc\u0259yy\u0259nl\u0259\u015fmi\u015f fundamental haqlar\u0131ndan biridir.<\/p>\n<p>Q\u0259rbi az\u0259rbaycanl\u0131lar\u0131n tarixi torpaqlar\u0131m\u0131za qay\u0131d\u0131\u015f\u0131n\u0131n t\u0259min edilm\u0259si \u00fc\u00e7\u00fcn b\u00fct\u00fcn imkanlardan, o c\u00fcml\u0259d\u0259n beyn\u0259lxalq platformalardan istifad\u0259 olunur. Bu istiqam\u0259td\u0259 Q\u0259rbi Az\u0259rbaycan \u0130cmas\u0131 m\u00fcvafiq beyn\u0259lxalq t\u0259\u015fkilatlara m\u00fcraci\u0259tl\u0259r edir. T\u0259sad\u00fcfi deyil ki, Q\u0259rbi Az\u0259rbaycan \u0130cmas\u0131 BMT Ba\u015f katibin\u0259, Avropa \u0130ttifaq\u0131 \u015euras\u0131n\u0131n Prezidentin\u0259, UNESCO-ya v\u0259 dig\u0259r beyn\u0259lxalq t\u0259\u015fkilatlara m\u00fcraci\u0259tl\u0259r edib. Bu m\u00fcraci\u0259tl\u0259rin bir ne\u00e7\u0259si BMT-nin r\u0259smi s\u0259n\u0259di kimi yay\u0131l\u0131b. B\u00fct\u00fcn bunlar Q\u0259rbi Az\u0259rbaycana qay\u0131d\u0131\u015f istiqam\u0259tind\u0259 sistemli t\u0259dbirl\u0259r g\u00f6r\u00fcld\u00fcy\u00fcn\u00fc t\u0259sdiq edir.<\/p>\n<p>Q\u0259rbi az\u0259rbaycanl\u0131lar\u0131n qay\u0131d\u0131\u015f\u0131 m\u0259s\u0259l\u0259sinin beyn\u0259lxalq m\u00fcst\u0259viy\u0259 \u00e7\u0131xar\u0131lmas\u0131 Erm\u0259nistan\u0131 \u00e7ox ciddi \u015f\u0259kild\u0259 narahat edir. \u018fg\u0259r bel\u0259 olmasayd\u0131, bu \u00f6lk\u0259nin r\u0259smil\u0259rind\u0259, h\u0259m d\u0259 erm\u0259ni c\u0259miyy\u0259tinin m\u00fcxt\u0259lif n\u00fcmay\u0259nd\u0259l\u0259rind\u0259 bu\u00a0 m\u00f6vzu t\u0259\u015fvi\u015f yaratmazd\u0131. Amma onlar\u0131n n\u0259 dem\u0259sind\u0259n as\u0131l\u0131 olmayaraq Q\u0259rbi az\u0259rbaycanl\u0131lar\u0131n tarixi torpaqlar\u0131na qay\u0131d\u0131\u015f\u0131 m\u00fctl\u0259q ger\u00e7\u0259kl\u0259\u015fm\u0259lidir.<\/p>\n<p>Yeri g\u0259lmi\u015fk\u0259n, Q\u0259rbi Az\u0259rbaycan \u0130cmas\u0131 t\u0259r\u0259find\u0259n indiki Erm\u0259nistan \u0259razisind\u0259n qovulmu\u015f az\u0259rbaycanl\u0131lar\u0131n t\u0259hl\u00fck\u0259siz v\u0259 l\u0259yaq\u0259tli \u015f\u0259kild\u0259, s\u00fclh yolu il\u0259 geriy\u0259 qay\u0131tmas\u0131n\u0131n t\u0259min edilm\u0259si bar\u0259d\u0259 26 yanvar 2023-c\u00fc il tarixind\u0259 konsepsiya &#8211; Qay\u0131d\u0131\u015f Konsepsiyas\u0131 q\u0259bul edilib. Konsepsiyada \u0259ks olundu\u011fu kimi, Q\u0259rbi az\u0259rbaycanl\u0131lar \u201cErm\u0259nistan Respublikas\u0131\u201d adlanan \u00f6lk\u0259d\u0259n zorla qovulduqlar\u0131 \u00fc\u00e7\u00fcn onun\u00a0 konstitusion \u00e7\u0259r\u00e7iv\u0259sinin v\u0259 milli v\u0259 h\u00fcquqi xarakterinin formala\u015fmas\u0131 prosesind\u0259 i\u015ftirak imkan\u0131ndan m\u0259hrum edilibl\u0259r. Erm\u0259nistan Respublikas\u0131 az\u0259rbaycanl\u0131 icmas\u0131n\u0131n b\u0259rab\u0259r h\u00fcquqlar\u0131n\u0131 t\u0259min etm\u0259li, onlar\u0131n ana dill\u0259rind\u0259 t\u0259hsil almas\u0131na, qanunvericilik, icra v\u0259 m\u0259hk\u0259m\u0259 orqanlar\u0131nda Az\u0259rbaycan dilind\u0259n istifad\u0259sin\u0259 imkan yaratmal\u0131 v\u0259 az\u0259rbaycanl\u0131lar\u0131n h\u00fcquqlar\u0131n\u0131n qorunmas\u0131n\u0131 tam t\u0259min etm\u0259lidir. B\u00fct\u00fcn bunlar\u0131n realla\u015fmas\u0131 \u00fc\u00e7\u00fcn m\u00fcvafiq beyn\u0259lxalq qurumlar\u0131n h\u00fcquqi m\u0259sl\u0259h\u0259t, monitorinq v\u0259 n\u0259zar\u0259t mexanizmi \u00e7\u0259r\u00e7iv\u0259sind\u0259 \u0130cma il\u0259 konstruktiv dialoqa ba\u015flanmal\u0131d\u0131r.<\/p>\n<p>Konsepsiyada \u0259ksini tapan dig\u0259r bir m\u0259qam is\u0259 qay\u0131d\u0131\u015fla ba\u011fl\u0131 beyn\u0259lxalq h\u00fcquqi \u00e7\u0259r\u00e7iv\u0259 v\u0259 z\u0259man\u0259tdir. S\u0259n\u0259dd\u0259 indiki Erm\u0259nistan \u0259razisind\u0259n az\u0259rbaycanl\u0131lar\u0131n qovulmas\u0131 m\u0259s\u0259l\u0259sini presedentsiz \u0259dal\u0259tsizlik kimi beyn\u0259lxalq ictimaiyy\u0259tin g\u00fcnd\u0259liyin\u0259 g\u0259tirm\u0259k, bu v\u0259ziyy\u0259tin davam etm\u0259sinin beyn\u0259lxalq s\u00fclh v\u0259 t\u0259hl\u00fck\u0259sizliy\u0259 t\u0259hdid kimi q\u0259bul etdirm\u0259y\u0259 nail olmaq v\u0259 davaml\u0131 s\u00fclh v\u0259 \u0259dal\u0259tin b\u0259rq\u0259rar olmas\u0131 \u00fc\u00e7\u00fcn az\u0259rbaycanl\u0131lar\u0131n geriy\u0259 qay\u0131tma h\u00fcququnu t\u0259min ed\u0259n q\u0259rar v\u0259 raz\u0131la\u015fmalar\u0131n \u0259ld\u0259 edilm\u0259si ilk v\u0259zif\u0259dir. Bu m\u0259qs\u0259dl\u0259 \u0130cma Q\u0259rbi Az\u0259rbaycandan qovulmu\u015f az\u0259rbaycanl\u0131lar\u0131n \u00f6z v\u0259t\u0259nl\u0259rin\u0259 qay\u0131tmas\u0131na \u015f\u0259rait yaratma\u011f\u0131n Erm\u0259nistan\u0131n \u00f6hd\u0259liyi kimi t\u0259sbit olunmas\u0131na \u00e7al\u0131\u015facaq. \u00dcmumd\u00fcnya \u0130nsan H\u00fcquqlar\u0131 B\u0259yannam\u0259sind\u0259 M\u00fclki v\u0259 siyasi h\u00fcquqlar haqq\u0131nda Pakt\u201dda BMT-nin Qa\u00e7q\u0131nlar\u0131n Statusuna dair 1951-ci il Konvensiyas\u0131nda v\u0259 1967-ci il Protokolunda v\u0259 dig\u0259r s\u0259n\u0259dl\u0259rd\u0259 h\u0259min h\u00fcquq \u00f6z \u0259ksini tap\u0131b.<\/p>\n<p>Prezident \u0130lham \u018fliyev d\u0259f\u0259l\u0259rl\u0259 qeyd edib ki, xalq\u0131m\u0131z Q\u0259rbi Az\u0259rbaycana qay\u0131tmaq niyy\u0259tind\u0259 israrl\u0131d\u0131r v\u0259 bunun \u00fc\u00e7\u00fcn d\u00f6vl\u0259timiz o insanlara h\u0259r c\u00fcr d\u0259st\u0259k g\u00f6st\u0259r\u0259c\u0259k. Y\u00fcz minl\u0259rl\u0259 insan\u0131m\u0131z\u0131n Q\u0259rbi Az\u0259rbaycana qay\u0131d\u0131\u015f\u0131, h\u0259m d\u0259, milli q\u00fcrur v\u0259 l\u0259yaq\u0259timizin m\u00fcdafi\u0259si dem\u0259kdir. \u00d6lk\u0259 ba\u015f\u00e7\u0131m\u0131z\u0131n q\u0259tiyy\u0259tli siyas\u0259ti v\u0259 xalq\u0131m\u0131z\u0131n \u0259zmi say\u0259sind\u0259 Az\u0259rbaycan bu ist\u0259yin\u0259 d\u0259 \u00e7atacaq. Bu g\u00fcn \u0259z\u0259li Qaraba\u011f \u0259halisinin \u00f6z torpaqlar\u0131na qay\u0131d\u0131\u015f\u0131n\u0131n t\u0259min edilm\u0259si kimi, Q\u0259rbi az\u0259rbaycanl\u0131lar\u0131n da qovulduqlar\u0131 do\u011fma yurdlar\u0131na geri qay\u0131tmalar\u0131 \u00fc\u00e7\u00fcn f\u0259aliyy\u0259t davam edir. Bel\u0259 ki, Prezident \u0130lham \u018fliyevin yurd-yuvas\u0131ndan did\u0259rgin d\u00fc\u015fm\u00fc\u015f, Az\u0259rbaycan t\u00fcrkl\u0259rinin tarixi haqlar\u0131n\u0131n b\u0259rpas\u0131na istiqam\u0259tl\u0259nmi\u015f siyas\u0259tin\u0259 elmi \u0259saslarla d\u0259st\u0259k olmaq, h\u0259m yerli, h\u0259m regional, h\u0259m d\u0259 beyn\u0259lxalq s\u0259viyy\u0259d\u0259 i\u015f\u0131qland\u0131r\u0131lmas\u0131na nail olmaq m\u0259qs\u0259dil\u0259 Nax\u00e7\u0131van \u015f\u0259h\u0259rind\u0259 \u201cQ\u0259rbi Az\u0259rbaycana qay\u0131d\u0131\u015f\u201d adl\u0131 festival v\u0259 \u201cQ\u0259rbi Az\u0259rbaycana qay\u0131d\u0131\u015fa ged\u0259n yol\u201d m\u00f6vzusunda konqres ke\u00e7irilib.<\/p>\n<p>Q\u0259rbi Az\u0259rbaycana h\u0259sr olunan festival v\u0259 konqres Nax\u00e7\u0131van Muxtar Respublikas\u0131nda Az\u0259rbaycan Respublikas\u0131 Prezidentinin S\u0259lahiyy\u0259tli N\u00fcmay\u0259nd\u0259liyi, Az\u0259rbaycan Respublikas\u0131 Elm v\u0259 T\u0259hsil Nazirliyi, Nax\u00e7\u0131van D\u00f6vl\u0259t Universiteti, Q\u0259rbi Az\u0259rbaycan \u0130cmas\u0131 v\u0259 Q\u0259rbi Az\u0259rbaycandan olan ziyal\u0131lar\u0131m\u0131z\u0131n birg\u0259 t\u0259\u015fkilat\u00e7\u0131l\u0131\u011f\u0131 il\u0259 \u00f6z i\u015fin\u0259 ba\u015fa vurub.<\/p>\n<p>Festivalda Q\u0259rbi Az\u0259rbaycana m\u0259xsus folklor n\u00fcmun\u0259l\u0259rind\u0259n ibar\u0259t kompozisiyalar, kitab s\u0259rgisi, kulinariya v\u0259 maddi-m\u0259d\u0259niyy\u0259t n\u00fcmun\u0259l\u0259rind\u0259n ibar\u0259t stendl\u0259r, Q\u0259rbi Az\u0259rbaycan mahn\u0131lar\u0131 v\u0259 folklor n\u00fcmun\u0259l\u0259rind\u0259n ibar\u0259t konsert proqram\u0131, Q\u0259rbi Az\u0259rbaycana h\u0259sr edil\u0259n filml\u0259rin n\u00fcmayi\u015fi v\u0259 dig\u0259r t\u0259dbirl\u0259r yer al\u0131b.<\/p>\n<p>\u201cQ\u0259rbi Az\u0259rbaycana qay\u0131d\u0131\u015f\u201d festival-konqresi Prezidentin bu istiqam\u0259td\u0259 m\u00fc\u0259yy\u0259nl\u0259\u015fdirdiyi tap\u015f\u0131r\u0131qlar\u0131n icras\u0131, x\u00fcsusil\u0259 d\u0259 bu tarixi diyar\u0131m\u0131z\u0131n tarixi, m\u0259d\u0259ni irsi v\u0259 az\u0259rbaycanl\u0131lar\u0131n tarixi-etnik torpaqlar\u0131ndan k\u00fctl\u0259vi deportasiyas\u0131 il\u0259 ba\u011fl\u0131 \u00f6lk\u0259mizd\u0259 h\u0259yata ke\u00e7iril\u0259n t\u0259dbirl\u0259rin t\u0259rkib hiss\u0259sidir. H\u0259d\u0259f Q\u0259rbi Az\u0259rbaycandan deportasiya olunmu\u015f soyda\u015flar\u0131m\u0131z\u0131n h\u00fcquqlar\u0131n\u0131n b\u0259rpas\u0131, Q\u0259rbi Az\u0259rbaycana qay\u0131d\u0131\u015fd\u0131r.<\/p>\n","protected":false},"excerpt":{"rendered":"<p>M\u00fcz\u0259ff\u0259r Ali Ba\u015f Komandan \u0130lham \u018fliyevin r\u0259hb\u0259rliyi il\u0259 Az\u0259rbaycan Ordusu 44 g\u00fcnl\u00fck V\u0259t\u0259n m\u00fcharib\u0259sind\u0259\u00a0 q\u0259hr\u0259manl\u0131q dastan\u0131 yazd\u0131, \u00f6lk\u0259mizin \u0259razi b\u00fct\u00f6vl\u00fcy\u00fc b\u0259rpa edildi, xalq\u0131m\u0131z uzun illik h\u0259sr\u0259td\u0259n sonra tarixi torpaqlar\u0131na qovu\u015fdu. Bu ilin \u00a0\u00a019-20 sentyabr tarixl\u0259rind\u0259 Qaraba\u011fda ke\u00e7iril\u0259n lokal xarakterli antiterror t\u0259dbirl\u0259rind\u0259n sonra d\u00f6vl\u0259t suverenliyimiz tam \u015f\u0259kild\u0259 t\u0259min olundu. Az\u0259rbaycan Respublikas\u0131n\u0131n Qaraba\u011f iqtisadi rayonunda yerl\u0259\u015f\u0259n Erm\u0259nistan silahl\u0131 q\u00fcvv\u0259l\u0259rinin birl\u0259\u015fm\u0259l\u0259ri t\u0259slim olaraq, b\u00fct\u00fcn silah-sursat v\u0259 a\u011f\u0131r texnikan\u0131 t\u0259hvil verdil\u0259r. Prezident \u0130lham \u018fliyevin\u00a0 qeyd etdiyi kimi, qaraba\u011fl\u0131lar art\u0131q \u00f6z do\u011fma torpaqlar\u0131na qay\u0131d\u0131r, az\u0259rbaycanl\u0131lar\u0131n n\u00f6vb\u0259ti qay\u0131dacaqlar\u0131 yer Q\u0259rbi Az\u0259rbaycan olacaqd\u0131r. \u0130ll\u0259r \u00f6nc\u0259 Q\u0259rbi Az\u0259rbaycandan&hellip;<\/p>\n","protected":false},"author":2,"featured_media":663455,"comment_status":"closed","ping_status":"closed","sticky":false,"template":"","format":"standard","meta":{"om_disable_all_campaigns":false,"_monsterinsights_skip_tracking":false,"_monsterinsights_sitenote_active":false,"_monsterinsights_sitenote_note":"","_monsterinsights_sitenote_category":0},"categories":[19],"tags":[],"aioseo_notices":[],"gutentor_comment":0,"rttpg_featured_image_url":{"full":["https:\/\/arantv.az\/wp-content\/uploads\/2023\/12\/4ae67a7d168303736130308129710462264.jpg",975,540,false],"landscape":["https:\/\/arantv.az\/wp-content\/uploads\/2023\/12\/4ae67a7d168303736130308129710462264.jpg",975,540,false],"portraits":["https:\/\/arantv.az\/wp-content\/uploads\/2023\/12\/4ae67a7d168303736130308129710462264.jpg",975,540,false],"thumbnail":["https:\/\/arantv.az\/wp-content\/uploads\/2023\/12\/4ae67a7d168303736130308129710462264-500x280.jpg",500,280,true],"medium":["https:\/\/arantv.az\/wp-content\/uploads\/2023\/12\/4ae67a7d168303736130308129710462264-660x365.jpg",660,365,true],"large":["https:\/\/arantv.az\/wp-content\/uploads\/2023\/12\/4ae67a7d168303736130308129710462264-840x465.jpg",640,354,true],"1536x1536":["https:\/\/arantv.az\/wp-content\/uploads\/2023\/12\/4ae67a7d168303736130308129710462264.jpg",975,540,false],"2048x2048":["https:\/\/arantv.az\/wp-content\/uploads\/2023\/12\/4ae67a7d168303736130308129710462264.jpg",975,540,false],"post-thumbnail":["https:\/\/arantv.az\/wp-content\/uploads\/2023\/12\/4ae67a7d168303736130308129710462264-240x172.jpg",240,172,true],"advps-thumb-one":["https:\/\/arantv.az\/wp-content\/uploads\/2023\/12\/4ae67a7d168303736130308129710462264.jpg",975,540,false]},"rttpg_author":{"display_name":"V\u00fcsal Rafiqo\u011flu","author_link":"https:\/\/arantv.az\/?author=2"},"rttpg_comment":0,"rttpg_category":"<a href=\"https:\/\/arantv.az\/?cat=19\" rel=\"category\">G\u00fcnd\u0259m<\/a>","rttpg_excerpt":"M\u00fcz\u0259ff\u0259r Ali Ba\u015f Komandan \u0130lham \u018fliyevin r\u0259hb\u0259rliyi il\u0259 Az\u0259rbaycan Ordusu 44 g\u00fcnl\u00fck V\u0259t\u0259n m\u00fcharib\u0259sind\u0259\u00a0 q\u0259hr\u0259manl\u0131q dastan\u0131 yazd\u0131, \u00f6lk\u0259mizin \u0259razi b\u00fct\u00f6vl\u00fcy\u00fc b\u0259rpa edildi, xalq\u0131m\u0131z uzun illik h\u0259sr\u0259td\u0259n sonra tarixi torpaqlar\u0131na qovu\u015fdu. Bu ilin \u00a0\u00a019-20 sentyabr tarixl\u0259rind\u0259 Qaraba\u011fda ke\u00e7iril\u0259n lokal xarakterli antiterror t\u0259dbirl\u0259rind\u0259n sonra d\u00f6vl\u0259t suverenliyimiz tam \u015f\u0259kild\u0259 t\u0259min olundu. Az\u0259rbaycan Respublikas\u0131n\u0131n Qaraba\u011f iqtisadi rayonunda yerl\u0259\u015f\u0259n Erm\u0259nistan&hellip;","_links":{"self":[{"href":"https:\/\/arantv.az\/index.php?rest_route=\/wp\/v2\/posts\/663454"}],"collection":[{"href":"https:\/\/arantv.az\/index.php?rest_route=\/wp\/v2\/posts"}],"about":[{"href":"https:\/\/arantv.az\/index.php?rest_route=\/wp\/v2\/types\/post"}],"author":[{"embeddable":true,"href":"https:\/\/arantv.az\/index.php?rest_route=\/wp\/v2\/users\/2"}],"replies":[{"embeddable":true,"href":"https:\/\/arantv.az\/index.php?rest_route=%2Fwp%2Fv2%2Fcomments&post=663454"}],"version-history":[{"count":0,"href":"https:\/\/arantv.az\/index.php?rest_route=\/wp\/v2\/posts\/663454\/revisions"}],"wp:featuredmedia":[{"embeddable":true,"href":"https:\/\/arantv.az\/index.php?rest_route=\/wp\/v2\/media\/663455"}],"wp:attachment":[{"href":"https:\/\/arantv.az\/index.php?rest_route=%2Fwp%2Fv2%2Fmedia&parent=663454"}],"wp:term":[{"taxonomy":"category","embeddable":true,"href":"https:\/\/arantv.az\/index.php?rest_route=%2Fwp%2Fv2%2Fcategories&post=663454"},{"taxonomy":"post_tag","embeddable":true,"href":"https:\/\/arantv.az\/index.php?rest_route=%2Fwp%2Fv2%2Ftags&post=663454"}],"curies":[{"name":"wp","href":"https:\/\/api.w.org\/{rel}","templated":true}]}}