{"id":663457,"date":"2023-12-01T10:08:04","date_gmt":"2023-12-01T06:08:04","guid":{"rendered":"https:\/\/arantv.az\/?p=663457"},"modified":"2023-12-01T10:08:04","modified_gmt":"2023-12-01T06:08:04","slug":"fransa-erm%c9%99nistani-yeni-faci%c9%99l%c9%99r%c9%99-surukl%c9%99yir","status":"publish","type":"post","link":"https:\/\/arantv.az\/?p=663457","title":{"rendered":"Fransa Erm\u0259nistan\u0131 yeni faci\u0259l\u0259r\u0259 s\u00fcr\u00fckl\u0259yir"},"content":{"rendered":"<p><em><strong>Bu g\u00fcn i\u015f\u011fal\u00e7\u0131 \u00f6lk\u0259d\u0259 s\u00fclhl\u0259 ba\u011fl\u0131 t\u0259liml\u0259r\u0259 daha \u00e7ox ehtiyac var<\/strong><\/em><\/p>\n<p>\u018frazi b\u00fct\u00f6vl\u00fcy\u00fcn\u00fc v\u0259 suverenliyini tam b\u0259rpa etmi\u015f Az\u0259rbaycan t\u0259cav\u00fczkar Erm\u0259nistana he\u00e7 bir t\u0259hdid yaratm\u0131r. H\u0259tta r\u0259smi Bak\u0131 \u0259n y\u00fcks\u0259k s\u0259viyy\u0259d\u0259 d\u0259f\u0259l\u0259rl\u0259 b\u0259yan edib ki, bizim Erm\u0259nistan \u0259razisind\u0259 g\u00f6z\u00fcm\u00fcz yoxdur. Amma AB\u015e-\u0131 v\u0259 Q\u0259rbin \u00a0bir s\u0131ra d\u00f6vl\u0259tl\u0259rini, h\u0259m\u00e7inin beyn\u0259lxalq t\u0259\u015fkilatlar\u0131 Az\u0259rbaycana qar\u015f\u0131 q\u0259r\u0259zli q\u0259rar v\u0259 q\u0259tnam\u0259l\u0259r q\u0259bul etm\u0259y\u0259 t\u0259hrik ed\u0259n Fransa\u00a0 bunlar\u0131n he\u00e7 birin\u0259 \u0259h\u0259miyy\u0259t vermir. H\u0259tta r\u0259smi Paris utan\u0131b-q\u0131zarmadan Az\u0259rbaycan\u0131n Erm\u0259nistana \u201cg\u00f6zl\u0259nil\u0259n h\u0259rbi m\u00fcdaxil\u0259sind\u0259n d\u0259rin narahatl\u0131q ke\u00e7irdiyini\u201d d\u0259 a\u00e7\u0131q-a\u015fkar bildirir. Halbuki, 30 il \u0259rzind\u0259 \u00f6lk\u0259mizin 20 faiz \u0259razisinin haylar t\u0259r\u0259find\u0259n i\u015f\u011fal\u0131na g\u00f6z yuman Fransan\u0131n Az\u0259rbaycan\u0131 t\u0259cav\u00fczkar \u00f6lk\u0259nin \u0259razi b\u00fct\u00f6vl\u00fcy\u00fcn\u0259 t\u0259hdid yaratmaqda ittiham etm\u0259si olduqca absurddur.\u00a0 Bu \u00f6lk\u0259nin yaln\u0131z bir m\u0259qs\u0259di var: N\u0259yin bahas\u0131na olursa &#8211; olsun C\u0259nubi Qafqazda m\u00f6hk\u0259ml\u0259nm\u0259k namin\u0259 yeni toqqu\u015fmalara nail olmaq v\u0259 Erm\u0259nistan\u0131n \u0259li il\u0259 h\u0259rbi g\u0259rginlik riskini art\u0131rmaq.<\/p>\n<p>B\u00fct\u00fcn beyn\u0259lxalq t\u0259\u015fkilatlarda Erm\u0259nistan adl\u0131 \u201cba\u00e7\u0131\u201ds\u0131n\u0131n v\u0259kili qismind\u0259 \u00e7\u0131x\u0131\u015f ed\u0259n Fransan\u0131n i\u015f\u011fal\u00e7\u0131n\u0131 \u00a0silahland\u0131rmas\u0131 v\u0259 dig\u0259r \u00f6lk\u0259l\u0259ri buna t\u0259\u015fviq etm\u0259si art\u0131q faktd\u0131r. T\u0259kc\u0259 bir fakt\u0131 xat\u0131rladaq ki, Avropa \u0130ttifaq\u0131n\u0131n m\u00fc\u015fahid\u0259 missiyas\u0131 alt\u0131nda Erm\u0259nistan-Az\u0259rbaycan s\u0259rh\u0259dind\u0259 yerl\u0259\u015fdirdiyi x\u00fcsusi missiyan\u0131n t\u0259rkibinin geni\u015fl\u0259ndirilm\u0259sin\u0259 v\u0259 ona \u0259lav\u0259 yeni funksiyalar\u0131n verilm\u0259sin\u0259 nail olan Fransa noyabr\u0131n 12-d\u0259 \u00a0n\u00f6vb\u0259ti h\u0259rbi texnikan\u0131 t\u0259cav\u00fczkar \u00f6lk\u0259y\u0259 \u00e7atd\u0131r\u0131b. Yeri g\u0259lmi\u015fk\u0259n qeyd ed\u0259k ki, son g\u00fcnl\u0259r Fransan\u0131n t\u0259hriki il\u0259 Avropa \u0130ttifaq\u0131n\u0131n \u201cAvropa S\u00fclh Fondu\u201d \u00e7\u0259r\u00e7iv\u0259sind\u0259 Erm\u0259nistana h\u0259rbi yard\u0131m g\u00f6st\u0259ril\u0259c\u0259yi d\u0259 g\u00fcnd\u0259m\u0259 g\u0259lib. \u015e\u00fcbh\u0259siz, b\u00fct\u00fcn bunlar\u00a0 regionda g\u0259rginliyin artmas\u0131na, Erm\u0259nistanda revan\u015fizmin g\u00fccl\u0259nm\u0259sin\u0259 xidm\u0259t edir.<\/p>\n<p>Demokratiyadan, insan h\u00fcquqlar\u0131ndan d\u0259m vuran Makron Fransas\u0131\u00a0 indi d\u0259 \u00f6z t\u0259lim m\u0259rk\u0259zl\u0259rind\u0259 erm\u0259ni \u0259sg\u0259rl\u0259rin\u0259 t\u0259liml\u0259r ke\u00e7m\u0259y\u0259, daha do\u011frusu, NATO standarlar\u0131na uy\u011fun daha d\u00f6y\u00fc\u015fk\u0259n \u0259sg\u0259rl\u0259r haz\u0131rlama\u011fa r\u0259vac verib. Bununla da d\u00fcnyan\u0131n 13 \u00f6lk\u0259sind\u0259 m\u00fcst\u0259ml\u0259k\u0259 siyas\u0259ti aparan Fransa Erm\u0259nistanda olan separat\u00e7\u0131 q\u00fcvv\u0259l\u0259r\u0259 d\u0259st\u0259k verir. M\u0259lumatlara g\u00f6r\u0259, h\u0259min t\u0259liml\u0259r\u0259 Qaraba\u011f\u0131 t\u0259rk ed\u0259n erm\u0259ni \u0259silli g\u0259ncl\u0259r d\u0259 c\u0259lb olunublar. \u015e\u00fcbh\u0259siz, \u00a0bu \u201ck\u00f6n\u00fcll\u00fcl\u0259r\u201din \u0259ks\u0259riyy\u0259ti Az\u0259rbaycana qar\u015f\u0131 vuru\u015fmu\u015f erm\u0259ni silahl\u0131 d\u0259st\u0259l\u0259rinin v\u0259 separat\u00e7\u0131lar\u0131n silahl\u0131 qruplar\u0131n\u0131n \u00fczvl\u0259ridir.<\/p>\n<p>B\u0259zi informasiya agentlikl\u0259ri bildirirl\u0259r ki, guya b\u00fct\u00fcn bu haz\u0131rl\u0131qlar \u00a0Ukraynada Rusiyaya qar\u015f\u0131 d\u00f6y\u00fc\u015fm\u0259k \u00fc\u00e7\u00fcn erm\u0259nil\u0259rd\u0259n ibar\u0259t d\u0259st\u0259l\u0259rin t\u0259\u015fkili il\u0259 \u0259laq\u0259dard\u0131r. Halbuki, bu, Fransan\u0131n dikt\u0259si il\u0259 ictimai r\u0259yi \u00e7a\u015fd\u0131rmaqdan ba\u015fqa bir \u015fey deyil. \u018fslind\u0259 m\u0259s\u0259l\u0259 ba\u015fqa c\u00fcrd\u00fcr. Bel\u0259 ki, h\u0259r g\u00fcn \u00f6lk\u0259miz\u0259 qar\u015f\u0131 h\u0259dyanlar s\u0259sl\u0259ndir\u0259n, r\u0259smi Bak\u0131n\u0131n u\u011furlar\u0131n\u0131 h\u0259zm ed\u0259 bilm\u0259y\u0259n, erm\u0259nip\u0259r\u0259stliyin pik n\u00f6qt\u0259sind\u0259 q\u0259rar tutan Fransa Az\u0259rbaycana qar\u015f\u0131 d\u00f6y\u00fc\u015f\u00e7\u00fcl\u0259r haz\u0131rlay\u0131r. El\u0259\u00a0 r\u0259smi Parisin C\u0259nubi Qafqazla ba\u011fl\u0131 planlar\u0131, son g\u00fcnl\u0259rd\u0259ki davran\u0131\u015f\u0131, h\u0259m\u00e7inin Erm\u0259nistan\u0131n revan\u015fist fikirl\u0259rd\u0259n h\u0259l\u0259 \u0259l \u00e7\u0259km\u0259m\u0259si \u00a0bel\u0259 q\u0259na\u0259t\u0259 g\u0259lm\u0259y\u0259 \u0259sas verir. Bir s\u00f6zl\u0259, d\u00fcn\u0259n\u0259 q\u0259d\u0259r Nikol Pa\u015finyana v\u0259 onun havadarlar\u0131na \u201cd\u0259rs\u201d ke\u00e7\u0259n, onlara \u201cyol\u201d g\u00f6st\u0259r\u0259n Fransa indi d\u0259 erm\u0259ni h\u0259rb\u00e7il\u0259rini t\u0259limatland\u0131r\u0131r.<\/p>\n<p>\u015e\u00fcbh\u0259siz, Fransan\u0131n regiondak\u0131 da\u011f\u0131d\u0131c\u0131 xarakter da\u015f\u0131yan siyas\u0259ti s\u00fclh\u0259 t\u0259hdiddir. Fransan\u0131n bu g\u00fcn b\u00f6lg\u0259d\u0259 yeni reall\u0131qlar yaradan Az\u0259rbaycanla t\u0259zyiq dilind\u0259 dan\u0131\u015fmas\u0131 v\u0259 \u201cbac\u0131\u201ds\u0131n\u0131 silahland\u0131rmas\u0131, \u00fcst\u0259lik erm\u0259ni \u0259sg\u0259rl\u0259rin\u0259 t\u0259liml\u0259r ke\u00e7m\u0259si m\u0259nas\u0131z add\u0131mlard\u0131r.\u00a0\u00a0\u00c7\u00fcnki bu kimi add\u0131mlar Az\u0259rbaycan\u0131 haqq yolundan \u00a0d\u00f6nd\u0259rm\u0259k iqtidar\u0131nda deyil. Noyabr\u0131n 20-d\u0259 \u0130raq Respublikas\u0131n\u0131n Prezidenti \u018fbd\u00fcll\u0259tif Camal R\u0259\u015fidin Az\u0259rbaycana r\u0259smi s\u0259f\u0259ri \u00e7\u0259r\u00e7iv\u0259sind\u0259 m\u0259tbuata b\u0259yanat\u0131nda d\u00f6vl\u0259timizin ba\u015f\u00e7\u0131s\u0131 \u0130lham \u018fliyev demi\u015fdir: \u201cFransa C\u0259nubi Qafqazda \u00e7ox destruktiv rol oynay\u0131r. \u018fslind\u0259, indi Erm\u0259nistan Fransa h\u00f6kum\u0259tinin marionetin\u0259 \u00e7evrilib v\u0259 bu, regional sabitliy\u0259 ciddi t\u0259hl\u00fck\u0259 ola bil\u0259r\u2026 Fransa h\u00f6kum\u0259tind\u0259n g\u0259l\u0259n yanl\u0131\u015f mesajlar, \u0259slind\u0259, Erm\u0259nistan h\u00f6kum\u0259tind\u0259 v\u0259 ola bilsin ictimai r\u0259yind\u0259 onlar\u0131n Az\u0259rbaycana qar\u015f\u0131 n\u00f6vb\u0259ti h\u0259rbi t\u0259cav\u00fcz\u0259 ba\u015flaya bil\u0259c\u0259kl\u0259rin\u0259 dair ill\u00fcziya yarad\u0131r. Erm\u0259nistan\u0131 silahland\u0131rmaqla, hans\u0131 ki, Fransa q\u00fcrur duyur v\u0259 bunu ictimai \u015f\u0259kild\u0259 bildirir, Erm\u0259nistan yeni bir m\u00fcharib\u0259y\u0259 ba\u015flamaq q\u0259rar\u0131 vers\u0259, bu, ona k\u00f6m\u0259k etm\u0259y\u0259c\u0259k. N\u0259tic\u0259 eyni olacaq. He\u00e7 k\u0259s onlara k\u00f6m\u0259k etm\u0259y\u0259c\u0259k. \u00dc\u00e7 il bundan \u0259vv\u0259l Fransa onlara k\u00f6m\u0259k etdi? Xeyr. \u0130ki ay bundan \u0259vv\u0259l onlara k\u00f6m\u0259k etdi? Xeyr. Onlar burada n\u0259 ed\u0259 bil\u0259rl\u0259r. He\u00e7 n\u0259\u201d. Buradan bir daha bel\u0259 n\u0259tic\u0259y\u0259 g\u0259lm\u0259k olar ki, Erm\u0259nistan\u0131n inki\u015faf\u0131, nicat\u0131\u00a0 onu t\u0259hl\u00fck\u0259l\u0259r\u0259 s\u00fcr\u00fckl\u0259y\u0259n, oyunca\u011fa \u00e7evir\u0259n Fransa kimi \u00f6lk\u0259l\u0259rd\u0259 deyil, \u00f6lk\u0259miz il\u0259 dost \u0259m\u0259kda\u015fl\u0131q m\u00fcnasib\u0259tl\u0259rinin qurulmas\u0131ndad\u0131r. Ba\u015fqa s\u00f6zl\u0259 des\u0259k, Hayastan C\u0259nubi Qafqazda n\u0259y\u0259s\u0259 nail olmaq ist\u0259yirs\u0259 Az\u0259rbaycan\u0131n t\u0259klif etdiyi s\u00fclh sazi\u015fini imzalamal\u0131d\u0131r. Y\u0259ni, bu \u00f6lk\u0259 Q\u0259rbin, o c\u00fcml\u0259d\u0259n Fransan\u0131n deyil, r\u0259smi Bak\u0131n\u0131n \u0259t\u0259yind\u0259n m\u00f6hk\u0259m yap\u0131\u015fmal\u0131d\u0131r. Fikrimizc\u0259, haz\u0131rda Erm\u0259nistan\u0131n bu istiqam\u0259td\u0259 t\u0259liml\u0259r\u0259 daha \u00e7ox ehtiyac\u0131 var.<\/p>\n","protected":false},"excerpt":{"rendered":"<p>Bu g\u00fcn i\u015f\u011fal\u00e7\u0131 \u00f6lk\u0259d\u0259 s\u00fclhl\u0259 ba\u011fl\u0131 t\u0259liml\u0259r\u0259 daha \u00e7ox ehtiyac var \u018frazi b\u00fct\u00f6vl\u00fcy\u00fcn\u00fc v\u0259 suverenliyini tam b\u0259rpa etmi\u015f Az\u0259rbaycan t\u0259cav\u00fczkar Erm\u0259nistana he\u00e7 bir t\u0259hdid yaratm\u0131r. H\u0259tta r\u0259smi Bak\u0131 \u0259n y\u00fcks\u0259k s\u0259viyy\u0259d\u0259 d\u0259f\u0259l\u0259rl\u0259 b\u0259yan edib ki, bizim Erm\u0259nistan \u0259razisind\u0259 g\u00f6z\u00fcm\u00fcz yoxdur. Amma AB\u015e-\u0131 v\u0259 Q\u0259rbin \u00a0bir s\u0131ra d\u00f6vl\u0259tl\u0259rini, h\u0259m\u00e7inin beyn\u0259lxalq t\u0259\u015fkilatlar\u0131 Az\u0259rbaycana qar\u015f\u0131 q\u0259r\u0259zli q\u0259rar v\u0259 q\u0259tnam\u0259l\u0259r q\u0259bul etm\u0259y\u0259 t\u0259hrik ed\u0259n Fransa\u00a0 bunlar\u0131n he\u00e7 birin\u0259 \u0259h\u0259miyy\u0259t vermir. H\u0259tta r\u0259smi Paris utan\u0131b-q\u0131zarmadan Az\u0259rbaycan\u0131n Erm\u0259nistana \u201cg\u00f6zl\u0259nil\u0259n h\u0259rbi m\u00fcdaxil\u0259sind\u0259n d\u0259rin narahatl\u0131q ke\u00e7irdiyini\u201d d\u0259 a\u00e7\u0131q-a\u015fkar bildirir. Halbuki, 30 il \u0259rzind\u0259 \u00f6lk\u0259mizin 20 faiz \u0259razisinin haylar&hellip;<\/p>\n","protected":false},"author":2,"featured_media":663458,"comment_status":"closed","ping_status":"closed","sticky":false,"template":"","format":"standard","meta":{"om_disable_all_campaigns":false,"_monsterinsights_skip_tracking":false,"_monsterinsights_sitenote_active":false,"_monsterinsights_sitenote_note":"","_monsterinsights_sitenote_category":0},"categories":[19],"tags":[],"aioseo_notices":[],"gutentor_comment":0,"rttpg_featured_image_url":{"full":["https:\/\/arantv.az\/wp-content\/uploads\/2023\/12\/a2eab75e167465198099009419310729947.jpg",975,540,false],"landscape":["https:\/\/arantv.az\/wp-content\/uploads\/2023\/12\/a2eab75e167465198099009419310729947.jpg",975,540,false],"portraits":["https:\/\/arantv.az\/wp-content\/uploads\/2023\/12\/a2eab75e167465198099009419310729947.jpg",975,540,false],"thumbnail":["https:\/\/arantv.az\/wp-content\/uploads\/2023\/12\/a2eab75e167465198099009419310729947-500x280.jpg",500,280,true],"medium":["https:\/\/arantv.az\/wp-content\/uploads\/2023\/12\/a2eab75e167465198099009419310729947-660x365.jpg",660,365,true],"large":["https:\/\/arantv.az\/wp-content\/uploads\/2023\/12\/a2eab75e167465198099009419310729947-840x465.jpg",640,354,true],"1536x1536":["https:\/\/arantv.az\/wp-content\/uploads\/2023\/12\/a2eab75e167465198099009419310729947.jpg",975,540,false],"2048x2048":["https:\/\/arantv.az\/wp-content\/uploads\/2023\/12\/a2eab75e167465198099009419310729947.jpg",975,540,false],"post-thumbnail":["https:\/\/arantv.az\/wp-content\/uploads\/2023\/12\/a2eab75e167465198099009419310729947-240x172.jpg",240,172,true],"advps-thumb-one":["https:\/\/arantv.az\/wp-content\/uploads\/2023\/12\/a2eab75e167465198099009419310729947.jpg",975,540,false]},"rttpg_author":{"display_name":"V\u00fcsal Rafiqo\u011flu","author_link":"https:\/\/arantv.az\/?author=2"},"rttpg_comment":0,"rttpg_category":"<a href=\"https:\/\/arantv.az\/?cat=19\" rel=\"category\">G\u00fcnd\u0259m<\/a>","rttpg_excerpt":"Bu g\u00fcn i\u015f\u011fal\u00e7\u0131 \u00f6lk\u0259d\u0259 s\u00fclhl\u0259 ba\u011fl\u0131 t\u0259liml\u0259r\u0259 daha \u00e7ox ehtiyac var \u018frazi b\u00fct\u00f6vl\u00fcy\u00fcn\u00fc v\u0259 suverenliyini tam b\u0259rpa etmi\u015f Az\u0259rbaycan t\u0259cav\u00fczkar Erm\u0259nistana he\u00e7 bir t\u0259hdid yaratm\u0131r. H\u0259tta r\u0259smi Bak\u0131 \u0259n y\u00fcks\u0259k s\u0259viyy\u0259d\u0259 d\u0259f\u0259l\u0259rl\u0259 b\u0259yan edib ki, bizim Erm\u0259nistan \u0259razisind\u0259 g\u00f6z\u00fcm\u00fcz yoxdur. Amma AB\u015e-\u0131 v\u0259 Q\u0259rbin \u00a0bir s\u0131ra d\u00f6vl\u0259tl\u0259rini, h\u0259m\u00e7inin beyn\u0259lxalq t\u0259\u015fkilatlar\u0131 Az\u0259rbaycana qar\u015f\u0131 q\u0259r\u0259zli q\u0259rar v\u0259&hellip;","_links":{"self":[{"href":"https:\/\/arantv.az\/index.php?rest_route=\/wp\/v2\/posts\/663457"}],"collection":[{"href":"https:\/\/arantv.az\/index.php?rest_route=\/wp\/v2\/posts"}],"about":[{"href":"https:\/\/arantv.az\/index.php?rest_route=\/wp\/v2\/types\/post"}],"author":[{"embeddable":true,"href":"https:\/\/arantv.az\/index.php?rest_route=\/wp\/v2\/users\/2"}],"replies":[{"embeddable":true,"href":"https:\/\/arantv.az\/index.php?rest_route=%2Fwp%2Fv2%2Fcomments&post=663457"}],"version-history":[{"count":0,"href":"https:\/\/arantv.az\/index.php?rest_route=\/wp\/v2\/posts\/663457\/revisions"}],"wp:featuredmedia":[{"embeddable":true,"href":"https:\/\/arantv.az\/index.php?rest_route=\/wp\/v2\/media\/663458"}],"wp:attachment":[{"href":"https:\/\/arantv.az\/index.php?rest_route=%2Fwp%2Fv2%2Fmedia&parent=663457"}],"wp:term":[{"taxonomy":"category","embeddable":true,"href":"https:\/\/arantv.az\/index.php?rest_route=%2Fwp%2Fv2%2Fcategories&post=663457"},{"taxonomy":"post_tag","embeddable":true,"href":"https:\/\/arantv.az\/index.php?rest_route=%2Fwp%2Fv2%2Ftags&post=663457"}],"curies":[{"name":"wp","href":"https:\/\/api.w.org\/{rel}","templated":true}]}}