{"id":663495,"date":"2023-12-01T11:22:07","date_gmt":"2023-12-01T07:22:07","guid":{"rendered":"https:\/\/arantv.az\/?p=663495"},"modified":"2023-12-01T11:22:07","modified_gmt":"2023-12-01T07:22:07","slug":"sulh-sazisi-qu-qusu-baliq-v%c9%99-x%c9%99rc%c9%99ng-dartismasina-cevrilir","status":"publish","type":"post","link":"https:\/\/arantv.az\/?p=663495","title":{"rendered":"S\u00fclh sazi\u015fi \u201cQu qu\u015fu, bal\u0131q v\u0259 x\u0259r\u00e7\u0259ng\u201d dart\u0131\u015fmas\u0131na \u00e7evrilir"},"content":{"rendered":"<p><strong>Va\u015finqton, Br\u00fcssel v\u0259 Moskva aras\u0131nda m\u00f6vqe sava\u015flar\u0131 q\u0131z\u0131\u015f\u0131r; Ceyms O\u2019Brayen Az\u0259rbaycan r\u0259hb\u0259rliyini s\u00fclh dan\u0131\u015f\u0131qlar\u0131n\u0131n Q\u0259rb platformas\u0131nda apar\u0131lmas\u0131na inand\u0131rma\u011fa \u00e7al\u0131\u015facaq<\/strong><\/p>\n<p>AB\u015e-\u0131n AT\u018fT-d\u0259ki s\u0259firi Va\u015finqtonun Az\u0259rbaycan v\u0259 Erm\u0259nistan aras\u0131nda s\u00fclh dan\u0131\u015f\u0131qlar\u0131n\u0131 davam etdirm\u0259k niyy\u0259tini t\u0259sdiql\u0259yib.<\/p>\n<p>\u201cYeni M\u00fcsavat\u201d bildirir ki, \u201cTuran\u201d\u0131n Va\u015finqton m\u00fcxbiri bu x\u0259b\u0259ri verib. AT\u018fT-d\u0259ki s\u0259fir Maykl Karpenter virtual brifinqd\u0259 deyib ki, Birl\u0259\u015fmi\u015f \u015etatlar ard\u0131c\u0131l olaraq Erm\u0259nistan v\u0259 Az\u0259rbaycan aras\u0131nda m\u00fcnasib\u0259tl\u0259rin normalla\u015fmas\u0131n\u0131 arzulay\u0131r. Onun s\u00f6zl\u0259rin\u0259 g\u00f6r\u0259, son bir il \u0259rzind\u0259 AB\u015e Erm\u0259nistan v\u0259 Az\u0259rbaycan aras\u0131nda bir s\u0131ra dan\u0131\u015f\u0131qlar t\u0259\u015fkil edib. D\u00f6vl\u0259t katibi Blinkenin C\u0259nubi Qafqazda b\u00fct\u00fcn \u00f6lk\u0259l\u0259rin maraqlar\u0131na cavab ver\u0259n m\u00fcnasib\u0259tl\u0259rin normalla\u015fmas\u0131na, regionda a\u00e7\u0131q kommunikasiyalara v\u0259 ticar\u0259t\u0259 yol a\u00e7acaq s\u00fclh sazi\u015finin tap\u0131lmas\u0131 s\u0259yl\u0259rind\u0259 \u015f\u0259xs\u0259n i\u015ftirak etdiyi vur\u011fulayan amerikal\u0131 s\u0259fir \u0259lav\u0259 edib ki, t\u0259r\u0259fl\u0259r m\u00fcnasib\u0259tl\u0259rin normalla\u015fmas\u0131nda raz\u0131l\u0131\u011fa g\u0259lm\u0259k \u00fc\u00e7\u00fcn bu yax\u015f\u0131 vasit\u0259l\u0259rd\u0259n istifad\u0259 etm\u0259lidirl\u0259r. Sonda s\u0259fir Karpenter qeyd edib ki, Va\u015finqton qa\u00e7q\u0131nlar\u0131n t\u0259hl\u00fck\u0259siz qay\u0131tmas\u0131n\u0131 v\u0259 davaml\u0131 reinteqrasiya olmas\u0131 prinsipini d\u0259st\u0259kl\u0259yir.<\/p>\n<p><strong>Yada salaq ki, AB\u015e d\u00f6vl\u0259t katibi Entoni Blinken Az\u0259rbaycan Prezidenti \u0130lham \u018fliyev v\u0259 Erm\u0259nistan\u0131n ba\u015f naziri Nikol Pa\u015finyanla ayr\u0131-ayr\u0131l\u0131qda iki \u00f6lk\u0259 aras\u0131nda davaml\u0131 v\u0259 l\u0259yaq\u0259tli s\u00fclh\u00fcn \u0259ld\u0259 olunmas\u0131n\u0131 m\u00fczakir\u0259 edib. D\u00f6vl\u0259t katibi Prezident \u018fliyevin Az\u0259rbaycan v\u0259 Erm\u0259nistan aras\u0131nda davaml\u0131 v\u0259 \u015f\u0259r\u0259fli s\u00fclh sazi\u015fi ba\u011flamaq ist\u0259yini alq\u0131\u015flay\u0131b. D\u00f6vl\u0259t katibi bu uzanan m\u00fcnaqi\u015f\u0259nin h\u0259m az\u0259rbaycanl\u0131lara, h\u0259m d\u0259 erm\u0259nil\u0259r\u0259 iztirab s\u0259b\u0259bi oldu\u011funu qeyd etdi v\u0259 s\u00fclh\u00fcn regiona g\u0259tir\u0259c\u0259yi faydalar\u0131 vur\u011fulay\u0131b. Blinkenin \u00e7a\u011f\u0131r\u0131\u015flar\u0131 D\u00f6vl\u0259t Departamentinin y\u00fcks\u0259k s\u0259viyy\u0259li r\u0259smil\u0259rinin Az\u0259rbaycan v\u0259 Erm\u0259nistan\u0131n s\u00fclh ba\u011flamaq \u00fc\u00e7\u00fcn \u201creal imkan\u201d oldu\u011funa dair nikbinliyini ifad\u0259 etdikl\u0259ri vaxta t\u0259sad\u00fcf edir. D\u00f6vl\u0259t katibinin k\u00f6m\u0259k\u00e7isi Ceyms O\u2019Brayen d\u0259 deyib ki, \u201ch\u0259r iki t\u0259r\u0259fin bir-biri il\u0259 birba\u015fa v\u0259 vasit\u0259\u00e7il\u0259rl\u0259 dan\u0131\u015fmas\u0131 bizi h\u0259v\u0259sl\u0259ndirir\u201d.<\/strong><\/p>\n<p>Bel\u0259 vaxtda is\u0259 G\u00fcrc\u00fcstan parlamentinin s\u0259dri \u015ealva Papua\u015fvili il\u0259 Erm\u0259nistan T\u0259hl\u00fck\u0259sizlik \u015euras\u0131n\u0131n katibi Armen Qriqoryan bir araya g\u0259lib. G\u00f6r\u00fc\u015fd\u0259 Erm\u0259nistan v\u0259 Az\u0259rbaycan aras\u0131nda s\u00fclh m\u00fcqavil\u0259si m\u00fczakir\u0259 edilib. G\u00fcrc\u00fc spiker \u00f6lk\u0259sinin regionda s\u00fclh\u00fcn b\u0259rq\u0259rar olmas\u0131na haz\u0131r oldu\u011funu vur\u011fulay\u0131b. Bu prosesl\u0259rin gedi\u015find\u0259 is\u0259 Az\u0259rbaycan\u0131n xarici i\u015fl\u0259r naziri Ceyhun Bayramov dekabr\u0131n 5-d\u0259 Rusiyada olacaq. O, rusiyal\u0131 h\u0259mkar\u0131 Sergey Lavrovun s\u0259drliyi il\u0259 X\u0259z\u0259r \u0259m\u0259kda\u015fl\u0131\u011f\u0131na dair iclasda i\u015ftirak ed\u0259c\u0259k. Ehtimal edilir ki, g\u00fcrc\u00fc v\u0259 erm\u0259ni r\u0259smil\u0259r kimi, Lavrovla Bayramov aras\u0131nda da ikit\u0259r\u0259fli dan\u0131\u015f\u0131qlarda \u0259sas m\u00fczakir\u0259 m\u00f6vzusu s\u00fclh s\u0259n\u0259di olacaq. Avropa \u0130ttifaq\u0131n\u0131n C\u0259nubi Qafqaz v\u0259 G\u00fcrc\u00fcstan b\u00f6hran\u0131 \u00fczr\u0259 x\u00fcsusi n\u00fcmay\u0259nd\u0259si Toivo Klaar is\u0259 sosial \u015f\u0259b\u0259k\u0259 hesab\u0131ndan yaz\u0131b ki, Ankarada\u00a0 \u201cErm\u0259nistan v\u0259 Az\u0259rbaycan aras\u0131ndak\u0131 s\u00fclh prosesi ba\u015fda olmaqla, C\u0259nubi Qafqaz b\u00f6lg\u0259si il\u0259 \u0259laq\u0259dar A\u0130 v\u0259 T\u00fcrkiy\u0259ni maraqland\u0131ran ortaq m\u00f6vzular m\u00fczakir\u0259\u00a0 edib\u201d. \u201cAz\u0259rbaycanla s\u00fclh m\u00fcqavil\u0259si 15 g\u00fcn \u0259rzind\u0259 imzalana bil\u0259r\u201d &#8211; bu da Erm\u0259nistan parlamentinin spikeri Alen Simonyan\u0131n fikridir. O, h\u0259m\u00e7inin bildirib ki, haz\u0131rda Erm\u0259nistan v\u0259 Az\u0259rbaycan liderl\u0259rinin g\u00f6r\u00fc\u015f\u00fc haqq\u0131nda raz\u0131la\u015fma yoxdur. Bel\u0259 bir t\u0259klif olsa, Erm\u0259nistan onu m\u00fczakir\u0259 etm\u0259y\u0259 haz\u0131rd\u0131r. Anklavlar m\u00f6vzusuna toxunan Simonyan qeyd edib ki, konkretlik yoxdur, amma h\u0259ll olacaq.<\/p>\n<p>Bel\u0259likl\u0259, m\u00fcxt\u0259lif g\u00f6r\u00fc\u015fl\u0259rd\u0259, ayr\u0131-ayr\u0131 paytaxtlardan veril\u0259n b\u0259yanatlarda s\u00fclh sazi\u015find\u0259n b\u0259hs edilir. Amma s\u00fclh m\u00fcqavil\u0259si, onun m\u0259tni ortada yoxdur, sad\u0259c\u0259, yen\u0259 d\u0259 Q\u0259rbl\u0259 Rusiyan\u0131n maraq v\u0259 m\u00f6vqe sava\u015flar\u0131 q\u0131z\u0131\u015f\u0131r. V\u0259 bu yar\u0131\u015f\u0131n s\u00fcr\u0259tl\u0259ndiyini, AB\u015e-\u0131n yenid\u0259n f\u0259alla\u015fd\u0131\u011f\u0131n\u0131 g\u0259l\u0259n h\u0259ft\u0259 Blinkenin k\u00f6m\u0259k\u00e7isi O\u2019Brayenin b\u00f6lg\u0259y\u0259 g\u0259l\u0259c\u0259yi x\u0259b\u0259ri d\u0259 t\u0259sdiql\u0259yir. Eyni zamanda Moskva s\u00fclh dan\u0131\u015f\u0131qlar\u0131nda t\u0259r\u0259fl\u0259rd\u0259n biri olmaqdan vaz ke\u00e7m\u0259yib. Br\u00fcssel is\u0259 h\u0259l\u0259 ki t\u0259\u015f\u0259bb\u00fcs\u00fc AB\u015e-a burax\u0131b v\u0259 x\u00fcsusi f\u0259all\u0131q g\u00f6st\u0259rmir. Y\u0259ni s\u00fclh s\u0259n\u0259din\u0259 imzas\u0131n\u0131 qoymaq ist\u0259y\u0259nl\u0259r aras\u0131nda ciddi m\u00fcbariz\u0259 gedir. S\u00fclh sazi\u015fi Kr\u0131lovun t\u0259msilind\u0259ki \u201cx\u0259r\u00e7\u0259ng\u201d v\u0259 \u201cdurna bal\u0131\u011f\u0131\u201d dart\u0131\u015fmas\u0131na \u00e7evrilir. Bu c\u00fcr\u00a0 dart\u0131\u015fma is\u0259 h\u0259mi\u015f\u0259 s\u00fclh prosesin\u0259 z\u0259rb\u0259 vurur.<\/p>\n<p><img src=\"https:\/\/files.modern.az\/articles\/2022\/09\/06\/1662452149_1660656719_akifakifqat.jpg\" alt=\"Akif Na\u011f\u0131: \u201cQ\u0259rbin buradak\u0131 m\u0259krli plan\u0131na qar\u015f\u0131 3 \u00f6lk\u0259...\u201d\" \/><\/p>\n<p><strong>Akif Na\u011f\u0131\u00a0<\/strong><\/p>\n<p><strong>Azad V\u0259t\u0259n Partiyas\u0131n\u0131n s\u0259dri Akif Na\u011f\u0131 \u201cYeni M\u00fcsavat\u201da qeyd etdi ki, h\u0259l\u0259 ki s\u00f6z s\u0259viyy\u0259sind\u0259 s\u00fclh b\u0259yanatlar\u0131 verilir, h\u0259l\u0259lik r\u0259qab\u0259t gedir, \u0259slind\u0259, s\u00fclh \u00fc\u00e7\u00fcn real v\u0259ziyy\u0259t g\u00f6r\u00fcnm\u00fcr:<\/strong>\u00a0\u201cSad\u0259c\u0259, \u015f\u0259rtl\u0259r d\u0259yi\u015fib. Q\u0259rb Rusiyan\u0131 C\u0259nubi Qafqazdan \u00e7\u0131xarmaq strategiyas\u0131 se\u00e7ib. Erm\u0259nistan da oriyentiyas\u0131n\u0131 d\u0259yi\u015fm\u0259kd\u0259dir. Dig\u0259r \u015f\u0259rait ondan ibar\u0259tdir ki, Az\u0259rbaycan Xank\u0259ndid\u0259 suverenliyi b\u0259rpa edib v\u0259 erm\u0259ni \u0259halisi k\u00f6n\u00fcll\u00fc olaraq regionu t\u0259rk edib. \u0130r\u0259van indi s\u00fclh \u00fc\u00e7\u00fcn daha \u00e7ox \u00e7al\u0131\u015fmal\u0131d\u0131r. Haz\u0131rda s\u0259rh\u0259dd\u0259 ikit\u0259r\u0259fli g\u00f6r\u00fc\u015f ke\u00e7irilib, bunu inki\u015faf etdirs\u0259k, vasit\u0259\u00e7i olmadan dan\u0131\u015f\u0131qlar\u0131 davam etdir\u0259 bils\u0259k, 2024 s\u00fclh ili ola bil\u0259r. Amma Erm\u0259nistan \u0259m\u0259li add\u0131m atmal\u0131d\u0131r. Bizs\u0259 g\u00f6r\u00fcr\u00fck ki, \u0130r\u0259van Q\u0259rbd\u0259n g\u0259l\u0259c\u0259k siqnal\u0131 g\u00f6zl\u0259m\u0259kd\u0259dir\u201d.<\/p>\n<p><img src=\"https:\/\/cdn.qaynarinfo.az\/2022-07\/75acbff073d627e3e4d75618e7b7d7d41640585330_asifnerimanli-jpg.jpg\" alt=\"qaynarinfo.az\" \/><\/p>\n<p><strong>Asif N\u0259rimanl\u0131<\/strong><\/p>\n<p>Siyasi \u015f\u0259rh\u00e7i Asif N\u0259rimanl\u0131ya g\u00f6r\u0259, Va\u015finqtonun Bak\u0131 qar\u015f\u0131s\u0131nda geri \u00e7\u0259kilm\u0259si AB\u015e-\u0131n yeni layih\u0259si v\u0259 s\u00fclh sazi\u015fin\u0259 dair t\u0259klifl\u0259rinin q\u0259bul edilm\u0259si plan\u0131ndan qaynaqlan\u0131r: \u201cAB\u015e-da anlad\u0131lar ki, Az\u0259rbaycan\u0131 t\u0259zyiql\u0259 raz\u0131 sala bilm\u0259y\u0259c\u0259kl\u0259r v\u0259 Blinkenin z\u0259ngi il\u0259 &#8220;t\u0259mas strategiyas\u0131na&#8221; qay\u0131d\u0131rlar. Bu t\u0259klifl\u0259ri Bak\u0131ya Blinkenin \u018fliyevd\u0259n s\u0259f\u0259rin\u0259 icaz\u0259 verilm\u0259sini ist\u0259diyi Ceyms O\u2019Brayen g\u0259tir\u0259c\u0259k. Va\u015finqtonun plan\u0131n\u0131n n\u0259d\u0259n ibar\u0259t oldu\u011funu Obrayn\u0131n a\u00e7\u0131qlamas\u0131ndan m\u00fc\u0259yy\u0259n etm\u0259k m\u00fcmk\u00fcnd\u00fcr: AB\u015e M\u0259rk\u0259zi Asiyadan ba\u015flayan, Az\u0259rbaycan, Erm\u0259nistan v\u0259 T\u00fcrkiy\u0259d\u0259n ke\u00e7\u0259r\u0259k, Avropaya \u00e7\u0131xan ticar\u0259t yolunu t\u0259klif edir v\u0259 bununla Orta d\u0259hlizi (\u00c7ind\u0259n ba\u015flanan, M\u0259rk\u0259zi Asiyadan ke\u00e7\u0259r\u0259k, Az\u0259rbaycana \u00e7atan, buradan T\u00fcrkiy\u0259 \u00fcz\u0259rind\u0259n Avropaya \u00e7\u0131xan) n\u0259zar\u0259t\u0259 g\u00f6t\u00fcrm\u0259k ist\u0259yir&#8221;. Onun fikrinc\u0259, Va\u015finqton \u00fc\u00e7\u00fcn Az\u0259rbaycan v\u0259 T\u00fcrkiy\u0259 a\u00e7ar \u00f6lk\u0259l\u0259r, Bak\u0131 v\u0259 \u0130r\u0259van\u0131n Moskvan\u0131n \u00e7\u0259tirind\u0259n k\u0259narda s\u00fclh m\u00fcqavil\u0259si imzalamas\u0131 \u0259sas vasit\u0259dir: \u201cCeyms O\u2019Brayen Bak\u0131da Az\u0259rbaycan r\u0259hb\u0259rliyini bu layih\u0259y\u0259 v\u0259 s\u00fclh dan\u0131\u015f\u0131qlar\u0131n\u0131n Q\u0259rb platformas\u0131nda apar\u0131lmas\u0131na inand\u0131rma\u011fa \u00e7al\u0131\u015facaq. Erm\u0259nistan parlamentinin spikeri Alen Simonyan\u0131n &#8220;15 g\u00fcn \u0259rzind\u0259 Az\u0259rbaycanla s\u00fclh sazi\u015fi imzalana bil\u0259r&#8221; a\u00e7\u0131qlamas\u0131 da bununla ba\u011fl\u0131d\u0131r. \u0130r\u0259vanda hesab edirl\u0259r ki, AB\u015e Az\u0259rbaycan\u0131 raz\u0131 salacaq v\u0259 s\u00fclh m\u00fcqavil\u0259sinin erm\u0259nil\u0259rin ist\u0259yin\u0259 uy\u011fun imzalanmas\u0131na nail olacaqlar. M\u0259lumdur ki, Bak\u0131 Va\u015finqtonun layih\u0259sini q\u0259bul etm\u0259y\u0259c\u0259yi t\u0259qdird\u0259, AB\u015e yenid\u0259n t\u0259zyiq siyas\u0259tin\u0259 ke\u00e7\u0259 bil\u0259r&#8221;.<\/p>\n","protected":false},"excerpt":{"rendered":"<p>Va\u015finqton, Br\u00fcssel v\u0259 Moskva aras\u0131nda m\u00f6vqe sava\u015flar\u0131 q\u0131z\u0131\u015f\u0131r; Ceyms O\u2019Brayen Az\u0259rbaycan r\u0259hb\u0259rliyini s\u00fclh dan\u0131\u015f\u0131qlar\u0131n\u0131n Q\u0259rb platformas\u0131nda apar\u0131lmas\u0131na inand\u0131rma\u011fa \u00e7al\u0131\u015facaq AB\u015e-\u0131n AT\u018fT-d\u0259ki s\u0259firi Va\u015finqtonun Az\u0259rbaycan v\u0259 Erm\u0259nistan aras\u0131nda s\u00fclh dan\u0131\u015f\u0131qlar\u0131n\u0131 davam etdirm\u0259k niyy\u0259tini t\u0259sdiql\u0259yib. \u201cYeni M\u00fcsavat\u201d bildirir ki, \u201cTuran\u201d\u0131n Va\u015finqton m\u00fcxbiri bu x\u0259b\u0259ri verib. AT\u018fT-d\u0259ki s\u0259fir Maykl Karpenter virtual brifinqd\u0259 deyib ki, Birl\u0259\u015fmi\u015f \u015etatlar ard\u0131c\u0131l olaraq Erm\u0259nistan v\u0259 Az\u0259rbaycan aras\u0131nda m\u00fcnasib\u0259tl\u0259rin normalla\u015fmas\u0131n\u0131 arzulay\u0131r. Onun s\u00f6zl\u0259rin\u0259 g\u00f6r\u0259, son bir il \u0259rzind\u0259 AB\u015e Erm\u0259nistan v\u0259 Az\u0259rbaycan aras\u0131nda bir s\u0131ra dan\u0131\u015f\u0131qlar t\u0259\u015fkil edib. D\u00f6vl\u0259t katibi Blinkenin C\u0259nubi Qafqazda b\u00fct\u00fcn \u00f6lk\u0259l\u0259rin maraqlar\u0131na cavab ver\u0259n m\u00fcnasib\u0259tl\u0259rin&hellip;<\/p>\n","protected":false},"author":2,"featured_media":663496,"comment_status":"closed","ping_status":"closed","sticky":false,"template":"","format":"standard","meta":{"om_disable_all_campaigns":false,"_monsterinsights_skip_tracking":false,"_monsterinsights_sitenote_active":false,"_monsterinsights_sitenote_note":"","_monsterinsights_sitenote_category":0},"categories":[19],"tags":[],"aioseo_notices":[],"gutentor_comment":0,"rttpg_featured_image_url":{"full":["https:\/\/arantv.az\/wp-content\/uploads\/2023\/12\/a7b4a64a6a1fa557235a14a3b694b65c.jpg",750,422,false],"landscape":["https:\/\/arantv.az\/wp-content\/uploads\/2023\/12\/a7b4a64a6a1fa557235a14a3b694b65c.jpg",750,422,false],"portraits":["https:\/\/arantv.az\/wp-content\/uploads\/2023\/12\/a7b4a64a6a1fa557235a14a3b694b65c.jpg",750,422,false],"thumbnail":["https:\/\/arantv.az\/wp-content\/uploads\/2023\/12\/a7b4a64a6a1fa557235a14a3b694b65c-500x280.jpg",500,280,true],"medium":["https:\/\/arantv.az\/wp-content\/uploads\/2023\/12\/a7b4a64a6a1fa557235a14a3b694b65c-649x365.jpg",649,365,true],"large":["https:\/\/arantv.az\/wp-content\/uploads\/2023\/12\/a7b4a64a6a1fa557235a14a3b694b65c.jpg",640,360,false],"1536x1536":["https:\/\/arantv.az\/wp-content\/uploads\/2023\/12\/a7b4a64a6a1fa557235a14a3b694b65c.jpg",750,422,false],"2048x2048":["https:\/\/arantv.az\/wp-content\/uploads\/2023\/12\/a7b4a64a6a1fa557235a14a3b694b65c.jpg",750,422,false],"post-thumbnail":["https:\/\/arantv.az\/wp-content\/uploads\/2023\/12\/a7b4a64a6a1fa557235a14a3b694b65c-240x172.jpg",240,172,true],"advps-thumb-one":["https:\/\/arantv.az\/wp-content\/uploads\/2023\/12\/a7b4a64a6a1fa557235a14a3b694b65c.jpg",750,422,false]},"rttpg_author":{"display_name":"V\u00fcsal Rafiqo\u011flu","author_link":"https:\/\/arantv.az\/?author=2"},"rttpg_comment":0,"rttpg_category":"<a href=\"https:\/\/arantv.az\/?cat=19\" rel=\"category\">G\u00fcnd\u0259m<\/a>","rttpg_excerpt":"Va\u015finqton, Br\u00fcssel v\u0259 Moskva aras\u0131nda m\u00f6vqe sava\u015flar\u0131 q\u0131z\u0131\u015f\u0131r; Ceyms O\u2019Brayen Az\u0259rbaycan r\u0259hb\u0259rliyini s\u00fclh dan\u0131\u015f\u0131qlar\u0131n\u0131n Q\u0259rb platformas\u0131nda apar\u0131lmas\u0131na inand\u0131rma\u011fa \u00e7al\u0131\u015facaq AB\u015e-\u0131n AT\u018fT-d\u0259ki s\u0259firi Va\u015finqtonun Az\u0259rbaycan v\u0259 Erm\u0259nistan aras\u0131nda s\u00fclh dan\u0131\u015f\u0131qlar\u0131n\u0131 davam etdirm\u0259k niyy\u0259tini t\u0259sdiql\u0259yib. \u201cYeni M\u00fcsavat\u201d bildirir ki, \u201cTuran\u201d\u0131n Va\u015finqton m\u00fcxbiri bu x\u0259b\u0259ri verib. AT\u018fT-d\u0259ki s\u0259fir Maykl Karpenter virtual brifinqd\u0259 deyib ki, Birl\u0259\u015fmi\u015f \u015etatlar ard\u0131c\u0131l olaraq&hellip;","_links":{"self":[{"href":"https:\/\/arantv.az\/index.php?rest_route=\/wp\/v2\/posts\/663495"}],"collection":[{"href":"https:\/\/arantv.az\/index.php?rest_route=\/wp\/v2\/posts"}],"about":[{"href":"https:\/\/arantv.az\/index.php?rest_route=\/wp\/v2\/types\/post"}],"author":[{"embeddable":true,"href":"https:\/\/arantv.az\/index.php?rest_route=\/wp\/v2\/users\/2"}],"replies":[{"embeddable":true,"href":"https:\/\/arantv.az\/index.php?rest_route=%2Fwp%2Fv2%2Fcomments&post=663495"}],"version-history":[{"count":0,"href":"https:\/\/arantv.az\/index.php?rest_route=\/wp\/v2\/posts\/663495\/revisions"}],"wp:featuredmedia":[{"embeddable":true,"href":"https:\/\/arantv.az\/index.php?rest_route=\/wp\/v2\/media\/663496"}],"wp:attachment":[{"href":"https:\/\/arantv.az\/index.php?rest_route=%2Fwp%2Fv2%2Fmedia&parent=663495"}],"wp:term":[{"taxonomy":"category","embeddable":true,"href":"https:\/\/arantv.az\/index.php?rest_route=%2Fwp%2Fv2%2Fcategories&post=663495"},{"taxonomy":"post_tag","embeddable":true,"href":"https:\/\/arantv.az\/index.php?rest_route=%2Fwp%2Fv2%2Ftags&post=663495"}],"curies":[{"name":"wp","href":"https:\/\/api.w.org\/{rel}","templated":true}]}}