{"id":663511,"date":"2023-12-01T11:26:22","date_gmt":"2023-12-01T07:26:22","guid":{"rendered":"https:\/\/arantv.az\/?p=663511"},"modified":"2023-12-01T11:26:22","modified_gmt":"2023-12-01T07:26:22","slug":"speca-az%c9%99rbaycan-%c9%99laq%c9%99l%c9%99ri-yeni-inkisaf-m%c9%99rh%c9%99l%c9%99sind%c9%99","status":"publish","type":"post","link":"https:\/\/arantv.az\/?p=663511","title":{"rendered":"SPECA-Az\u0259rbaycan \u0259laq\u0259l\u0259ri yeni inki\u015faf m\u0259rh\u0259l\u0259sind\u0259"},"content":{"rendered":"<p>Az\u0259rbaycan\u0131n etibarl\u0131 t\u0259r\u0259fda\u015f kimi beyn\u0259lxalq t\u0259\u015fkilatlarda qazand\u0131\u011f\u0131 n\u00fcfuz \u00f6lk\u0259mizin beyn\u0259lxalq \u0259laq\u0259l\u0259rinin inki\u015faf\u0131nda m\u00fch\u00fcm rol oynay\u0131r. Bu siyas\u0259t Az\u0259rbaycan\u0131n m\u00fctt\u0259fiql\u0259rinin artmas\u0131na, haqq s\u0259sinin beyn\u0259lxalq tribunalarda d\u0259st\u0259kl\u0259nm\u0259sin\u0259 g\u0259tirib \u00e7\u0131xar\u0131b. Bununla yana\u015f\u0131 bir s\u0131ra m\u00fch\u00fcm t\u0259dbirl\u0259rin Bak\u0131da ke\u00e7irilm\u0259si d\u0259 onu dem\u0259y\u0259 \u0259sas verir ki, Az\u0259rbaycanda t\u0259hl\u00fck\u0259sizlik v\u0259 siyasi diskusiyalar \u00fc\u00e7\u00fcn \u0259lveri\u015fli \u00f6lk\u0259dir. Bu bax\u0131mdan BMT-nin M\u0259rk\u0259zi Asiya \u00d6lk\u0259l\u0259rinin \u0130qtisadiyyatlar\u0131 \u00fc\u00e7\u00fcn X\u00fcsusi Proqram\u0131n\u0131n \u2013 SPECA-n\u0131n i\u015ftirak\u00e7\u0131 \u00f6lk\u0259l\u0259rinin d\u00f6vl\u0259t v\u0259 h\u00f6kum\u0259t ba\u015f\u00e7\u0131lar\u0131n\u0131n 25-ci ild\u00f6n\u00fcm\u00fcn\u0259 h\u0259sr olunan Zirv\u0259 g\u00f6r\u00fc\u015f\u00fcn\u00fcn Bak\u0131da, Heyd\u0259r \u018fliyev M\u0259rk\u0259zind\u0259 ke\u00e7irilm\u0259si b\u00f6y\u00fck \u00f6n\u0259m k\u0259sb edib.<\/p>\n<p>Quruma s\u0259drlik ed\u0259n Az\u0259rbaycan\u0131n t\u0259\u015f\u0259bb\u00fcs\u00fcn\u0259 veril\u0259n m\u00fcsb\u0259t qiym\u0259t v\u0259 Zirv\u0259 g\u00f6r\u00fc\u015f\u00fcn\u00fcn realla\u015fmas\u0131 haz\u0131rk\u0131 v\u0259ziyy\u0259td\u0259 \u0259laq\u0259l\u0259rin d\u0259rinl\u0259nm\u0259sind\u0259n x\u0259b\u0259r verir. Onu da n\u0259z\u0259r\u0259 alsaq ki, Zirv\u0259 g\u00f6r\u00fc\u015f\u00fcn\u00fcn ilk d\u0259f\u0259 realla\u015fmas\u0131 v\u0259 bu t\u0259dbirin Bak\u0131da ke\u00e7irilm\u0259si Prezident \u0130lham \u018fliyevin q\u0259tiyy\u0259tind\u0259n x\u0259b\u0259r verir. Beyn\u0259lxalq siyas\u0259tl\u0259 yana\u015f\u0131 Az\u0259rbaycanda h\u0259yata ke\u00e7iril\u0259n u\u011furlu iqtisadi siyas\u0259t n\u0259tic\u0259sind\u0259 Az\u0259rbaycan\u0131n iqtisadi q\u00fcdr\u0259ti art\u0131b. Bu ist\u0259nil\u0259n n\u00f6qteyi n\u0259z\u0259rd\u0259n \u00f6z\u00fcn\u00fc daha qabar\u0131q \u015f\u0259kild\u0259 b\u00fcruz\u0259 edir.<\/p>\n<p>Son ill\u0259rd\u0259 d\u00fcnyan\u0131n ist\u0259nil\u0259n yerl\u0259rind\u0259 olan m\u00fcnaqi\u015f\u0259, t\u0259bii f\u0259lak\u0259t v\u0259 bu y\u00f6nd\u0259 edil\u0259n yard\u0131m kompaniyalar\u0131nda Az\u0259rbaycan ilk s\u0131rada g\u0259lir. \u0130st\u0259r T\u00fcrkiy\u0259d\u0259 ba\u015f ver\u0259n t\u0259bii f\u0259lak\u0259t zaman\u0131, ist\u0259r Ukrayna hadis\u0259l\u0259ri ist\u0259rs\u0259 d\u0259 beyn\u0259lxalq t\u0259\u015fkilatlar\u0131n n\u0259znind\u0259 yarad\u0131lan Fondlara yard\u0131mda \u00f6lk\u0259miz x\u00fcsusil\u0259 se\u00e7ilir. Bu bax\u0131mdan SPECA Etimad Fondunun yarad\u0131lmas\u0131 m\u00fcsb\u0259t hald\u0131r v\u0259 C\u0259nab Prezident Zirv\u0259 G\u00f6r\u00fc\u015f\u00fcnd\u0259 \u00e7\u0131x\u0131\u015f\u0131 zaman\u0131 bu m\u0259s\u0259l\u0259y\u0259 toxunaraq Az\u0259rbaycan\u0131n Fonda 3,5 mln dollarl\u0131q yard\u0131m ed\u0259c\u0259yini b\u0259yan etdi.<\/p>\n<p>Qaraba\u011f m\u00fcharib\u0259sind\u0259n \u0259ld\u0259 olunan q\u0259l\u0259b\u0259, C\u0259nubi Qafqazda s\u00fclh\u00fcn v\u0259 t\u0259hl\u00fck\u0259sizliyin t\u0259min olunmas\u0131nda m\u00fch\u00fcm rol oynay\u0131r. Bu q\u0259l\u0259b\u0259 h\u0259m d\u0259 \u00f6lk\u0259mizl\u0259 M\u0259rk\u0259zi Asiya \u00f6lk\u0259l\u0259ri aras\u0131nda m\u00fch\u00fcm \u0259laq\u0259l\u0259rin qurulmas\u0131n\u0131 da \u015f\u0259rtl\u0259ndirir. Bel\u0259 ki, Qazax\u0131stan Prezidentinin x\u00fcsusi t\u0259\u015f\u0259bb\u00fcs\u00fc il\u0259 F\u00fczulid\u0259 orta m\u0259kt\u0259bin tikilib istifad\u0259y\u0259 verilm\u0259si iki \u00f6lk\u0259 aras\u0131nda m\u00fcnasib\u0259tl\u0259rin yeni m\u0259rh\u0259l\u0259y\u0259 q\u0259d\u0259m qoymas\u0131n\u0131 g\u00f6st\u0259rir.<\/p>\n<p>Bundan ba\u015fqa yax\u0131n g\u0259l\u0259c\u0259kd\u0259 realla\u015facaq Z\u0259ng\u0259zur d\u0259hlizi Aaz\u0259rbaycan v\u0259 M\u0259rk\u0259zi Asiya \u00f6lk\u0259l\u0259ri aras\u0131nda infrastruktur, iqtisadi, m\u0259d\u0259ni \u0259laq\u0259l\u0259rin d\u0259rinl\u0259\u015fm\u0259sin\u0259 g\u0259tirib \u00e7\u0131xaraq. Bu d\u0259hliz M\u0259rk\u0259zi Asiya \u00f6lk\u0259l\u0259ri il\u0259 yana\u015f\u0131 t\u00fcrk d\u00fcnyas\u0131n\u0131n siyasi-iqtisadi birl\u0259\u015fm\u0259si \u00fc\u00e7\u00fcn b\u00f6y\u00fck bir d\u0259y\u0259r\u0259 \u00e7evrilir.<\/p>\n<p><img src=\"https:\/\/ikisahil.az\/upload\/\/2023\/12\/01\/\/-968c9b4f170141264635189743610844732.jpg\" alt=\"\" \/><\/p>\n<p><strong>M\u0259tan\u0259t S\u0259f\u0259rli,<\/strong><\/p>\n<p><em>YAP N\u0259simi rayon t\u0259\u015fkilat\u0131n\u0131n \u0259m\u0259kda\u015f\u0131<\/em><\/p>\n","protected":false},"excerpt":{"rendered":"<p>Az\u0259rbaycan\u0131n etibarl\u0131 t\u0259r\u0259fda\u015f kimi beyn\u0259lxalq t\u0259\u015fkilatlarda qazand\u0131\u011f\u0131 n\u00fcfuz \u00f6lk\u0259mizin beyn\u0259lxalq \u0259laq\u0259l\u0259rinin inki\u015faf\u0131nda m\u00fch\u00fcm rol oynay\u0131r. Bu siyas\u0259t Az\u0259rbaycan\u0131n m\u00fctt\u0259fiql\u0259rinin artmas\u0131na, haqq s\u0259sinin beyn\u0259lxalq tribunalarda d\u0259st\u0259kl\u0259nm\u0259sin\u0259 g\u0259tirib \u00e7\u0131xar\u0131b. Bununla yana\u015f\u0131 bir s\u0131ra m\u00fch\u00fcm t\u0259dbirl\u0259rin Bak\u0131da ke\u00e7irilm\u0259si d\u0259 onu dem\u0259y\u0259 \u0259sas verir ki, Az\u0259rbaycanda t\u0259hl\u00fck\u0259sizlik v\u0259 siyasi diskusiyalar \u00fc\u00e7\u00fcn \u0259lveri\u015fli \u00f6lk\u0259dir. Bu bax\u0131mdan BMT-nin M\u0259rk\u0259zi Asiya \u00d6lk\u0259l\u0259rinin \u0130qtisadiyyatlar\u0131 \u00fc\u00e7\u00fcn X\u00fcsusi Proqram\u0131n\u0131n \u2013 SPECA-n\u0131n i\u015ftirak\u00e7\u0131 \u00f6lk\u0259l\u0259rinin d\u00f6vl\u0259t v\u0259 h\u00f6kum\u0259t ba\u015f\u00e7\u0131lar\u0131n\u0131n 25-ci ild\u00f6n\u00fcm\u00fcn\u0259 h\u0259sr olunan Zirv\u0259 g\u00f6r\u00fc\u015f\u00fcn\u00fcn Bak\u0131da, Heyd\u0259r \u018fliyev M\u0259rk\u0259zind\u0259 ke\u00e7irilm\u0259si b\u00f6y\u00fck \u00f6n\u0259m k\u0259sb edib. Quruma s\u0259drlik ed\u0259n Az\u0259rbaycan\u0131n t\u0259\u015f\u0259bb\u00fcs\u00fcn\u0259 veril\u0259n m\u00fcsb\u0259t qiym\u0259t&hellip;<\/p>\n","protected":false},"author":2,"featured_media":663512,"comment_status":"closed","ping_status":"closed","sticky":false,"template":"","format":"standard","meta":{"om_disable_all_campaigns":false,"_monsterinsights_skip_tracking":false,"_monsterinsights_sitenote_active":false,"_monsterinsights_sitenote_note":"","_monsterinsights_sitenote_category":0},"categories":[19],"tags":[],"aioseo_notices":[],"gutentor_comment":0,"rttpg_featured_image_url":{"full":["https:\/\/arantv.az\/wp-content\/uploads\/2023\/12\/e5e6851e170141259423679292210452975.jpg",975,540,false],"landscape":["https:\/\/arantv.az\/wp-content\/uploads\/2023\/12\/e5e6851e170141259423679292210452975.jpg",975,540,false],"portraits":["https:\/\/arantv.az\/wp-content\/uploads\/2023\/12\/e5e6851e170141259423679292210452975.jpg",975,540,false],"thumbnail":["https:\/\/arantv.az\/wp-content\/uploads\/2023\/12\/e5e6851e170141259423679292210452975-500x280.jpg",500,280,true],"medium":["https:\/\/arantv.az\/wp-content\/uploads\/2023\/12\/e5e6851e170141259423679292210452975-660x365.jpg",660,365,true],"large":["https:\/\/arantv.az\/wp-content\/uploads\/2023\/12\/e5e6851e170141259423679292210452975-840x465.jpg",640,354,true],"1536x1536":["https:\/\/arantv.az\/wp-content\/uploads\/2023\/12\/e5e6851e170141259423679292210452975.jpg",975,540,false],"2048x2048":["https:\/\/arantv.az\/wp-content\/uploads\/2023\/12\/e5e6851e170141259423679292210452975.jpg",975,540,false],"post-thumbnail":["https:\/\/arantv.az\/wp-content\/uploads\/2023\/12\/e5e6851e170141259423679292210452975-240x172.jpg",240,172,true],"advps-thumb-one":["https:\/\/arantv.az\/wp-content\/uploads\/2023\/12\/e5e6851e170141259423679292210452975.jpg",975,540,false]},"rttpg_author":{"display_name":"V\u00fcsal Rafiqo\u011flu","author_link":"https:\/\/arantv.az\/?author=2"},"rttpg_comment":0,"rttpg_category":"<a href=\"https:\/\/arantv.az\/?cat=19\" rel=\"category\">G\u00fcnd\u0259m<\/a>","rttpg_excerpt":"Az\u0259rbaycan\u0131n etibarl\u0131 t\u0259r\u0259fda\u015f kimi beyn\u0259lxalq t\u0259\u015fkilatlarda qazand\u0131\u011f\u0131 n\u00fcfuz \u00f6lk\u0259mizin beyn\u0259lxalq \u0259laq\u0259l\u0259rinin inki\u015faf\u0131nda m\u00fch\u00fcm rol oynay\u0131r. Bu siyas\u0259t Az\u0259rbaycan\u0131n m\u00fctt\u0259fiql\u0259rinin artmas\u0131na, haqq s\u0259sinin beyn\u0259lxalq tribunalarda d\u0259st\u0259kl\u0259nm\u0259sin\u0259 g\u0259tirib \u00e7\u0131xar\u0131b. Bununla yana\u015f\u0131 bir s\u0131ra m\u00fch\u00fcm t\u0259dbirl\u0259rin Bak\u0131da ke\u00e7irilm\u0259si d\u0259 onu dem\u0259y\u0259 \u0259sas verir ki, Az\u0259rbaycanda t\u0259hl\u00fck\u0259sizlik v\u0259 siyasi diskusiyalar \u00fc\u00e7\u00fcn \u0259lveri\u015fli \u00f6lk\u0259dir. Bu bax\u0131mdan BMT-nin M\u0259rk\u0259zi Asiya \u00d6lk\u0259l\u0259rinin&hellip;","_links":{"self":[{"href":"https:\/\/arantv.az\/index.php?rest_route=\/wp\/v2\/posts\/663511"}],"collection":[{"href":"https:\/\/arantv.az\/index.php?rest_route=\/wp\/v2\/posts"}],"about":[{"href":"https:\/\/arantv.az\/index.php?rest_route=\/wp\/v2\/types\/post"}],"author":[{"embeddable":true,"href":"https:\/\/arantv.az\/index.php?rest_route=\/wp\/v2\/users\/2"}],"replies":[{"embeddable":true,"href":"https:\/\/arantv.az\/index.php?rest_route=%2Fwp%2Fv2%2Fcomments&post=663511"}],"version-history":[{"count":0,"href":"https:\/\/arantv.az\/index.php?rest_route=\/wp\/v2\/posts\/663511\/revisions"}],"wp:featuredmedia":[{"embeddable":true,"href":"https:\/\/arantv.az\/index.php?rest_route=\/wp\/v2\/media\/663512"}],"wp:attachment":[{"href":"https:\/\/arantv.az\/index.php?rest_route=%2Fwp%2Fv2%2Fmedia&parent=663511"}],"wp:term":[{"taxonomy":"category","embeddable":true,"href":"https:\/\/arantv.az\/index.php?rest_route=%2Fwp%2Fv2%2Fcategories&post=663511"},{"taxonomy":"post_tag","embeddable":true,"href":"https:\/\/arantv.az\/index.php?rest_route=%2Fwp%2Fv2%2Ftags&post=663511"}],"curies":[{"name":"wp","href":"https:\/\/api.w.org\/{rel}","templated":true}]}}