{"id":663516,"date":"2023-12-01T11:26:58","date_gmt":"2023-12-01T07:26:58","guid":{"rendered":"https:\/\/arantv.az\/?p=663516"},"modified":"2023-12-01T11:26:58","modified_gmt":"2023-12-01T07:26:58","slug":"prezident-ilham-%c9%99liyev-ruminiyali-h%c9%99mkarini-t%c9%99brik-edib-3","status":"publish","type":"post","link":"https:\/\/arantv.az\/?p=663516","title":{"rendered":"Prezident \u0130lham \u018fliyev rum\u0131niyal\u0131 h\u0259mkar\u0131n\u0131 t\u0259brik edib"},"content":{"rendered":"<p>Az\u0259rbaycan Prezidenti\u00a0<strong>\u0130lham \u018fliyev<\/strong>\u00a0dekabr\u0131n 1-d\u0259 Rum\u0131niyan\u0131n Prezidenti Klaus Verner \u0130ohannis\u0259 t\u0259brik m\u0259ktubu \u00fcnvanlay\u0131b.<\/p>\n<p>Bu bar\u0259d\u0259\u00a0<a href=\"https:\/\/president.az\/az\/articles\/view\/62368\" target=\"_blank\" rel=\"noopener\"><strong>President.az<\/strong><\/a>\u00a0x\u0259b\u0259r verir.<\/p>\n<p>M\u0259ktubda deyilir:<\/p>\n<p>\u201cH\u00f6rm\u0259tli c\u0259nab Prezident, \u00f6lk\u0259nizin milli bayram\u0131 m\u00fcnasib\u0259til\u0259 Siz\u0259 v\u0259 b\u00fct\u00fcn xalq\u0131n\u0131za \u00f6z ad\u0131mdan v\u0259 Az\u0259rbaycan xalq\u0131 ad\u0131ndan \u0259n s\u0259mimi t\u0259brikl\u0259rimi v\u0259 xo\u015f arzular\u0131m\u0131 \u00e7atd\u0131r\u0131ram.<\/p>\n<p>Az\u0259rbaycan-Rum\u0131niya m\u00fcnasib\u0259tl\u0259ri xo\u015f \u0259n\u0259n\u0259l\u0259r\u0259 malikdir. Bu \u0259n\u0259n\u0259l\u0259ri \u00f6z\u00fcnd\u0259 bariz \u015f\u0259kild\u0259 \u0259ks etdir\u0259n d\u00f6vl\u0259tl\u0259raras\u0131 m\u00fcnasib\u0259tl\u0259rimizin haz\u0131rk\u0131 inki\u015faf s\u0259viyy\u0259si v\u0259 g\u00fcnd\u0259n-g\u00fcn\u0259 geni\u015fl\u0259nm\u0259si m\u0259mnunluq do\u011furur.<\/p>\n<p>Bu g\u00fcn \u00f6lk\u0259l\u0259rimiz aras\u0131nda \u0259laq\u0259l\u0259rin v\u0259 qar\u015f\u0131l\u0131ql\u0131 faydal\u0131 \u0259m\u0259kda\u015fl\u0131\u011f\u0131n daha da d\u0259rinl\u0259\u015fdirilm\u0259si \u00fc\u00e7\u00fcn yax\u015f\u0131 imkanlar m\u00f6vcuddur. \u0130nan\u0131ram ki, son d\u00f6vrd\u0259 h\u0259yata ke\u00e7iril\u0259n ali v\u0259 y\u00fcks\u0259ks\u0259viyy\u0259li qar\u015f\u0131l\u0131ql\u0131 s\u0259f\u0259rl\u0259r, m\u00fcnt\u0259z\u0259m t\u0259maslar strateji t\u0259r\u0259fda\u015fl\u0131\u011f\u0131m\u0131z\u0131n m\u00f6hk\u0259ml\u0259nm\u0259sin\u0259, siyasi, iqtisadi, enerji, n\u0259qliyyat, humanitar v\u0259 dig\u0259r sah\u0259l\u0259rd\u0259 birg\u0259 f\u0259aliyy\u0259timizin geni\u015f potensial\u0131ndan daha s\u0259m\u0259r\u0259li istifad\u0259 olunmas\u0131na m\u00fch\u00fcm t\u00f6hf\u0259 ver\u0259c\u0259k.<\/p>\n<p>Bel\u0259 bir \u0259lam\u0259tdar g\u00fcnd\u0259 Siz\u0259 m\u00f6hk\u0259m cansa\u011fl\u0131\u011f\u0131, xo\u015fb\u0259xtlik, i\u015fl\u0259rinizd\u0259 m\u00fcv\u0259ff\u0259qiyy\u0259tl\u0259r, dost Rum\u0131niya xalq\u0131na daim \u0259min-amanl\u0131q v\u0259 rifah arzulay\u0131ram\u201d.<\/p>\n","protected":false},"excerpt":{"rendered":"<p>Az\u0259rbaycan Prezidenti\u00a0\u0130lham \u018fliyev\u00a0dekabr\u0131n 1-d\u0259 Rum\u0131niyan\u0131n Prezidenti Klaus Verner \u0130ohannis\u0259 t\u0259brik m\u0259ktubu \u00fcnvanlay\u0131b. Bu bar\u0259d\u0259\u00a0President.az\u00a0x\u0259b\u0259r verir. M\u0259ktubda deyilir: \u201cH\u00f6rm\u0259tli c\u0259nab Prezident, \u00f6lk\u0259nizin milli bayram\u0131 m\u00fcnasib\u0259til\u0259 Siz\u0259 v\u0259 b\u00fct\u00fcn xalq\u0131n\u0131za \u00f6z ad\u0131mdan v\u0259 Az\u0259rbaycan xalq\u0131 ad\u0131ndan \u0259n s\u0259mimi t\u0259brikl\u0259rimi v\u0259 xo\u015f arzular\u0131m\u0131 \u00e7atd\u0131r\u0131ram. Az\u0259rbaycan-Rum\u0131niya m\u00fcnasib\u0259tl\u0259ri xo\u015f \u0259n\u0259n\u0259l\u0259r\u0259 malikdir. Bu \u0259n\u0259n\u0259l\u0259ri \u00f6z\u00fcnd\u0259 bariz \u015f\u0259kild\u0259 \u0259ks etdir\u0259n d\u00f6vl\u0259tl\u0259raras\u0131 m\u00fcnasib\u0259tl\u0259rimizin haz\u0131rk\u0131 inki\u015faf s\u0259viyy\u0259si v\u0259 g\u00fcnd\u0259n-g\u00fcn\u0259 geni\u015fl\u0259nm\u0259si m\u0259mnunluq do\u011furur. Bu g\u00fcn \u00f6lk\u0259l\u0259rimiz aras\u0131nda \u0259laq\u0259l\u0259rin v\u0259 qar\u015f\u0131l\u0131ql\u0131 faydal\u0131 \u0259m\u0259kda\u015fl\u0131\u011f\u0131n daha da d\u0259rinl\u0259\u015fdirilm\u0259si \u00fc\u00e7\u00fcn yax\u015f\u0131 imkanlar m\u00f6vcuddur. \u0130nan\u0131ram ki, son d\u00f6vrd\u0259 h\u0259yata ke\u00e7iril\u0259n ali v\u0259 y\u00fcks\u0259ks\u0259viyy\u0259li qar\u015f\u0131l\u0131ql\u0131 s\u0259f\u0259rl\u0259r,&hellip;<\/p>\n","protected":false},"author":2,"featured_media":663517,"comment_status":"closed","ping_status":"closed","sticky":false,"template":"","format":"standard","meta":{"om_disable_all_campaigns":false,"_monsterinsights_skip_tracking":false,"_monsterinsights_sitenote_active":false,"_monsterinsights_sitenote_note":"","_monsterinsights_sitenote_category":0},"categories":[4],"tags":[],"aioseo_notices":[],"gutentor_comment":0,"rttpg_featured_image_url":{"full":["https:\/\/arantv.az\/wp-content\/uploads\/2023\/12\/06.jpg",620,413,false],"landscape":["https:\/\/arantv.az\/wp-content\/uploads\/2023\/12\/06.jpg",620,413,false],"portraits":["https:\/\/arantv.az\/wp-content\/uploads\/2023\/12\/06.jpg",620,413,false],"thumbnail":["https:\/\/arantv.az\/wp-content\/uploads\/2023\/12\/06-500x280.jpg",500,280,true],"medium":["https:\/\/arantv.az\/wp-content\/uploads\/2023\/12\/06-548x365.jpg",548,365,true],"large":["https:\/\/arantv.az\/wp-content\/uploads\/2023\/12\/06.jpg",620,413,false],"1536x1536":["https:\/\/arantv.az\/wp-content\/uploads\/2023\/12\/06.jpg",620,413,false],"2048x2048":["https:\/\/arantv.az\/wp-content\/uploads\/2023\/12\/06.jpg",620,413,false],"post-thumbnail":["https:\/\/arantv.az\/wp-content\/uploads\/2023\/12\/06-240x172.jpg",240,172,true],"advps-thumb-one":["https:\/\/arantv.az\/wp-content\/uploads\/2023\/12\/06.jpg",620,413,false]},"rttpg_author":{"display_name":"V\u00fcsal Rafiqo\u011flu","author_link":"https:\/\/arantv.az\/?author=2"},"rttpg_comment":0,"rttpg_category":"<a href=\"https:\/\/arantv.az\/?cat=4\" rel=\"category\">Siyas\u0259t<\/a>","rttpg_excerpt":"Az\u0259rbaycan Prezidenti\u00a0\u0130lham \u018fliyev\u00a0dekabr\u0131n 1-d\u0259 Rum\u0131niyan\u0131n Prezidenti Klaus Verner \u0130ohannis\u0259 t\u0259brik m\u0259ktubu \u00fcnvanlay\u0131b. Bu bar\u0259d\u0259\u00a0President.az\u00a0x\u0259b\u0259r verir. M\u0259ktubda deyilir: \u201cH\u00f6rm\u0259tli c\u0259nab Prezident, \u00f6lk\u0259nizin milli bayram\u0131 m\u00fcnasib\u0259til\u0259 Siz\u0259 v\u0259 b\u00fct\u00fcn xalq\u0131n\u0131za \u00f6z ad\u0131mdan v\u0259 Az\u0259rbaycan xalq\u0131 ad\u0131ndan \u0259n s\u0259mimi t\u0259brikl\u0259rimi v\u0259 xo\u015f arzular\u0131m\u0131 \u00e7atd\u0131r\u0131ram. Az\u0259rbaycan-Rum\u0131niya m\u00fcnasib\u0259tl\u0259ri xo\u015f \u0259n\u0259n\u0259l\u0259r\u0259 malikdir. Bu \u0259n\u0259n\u0259l\u0259ri \u00f6z\u00fcnd\u0259 bariz \u015f\u0259kild\u0259 \u0259ks etdir\u0259n d\u00f6vl\u0259tl\u0259raras\u0131 m\u00fcnasib\u0259tl\u0259rimizin&hellip;","_links":{"self":[{"href":"https:\/\/arantv.az\/index.php?rest_route=\/wp\/v2\/posts\/663516"}],"collection":[{"href":"https:\/\/arantv.az\/index.php?rest_route=\/wp\/v2\/posts"}],"about":[{"href":"https:\/\/arantv.az\/index.php?rest_route=\/wp\/v2\/types\/post"}],"author":[{"embeddable":true,"href":"https:\/\/arantv.az\/index.php?rest_route=\/wp\/v2\/users\/2"}],"replies":[{"embeddable":true,"href":"https:\/\/arantv.az\/index.php?rest_route=%2Fwp%2Fv2%2Fcomments&post=663516"}],"version-history":[{"count":0,"href":"https:\/\/arantv.az\/index.php?rest_route=\/wp\/v2\/posts\/663516\/revisions"}],"wp:featuredmedia":[{"embeddable":true,"href":"https:\/\/arantv.az\/index.php?rest_route=\/wp\/v2\/media\/663517"}],"wp:attachment":[{"href":"https:\/\/arantv.az\/index.php?rest_route=%2Fwp%2Fv2%2Fmedia&parent=663516"}],"wp:term":[{"taxonomy":"category","embeddable":true,"href":"https:\/\/arantv.az\/index.php?rest_route=%2Fwp%2Fv2%2Fcategories&post=663516"},{"taxonomy":"post_tag","embeddable":true,"href":"https:\/\/arantv.az\/index.php?rest_route=%2Fwp%2Fv2%2Ftags&post=663516"}],"curies":[{"name":"wp","href":"https:\/\/api.w.org\/{rel}","templated":true}]}}