{"id":66355,"date":"2019-06-13T16:50:27","date_gmt":"2019-06-13T13:50:27","guid":{"rendered":"http:\/\/arantv.az\/?p=66355"},"modified":"2019-06-13T16:50:27","modified_gmt":"2019-06-13T13:50:27","slug":"mehriban-%c9%99liyevanin-tapsirigi-il%c9%99-muharib%c9%99-%c9%99lili-ucun-ev-tikildi-foto","status":"publish","type":"post","link":"https:\/\/arantv.az\/?p=66355","title":{"rendered":"Mehriban \u018fliyevan\u0131n tap\u015f\u0131r\u0131\u011f\u0131 il\u0259 m\u00fcharib\u0259 \u0259lili \u00fc\u00e7\u00fcn ev tikildi &#8211; FOTO"},"content":{"rendered":"<p>Az\u0259rbaycan Respublikas\u0131n\u0131n birinci vitse-prezidenti, Heyd\u0259r \u018fliyev Fondunun prezidenti Mehriban \u018fliyevan\u0131n tap\u015f\u0131r\u0131\u011f\u0131 il\u0259 Ucar rayonunun \u0259n iri ya\u015fay\u0131\u015f m\u0259nt\u0259q\u0259si olan Qaracall\u0131da k\u0259nd sakini, ikinci qrup Qaraba\u011f m\u00fcharib\u0259si \u0259lili \u015e\u00f6hr\u0259t Qas\u0131mov \u00fc\u00e7\u00fcn f\u0259rdi evin tikintisi ba\u015fa \u00e7at\u0131b.<\/p>\n<p>Az\u0259rtac-\u0131n b\u00f6lg\u0259 m\u00fcxbiri Qaracall\u0131 k\u0259ndind\u0259 olub, \u015e\u00f6hr\u0259t Qas\u0131movun ail\u0259sin\u0259 ba\u015f \u00e7\u0259kib.<\/p>\n<p>1978-ci ild\u0259 anadan olan \u015e\u00f6hr\u0259t Qas\u0131mov ail\u0259nin \u0259n b\u00f6y\u00fck \u00f6vlad\u0131d\u0131r. \u00dc\u00e7 qarda\u015f, bir bac\u0131d\u0131rlar. H\u0259rbi xidm\u0259td\u0259 olark\u0259n 1998-ci il iyulun 18-d\u0259 F\u00fczuli rayonunun \u018fbd\u00fcr\u0259hman k\u0259ndind\u0259 erm\u0259nil\u0259rin q\u0259fil h\u00fccumuna m\u0259ruz qal\u0131blar. G\u0259rgin ke\u00e7\u0259n at\u0131\u015fmada bir aya\u011f\u0131n\u0131n dizd\u0259n a\u015fa\u011f\u0131 hiss\u0259sini itirib.<\/p>\n<div id=\"AdviadNativeVideo0\" class=\"AdviadNativeVideo\"><\/div>\n<p>Yeni evin sevincini ya\u015fayan \u015e\u00f6hr\u0259t Qas\u0131mov Birinci vitse-prezident Mehriban \u018fliyevaya minn\u0259tdarl\u0131\u011f\u0131n\u0131 bildir\u0259r\u0259k deyib: \u201cM\u0259nzil \u015f\u0259raitimiz \u00e7ox pis idi. Mehriban xan\u0131ma m\u00fcraci\u0259t \u00fcnvanlad\u0131m. \u00c7ox sa\u011f olsun, m\u00fcraci\u0259tim\u0259 d\u0259rhal cavab verildi v\u0259 q\u0131sa vaxtda g\u00f6z\u0259l ev tikildi. \u0130ndi burada h\u0259yat yolda\u015f\u0131m v\u0259 2 \u00f6vlad\u0131mla \u2013 Az\u0259rbaycan\u0131n g\u0259l\u0259c\u0259k \u0259sg\u0259rl\u0259ri il\u0259 rahat ya\u015fay\u0131r\u0131q. Bu rahatl\u0131\u011f\u0131 biz\u0259 b\u0259x\u015f ed\u0259n Heyd\u0259r \u018fliyev Fonduna, fondun prezidenti Mehriban \u018fliyevaya \u00e7ox-\u00e7ox minn\u0259tdaram\u201d.<\/p>\n<p>\u00d6lk\u0259mizd\u0259 \u0259lill\u0259r\u0259 x\u00fcsusi diqq\u0259t v\u0259 qay\u011f\u0131 g\u00f6st\u0259rildiyini dey\u0259n Qaraba\u011f m\u00fcharib\u0259sinin \u0259lili Ali Ba\u015f Komandan \u0130lham \u018fliyevin r\u0259hb\u0259rliyi il\u0259 torpaqlar\u0131m\u0131z\u0131n erm\u0259ni q\u0259sbkarlardan azad edil\u0259c\u0259yi g\u00fcn\u00fc s\u0259birsizlikl\u0259 g\u00f6zl\u0259yir.<\/p>\n<p>Qeyd ed\u0259k ki, h\u0259yat yolda\u015f\u0131 v\u0259 2 \u00f6vlad\u0131 il\u0259 a\u011f\u0131r m\u0259nzil \u015f\u0259raitind\u0259 ya\u015fayan \u015e\u00f6hr\u0259t Qas\u0131mov bir m\u00fcdd\u0259t \u00f6nc\u0259 Heyd\u0259r \u018fliyev Fondunun \u201cRegional inki\u015faf\u201d \u0130ctimai Birliyin\u0259 m\u00fcraci\u0259t \u00fcnvanlay\u0131b. M\u00fcraci\u0259td\u0259n sonra bu ilin fevral\u0131nda \u0259raziy\u0259 bax\u0131\u015f ke\u00e7irilib v\u0259 yeni evin layih\u0259si haz\u0131rlan\u0131b. Fondun prezidenti Mehriban \u018fliyevan\u0131n tap\u015f\u0131r\u0131\u011f\u0131 il\u0259 tezlikl\u0259 tikinti i\u015fl\u0259rin\u0259 ba\u015flan\u0131b v\u0259 Qaraba\u011f \u0259lilin\u0259 m\u0259xsus h\u0259y\u0259tyan\u0131 sah\u0259d\u0259 4 aya \u00fc\u00e7 otaql\u0131, tam t\u0259mirli, m\u0259tb\u0259x mebeli il\u0259 t\u0259chiz olunan, su \u00e7\u0259ni v\u0259 suq\u0131zd\u0131r\u0131c\u0131 avadanl\u0131q qoyulan f\u0259rdi ev in\u015fa edil\u0259r\u0259k, ail\u0259y\u0259 t\u0259hvil verilib.<\/p>\n<div class=\"gallery\">\n<div class=\"gallery-i\"><img src=\"https:\/\/assets.oxu.az\/uploads\/W1siZiIsIjIwMTkvMDYvMTMvMTcvMjcvMTQvZjczZmJhNDItMDI3My00ZDg0LTlmZmMtMGY0MzU2YTJlMDNmL3dfMTYxNTYwNDMwNTYzMjc0MzM1OTEzNl8xMDAweDY2OS5qcGciXSxbInAiLCJlbmNvZGUiLCJqcGciLCItcXVhbGl0eSA4MCJdLFsicCIsInRodW1iIiwiNTkweDU5MFx1MDAzZSJdXQ?sha=651e64813333c791\" alt=\"\" \/><\/p>\n<div class=\"gallery-i-caption\"><\/div>\n<\/div>\n<div class=\"gallery-i\"><img src=\"https:\/\/assets.oxu.az\/uploads\/W1siZiIsIjIwMTkvMDYvMTMvMTcvMjcvMTUvNTFlYmMzOTgtMmQxYi00MzVjLWE4NzMtM2NjMTQxN2EwNWZhL3dfMTYxNTYwNDMwNTYzMzQyNzA1ODQ0MF8xMDAweDY2OS5qcGciXSxbInAiLCJlbmNvZGUiLCJqcGciLCItcXVhbGl0eSA4MCJdLFsicCIsInRodW1iIiwiNTkweDU5MFx1MDAzZSJdXQ?sha=ac768c2c07c56a3b\" alt=\"\" \/><\/p>\n<div class=\"gallery-i-caption\"><\/div>\n<\/div>\n<div class=\"gallery-i\"><img src=\"https:\/\/assets.oxu.az\/uploads\/W1siZiIsIjIwMTkvMDYvMTMvMTcvMjcvMTUvNGM0ZWIwNmUtZTIwYS00YmEwLTljODctMzAyODYyYzgyMTFjL3dfMTYxNTYwNDMwNTYzMzU0MTQ2MDQxMF8xMDAweDY2OS5qcGciXSxbInAiLCJlbmNvZGUiLCJqcGciLCItcXVhbGl0eSA4MCJdLFsicCIsInRodW1iIiwiNTkweDU5MFx1MDAzZSJdXQ?sha=5a035e92ecfd25af\" alt=\"\" \/><\/p>\n<div class=\"gallery-i-caption\"><\/div>\n<\/div>\n<div class=\"gallery-i\"><img src=\"https:\/\/assets.oxu.az\/uploads\/W1siZiIsIjIwMTkvMDYvMTMvMTcvMjcvMTUvNzI2OTI0MmMtOTNhMS00NjA3LWFlNjQtZWE2NTg1YjdkNWU0L3dfMTYxNTYwNDMwNTYzNTM4OTM2MjAwNl8xMDAweDY2OS5qcGciXSxbInAiLCJlbmNvZGUiLCJqcGciLCItcXVhbGl0eSA4MCJdLFsicCIsInRodW1iIiwiNTkweDU5MFx1MDAzZSJdXQ?sha=31b3e7a63fa04723\" alt=\"\" \/><\/p>\n<div class=\"gallery-i-caption\"><\/div>\n<\/div>\n<div class=\"gallery-i\"><img src=\"https:\/\/assets.oxu.az\/uploads\/W1siZiIsIjIwMTkvMDYvMTMvMTcvMjcvMTUvZjBmMGM3OTctNjkwZC00ZmFlLTkzZWQtNDk3ZmE1YTNlNTY0L3dfMTYxNTYwNDMwNTYzNTQzMzAzNTQ4MV8xMDAweDY2OS5qcGciXSxbInAiLCJlbmNvZGUiLCJqcGciLCItcXVhbGl0eSA4MCJdLFsicCIsInRodW1iIiwiNTkweDU5MFx1MDAzZSJdXQ?sha=e25523a63a053357\" alt=\"\" \/><\/p>\n<div class=\"gallery-i-caption\"><\/div>\n<\/div>\n<div class=\"gallery-i\"><img src=\"https:\/\/assets.oxu.az\/uploads\/W1siZiIsIjIwMTkvMDYvMTMvMTcvMjcvMTUvMjNhNTdkMmEtMjYzOC00MjQwLWFjYzEtOWU4OTFhODYwN2IwL3dfMTYxNTYwNDMwNTYzNTgwOTczNjE0OV8xMDAweDY2OS5qcGciXSxbInAiLCJlbmNvZGUiLCJqcGciLCItcXVhbGl0eSA4MCJdLFsicCIsInRodW1iIiwiNTkweDU5MFx1MDAzZSJdXQ?sha=1ed13f34ef9de4b3\" alt=\"\" \/><\/p>\n<div class=\"gallery-i-caption\"><\/div>\n<\/div>\n<div class=\"gallery-i\"><img src=\"https:\/\/assets.oxu.az\/uploads\/W1siZiIsIjIwMTkvMDYvMTMvMTcvMjcvMTUvYmE4Y2UzNjYtYTFmZC00NWQ1LTgwNGEtMTU5NWY5YzQ3YTc5L3dfMTYxNTYwNDMwNTYzNTgxMDYyMjQzMF8xMDAweDY2OS5qcGciXSxbInAiLCJlbmNvZGUiLCJqcGciLCItcXVhbGl0eSA4MCJdLFsicCIsInRodW1iIiwiNTkweDU5MFx1MDAzZSJdXQ?sha=ca6ddeacc4a97d62\" alt=\"\" \/><\/p>\n<div class=\"gallery-i-caption\"><\/div>\n<\/div>\n<div class=\"gallery-i\"><img src=\"https:\/\/assets.oxu.az\/uploads\/W1siZiIsIjIwMTkvMDYvMTMvMTcvMjcvMTUvNmNmOGY1MmEtMGQ1OC00OTYwLWJkYTItMWRhZjZhMzI1Y2UxL3dfMTYxNTYwNDMwNTYzODk2OTM4MTM3XzEwMDB4NjY5LmpwZyJdLFsicCIsImVuY29kZSIsImpwZyIsIi1xdWFsaXR5IDgwIl0sWyJwIiwidGh1bWIiLCI1OTB4NTkwXHUwMDNlIl1d?sha=f049db72362e310c\" alt=\"\" \/><\/p>\n<div class=\"gallery-i-caption\"><\/div>\n<\/div>\n<div class=\"gallery-i\"><img src=\"https:\/\/assets.oxu.az\/uploads\/W1siZiIsIjIwMTkvMDYvMTMvMTcvMzEvMjQvNWYxMGUyYmMtZDlmYS00OWNhLTgxYTctYTdkNzI4ZWRhNjBmL3dfMTYxNTYwNDMwNTYzMjUxMzI1MTM5N18xMDAweDY2OS5qcGciXSxbInAiLCJlbmNvZGUiLCJqcGciLCItcXVhbGl0eSA4MCJdLFsicCIsInRodW1iIiwiNTkweDU5MFx1MDAzZSJdXQ?sha=62720dbb1b61cab4\" \/><\/div>\n<\/div>\n","protected":false},"excerpt":{"rendered":"<p>Az\u0259rbaycan Respublikas\u0131n\u0131n birinci vitse-prezidenti, Heyd\u0259r \u018fliyev Fondunun prezidenti Mehriban \u018fliyevan\u0131n tap\u015f\u0131r\u0131\u011f\u0131 il\u0259 Ucar rayonunun \u0259n iri ya\u015fay\u0131\u015f m\u0259nt\u0259q\u0259si olan Qaracall\u0131da k\u0259nd sakini, ikinci qrup Qaraba\u011f m\u00fcharib\u0259si \u0259lili \u015e\u00f6hr\u0259t Qas\u0131mov \u00fc\u00e7\u00fcn f\u0259rdi evin tikintisi ba\u015fa \u00e7at\u0131b. Az\u0259rtac-\u0131n b\u00f6lg\u0259 m\u00fcxbiri Qaracall\u0131 k\u0259ndind\u0259 olub, \u015e\u00f6hr\u0259t Qas\u0131movun ail\u0259sin\u0259 ba\u015f \u00e7\u0259kib. 1978-ci ild\u0259 anadan olan \u015e\u00f6hr\u0259t Qas\u0131mov ail\u0259nin \u0259n b\u00f6y\u00fck \u00f6vlad\u0131d\u0131r. \u00dc\u00e7 qarda\u015f, bir bac\u0131d\u0131rlar. H\u0259rbi xidm\u0259td\u0259 olark\u0259n 1998-ci il iyulun 18-d\u0259 F\u00fczuli rayonunun \u018fbd\u00fcr\u0259hman k\u0259ndind\u0259 erm\u0259nil\u0259rin q\u0259fil h\u00fccumuna m\u0259ruz qal\u0131blar. G\u0259rgin ke\u00e7\u0259n at\u0131\u015fmada bir aya\u011f\u0131n\u0131n dizd\u0259n a\u015fa\u011f\u0131 hiss\u0259sini itirib. Yeni evin sevincini ya\u015fayan \u015e\u00f6hr\u0259t&hellip;<\/p>\n","protected":false},"author":2,"featured_media":66356,"comment_status":"closed","ping_status":"closed","sticky":false,"template":"","format":"standard","meta":{"om_disable_all_campaigns":false,"_monsterinsights_skip_tracking":false,"_monsterinsights_sitenote_active":false,"_monsterinsights_sitenote_note":"","_monsterinsights_sitenote_category":0},"categories":[4],"tags":[],"aioseo_notices":[],"gutentor_comment":0,"rttpg_featured_image_url":{"full":["https:\/\/arantv.az\/wp-content\/uploads\/2019\/06\/mehriban_aliyeva.jpg",620,455,false],"landscape":["https:\/\/arantv.az\/wp-content\/uploads\/2019\/06\/mehriban_aliyeva.jpg",620,455,false],"portraits":["https:\/\/arantv.az\/wp-content\/uploads\/2019\/06\/mehriban_aliyeva.jpg",620,455,false],"thumbnail":["https:\/\/arantv.az\/wp-content\/uploads\/2019\/06\/mehriban_aliyeva-150x150.jpg",150,150,true],"medium":["https:\/\/arantv.az\/wp-content\/uploads\/2019\/06\/mehriban_aliyeva-300x220.jpg",300,220,true],"large":["https:\/\/arantv.az\/wp-content\/uploads\/2019\/06\/mehriban_aliyeva.jpg",620,455,false],"1536x1536":["https:\/\/arantv.az\/wp-content\/uploads\/2019\/06\/mehriban_aliyeva.jpg",620,455,false],"2048x2048":["https:\/\/arantv.az\/wp-content\/uploads\/2019\/06\/mehriban_aliyeva.jpg",620,455,false],"post-thumbnail":["https:\/\/arantv.az\/wp-content\/uploads\/2019\/06\/mehriban_aliyeva-240x172.jpg",240,172,true],"advps-thumb-one":["https:\/\/arantv.az\/wp-content\/uploads\/2019\/06\/mehriban_aliyeva.jpg",620,455,false]},"rttpg_author":{"display_name":"V\u00fcsal Rafiqo\u011flu","author_link":"https:\/\/arantv.az\/?author=2"},"rttpg_comment":0,"rttpg_category":"<a href=\"https:\/\/arantv.az\/?cat=4\" rel=\"category\">Siyas\u0259t<\/a>","rttpg_excerpt":"Az\u0259rbaycan Respublikas\u0131n\u0131n birinci vitse-prezidenti, Heyd\u0259r \u018fliyev Fondunun prezidenti Mehriban \u018fliyevan\u0131n tap\u015f\u0131r\u0131\u011f\u0131 il\u0259 Ucar rayonunun \u0259n iri ya\u015fay\u0131\u015f m\u0259nt\u0259q\u0259si olan Qaracall\u0131da k\u0259nd sakini, ikinci qrup Qaraba\u011f m\u00fcharib\u0259si \u0259lili \u015e\u00f6hr\u0259t Qas\u0131mov \u00fc\u00e7\u00fcn f\u0259rdi evin tikintisi ba\u015fa \u00e7at\u0131b. Az\u0259rtac-\u0131n b\u00f6lg\u0259 m\u00fcxbiri Qaracall\u0131 k\u0259ndind\u0259 olub, \u015e\u00f6hr\u0259t Qas\u0131movun ail\u0259sin\u0259 ba\u015f \u00e7\u0259kib. 1978-ci ild\u0259 anadan olan \u015e\u00f6hr\u0259t Qas\u0131mov ail\u0259nin \u0259n b\u00f6y\u00fck&hellip;","_links":{"self":[{"href":"https:\/\/arantv.az\/index.php?rest_route=\/wp\/v2\/posts\/66355"}],"collection":[{"href":"https:\/\/arantv.az\/index.php?rest_route=\/wp\/v2\/posts"}],"about":[{"href":"https:\/\/arantv.az\/index.php?rest_route=\/wp\/v2\/types\/post"}],"author":[{"embeddable":true,"href":"https:\/\/arantv.az\/index.php?rest_route=\/wp\/v2\/users\/2"}],"replies":[{"embeddable":true,"href":"https:\/\/arantv.az\/index.php?rest_route=%2Fwp%2Fv2%2Fcomments&post=66355"}],"version-history":[{"count":0,"href":"https:\/\/arantv.az\/index.php?rest_route=\/wp\/v2\/posts\/66355\/revisions"}],"wp:featuredmedia":[{"embeddable":true,"href":"https:\/\/arantv.az\/index.php?rest_route=\/wp\/v2\/media\/66356"}],"wp:attachment":[{"href":"https:\/\/arantv.az\/index.php?rest_route=%2Fwp%2Fv2%2Fmedia&parent=66355"}],"wp:term":[{"taxonomy":"category","embeddable":true,"href":"https:\/\/arantv.az\/index.php?rest_route=%2Fwp%2Fv2%2Fcategories&post=66355"},{"taxonomy":"post_tag","embeddable":true,"href":"https:\/\/arantv.az\/index.php?rest_route=%2Fwp%2Fv2%2Ftags&post=66355"}],"curies":[{"name":"wp","href":"https:\/\/api.w.org\/{rel}","templated":true}]}}