{"id":663550,"date":"2023-12-01T13:40:52","date_gmt":"2023-12-01T09:40:52","guid":{"rendered":"https:\/\/arantv.az\/?p=663550"},"modified":"2023-12-01T13:40:52","modified_gmt":"2023-12-01T09:40:52","slug":"maliyy%c9%99-naziri-budc%c9%99-haqqinda-qanun-layih%c9%99sin%c9%99-d%c9%99yisiklikl%c9%99ri-mm-%c9%99-t%c9%99qdim-edib","status":"publish","type":"post","link":"https:\/\/arantv.az\/?p=663550","title":{"rendered":"Maliyy\u0259 naziri b\u00fcdc\u0259 haqq\u0131nda qanun layih\u0259sin\u0259 d\u0259yi\u015fiklikl\u0259ri MM-\u0259 t\u0259qdim edib"},"content":{"rendered":"<p>\u201c2024-c\u00fc il d\u00f6vl\u0259t b\u00fcdc\u0259si haqq\u0131nda\u201d qanun layih\u0259si bu g\u00fcn Milli M\u0259clisin \u0130qtisadi siyas\u0259t, s\u0259naye v\u0259 sahibkarl\u0131q komit\u0259sinin iclas\u0131nda \u00fc\u00e7\u00fcnc\u00fc oxunu\u015fda m\u00fczakir\u0259y\u0259 \u00e7\u0131xar\u0131l\u0131b.<\/p>\n<p>\u201cReport\u201d x\u0259b\u0259r verir ki, qanun layih\u0259sin\u0259 edilmi\u015f \u0259lav\u0259 v\u0259 d\u0259yi\u015fiklikl\u0259ri maliyy\u0259 naziri Samir \u015e\u0259rifov t\u0259qdim edib.<\/p>\n<p>M\u00fczakir\u0259l\u0259rd\u0259n sonra qanun layih\u0259si parlamentin plenar iclas\u0131na t\u00f6vsiy\u0259 edilib.<\/p>\n","protected":false},"excerpt":{"rendered":"<p>\u201c2024-c\u00fc il d\u00f6vl\u0259t b\u00fcdc\u0259si haqq\u0131nda\u201d qanun layih\u0259si bu g\u00fcn Milli M\u0259clisin \u0130qtisadi siyas\u0259t, s\u0259naye v\u0259 sahibkarl\u0131q komit\u0259sinin iclas\u0131nda \u00fc\u00e7\u00fcnc\u00fc oxunu\u015fda m\u00fczakir\u0259y\u0259 \u00e7\u0131xar\u0131l\u0131b. \u201cReport\u201d x\u0259b\u0259r verir ki, qanun layih\u0259sin\u0259 edilmi\u015f \u0259lav\u0259 v\u0259 d\u0259yi\u015fiklikl\u0259ri maliyy\u0259 naziri Samir \u015e\u0259rifov t\u0259qdim edib. M\u00fczakir\u0259l\u0259rd\u0259n sonra qanun layih\u0259si parlamentin plenar iclas\u0131na t\u00f6vsiy\u0259 edilib.<\/p>\n","protected":false},"author":2,"featured_media":663551,"comment_status":"closed","ping_status":"closed","sticky":false,"template":"","format":"standard","meta":{"om_disable_all_campaigns":false,"_monsterinsights_skip_tracking":false,"_monsterinsights_sitenote_active":false,"_monsterinsights_sitenote_note":"","_monsterinsights_sitenote_category":0},"categories":[19],"tags":[],"aioseo_notices":[],"gutentor_comment":0,"rttpg_featured_image_url":{"full":["https:\/\/arantv.az\/wp-content\/uploads\/2023\/12\/0d21aa08-9875-3576-98ac-e84f575ea02e_850.jpg",620,413,false],"landscape":["https:\/\/arantv.az\/wp-content\/uploads\/2023\/12\/0d21aa08-9875-3576-98ac-e84f575ea02e_850.jpg",620,413,false],"portraits":["https:\/\/arantv.az\/wp-content\/uploads\/2023\/12\/0d21aa08-9875-3576-98ac-e84f575ea02e_850.jpg",620,413,false],"thumbnail":["https:\/\/arantv.az\/wp-content\/uploads\/2023\/12\/0d21aa08-9875-3576-98ac-e84f575ea02e_850-500x280.jpg",500,280,true],"medium":["https:\/\/arantv.az\/wp-content\/uploads\/2023\/12\/0d21aa08-9875-3576-98ac-e84f575ea02e_850-548x365.jpg",548,365,true],"large":["https:\/\/arantv.az\/wp-content\/uploads\/2023\/12\/0d21aa08-9875-3576-98ac-e84f575ea02e_850.jpg",620,413,false],"1536x1536":["https:\/\/arantv.az\/wp-content\/uploads\/2023\/12\/0d21aa08-9875-3576-98ac-e84f575ea02e_850.jpg",620,413,false],"2048x2048":["https:\/\/arantv.az\/wp-content\/uploads\/2023\/12\/0d21aa08-9875-3576-98ac-e84f575ea02e_850.jpg",620,413,false],"post-thumbnail":["https:\/\/arantv.az\/wp-content\/uploads\/2023\/12\/0d21aa08-9875-3576-98ac-e84f575ea02e_850-240x172.jpg",240,172,true],"advps-thumb-one":["https:\/\/arantv.az\/wp-content\/uploads\/2023\/12\/0d21aa08-9875-3576-98ac-e84f575ea02e_850.jpg",620,413,false]},"rttpg_author":{"display_name":"V\u00fcsal Rafiqo\u011flu","author_link":"https:\/\/arantv.az\/?author=2"},"rttpg_comment":0,"rttpg_category":"<a href=\"https:\/\/arantv.az\/?cat=19\" rel=\"category\">G\u00fcnd\u0259m<\/a>","rttpg_excerpt":"\u201c2024-c\u00fc il d\u00f6vl\u0259t b\u00fcdc\u0259si haqq\u0131nda\u201d qanun layih\u0259si bu g\u00fcn Milli M\u0259clisin \u0130qtisadi siyas\u0259t, s\u0259naye v\u0259 sahibkarl\u0131q komit\u0259sinin iclas\u0131nda \u00fc\u00e7\u00fcnc\u00fc oxunu\u015fda m\u00fczakir\u0259y\u0259 \u00e7\u0131xar\u0131l\u0131b. \u201cReport\u201d x\u0259b\u0259r verir ki, qanun layih\u0259sin\u0259 edilmi\u015f \u0259lav\u0259 v\u0259 d\u0259yi\u015fiklikl\u0259ri maliyy\u0259 naziri Samir \u015e\u0259rifov t\u0259qdim edib. M\u00fczakir\u0259l\u0259rd\u0259n sonra qanun layih\u0259si parlamentin plenar iclas\u0131na t\u00f6vsiy\u0259 edilib.","_links":{"self":[{"href":"https:\/\/arantv.az\/index.php?rest_route=\/wp\/v2\/posts\/663550"}],"collection":[{"href":"https:\/\/arantv.az\/index.php?rest_route=\/wp\/v2\/posts"}],"about":[{"href":"https:\/\/arantv.az\/index.php?rest_route=\/wp\/v2\/types\/post"}],"author":[{"embeddable":true,"href":"https:\/\/arantv.az\/index.php?rest_route=\/wp\/v2\/users\/2"}],"replies":[{"embeddable":true,"href":"https:\/\/arantv.az\/index.php?rest_route=%2Fwp%2Fv2%2Fcomments&post=663550"}],"version-history":[{"count":0,"href":"https:\/\/arantv.az\/index.php?rest_route=\/wp\/v2\/posts\/663550\/revisions"}],"wp:featuredmedia":[{"embeddable":true,"href":"https:\/\/arantv.az\/index.php?rest_route=\/wp\/v2\/media\/663551"}],"wp:attachment":[{"href":"https:\/\/arantv.az\/index.php?rest_route=%2Fwp%2Fv2%2Fmedia&parent=663550"}],"wp:term":[{"taxonomy":"category","embeddable":true,"href":"https:\/\/arantv.az\/index.php?rest_route=%2Fwp%2Fv2%2Fcategories&post=663550"},{"taxonomy":"post_tag","embeddable":true,"href":"https:\/\/arantv.az\/index.php?rest_route=%2Fwp%2Fv2%2Ftags&post=663550"}],"curies":[{"name":"wp","href":"https:\/\/api.w.org\/{rel}","templated":true}]}}