{"id":663557,"date":"2023-12-01T13:42:26","date_gmt":"2023-12-01T09:42:26","guid":{"rendered":"https:\/\/arantv.az\/?p=663557"},"modified":"2023-12-01T13:42:26","modified_gmt":"2023-12-01T09:42:26","slug":"az%c9%99rbaycan-prezidenti-dunya-iqlim-f%c9%99aliyy%c9%99ti-sammitind%c9%99-istirak-edib-yenil%c9%99nib-video","status":"publish","type":"post","link":"https:\/\/arantv.az\/?p=663557","title":{"rendered":"Az\u0259rbaycan Prezidenti D\u00fcnya \u0130qlim F\u0259aliyy\u0259ti Sammitind\u0259 i\u015ftirak edib &#8211; YEN\u0130L\u018fN\u0130B + V\u0130DEO"},"content":{"rendered":"<p>Dekabr\u0131n 1-d\u0259 Birl\u0259\u015fmi\u015f \u018fr\u0259b \u018fmirlikl\u0259rinin Dubay \u015f\u0259h\u0259rind\u0259 BMT-nin \u0130qlim D\u0259yi\u015fikliyi \u00fczr\u0259 \u00c7\u0259r\u00e7iv\u0259 Konvensiyas\u0131n\u0131n T\u0259r\u0259fl\u0259r Konfrans\u0131n\u0131n 28-ci sessiyas\u0131 &#8211; COP28 \u00e7\u0259r\u00e7iv\u0259sind\u0259 t\u0259\u015fkil olunan D\u00fcnya \u0130qlim F\u0259aliyy\u0259ti Sammitinin a\u00e7\u0131l\u0131\u015f m\u0259rasimi ke\u00e7irilib.<\/p>\n<p><a href=\"https:\/\/azertag.az\/xeber\/dubayda_cop28_cherchivesinde_teskil_olunan_dunya_iqlim_fealiyyeti_sammitinin_achilis_merasimi_kechirilir__azerbaycan_prezidenti_ilham_eliyev_tedbirde_istirak_edir_yenilenib_video-2837909\" target=\"_blank\" rel=\"noopener\">AZ\u018fRTAC<\/a>\u00a0x\u0259b\u0259r verir ki, Az\u0259rbaycan Respublikas\u0131n\u0131n Prezidenti\u00a0<strong>\u0130lham \u018fliyev<\/strong>\u00a0t\u0259dbird\u0259 i\u015ftirak edib.<\/p>\n<p>Birl\u0259\u015fmi\u015f \u018fr\u0259b \u018fmirlikl\u0259rinin Prezidenti \u015eeyx M\u0259h\u0259mm\u0259d bin Zayed \u018fl N\u0259hyan v\u0259 BMT-nin Ba\u015f katibi Antonio Quterre\u015f d\u00f6vl\u0259timizin ba\u015f\u00e7\u0131s\u0131n\u0131 qar\u015f\u0131lay\u0131blar.<\/p>\n<p>\u018fvv\u0259lc\u0259 birg\u0259 foto \u00e7\u0259kdirilib.<\/p>\n<div><iframe loading=\"lazy\" id=\"telegram-post-xeberleroxu-61898\" src=\"https:\/\/t.me\/xeberleroxu\/61898?embed=1\" width=\"100%\" height=\"\" frameborder=\"0\" scrolling=\"no\" data-mce-fragment=\"1\"><\/iframe><\/div>\n<div><iframe loading=\"lazy\" id=\"telegram-post-oxuaze-71792\" src=\"https:\/\/t.me\/oxuaze\/71792?embed=1\" width=\"100%\" height=\"\" frameborder=\"0\" scrolling=\"no\" data-mce-fragment=\"1\"><\/iframe><\/div>\n<p><strong>10:45<\/strong><\/p>\n<p>Az\u0259rbaycan Prezidenti\u00a0<strong>\u0130lham \u018fliyev\u00a0<\/strong>bu g\u00fcn Dubayda BMT-nin \u0130qlim D\u0259yi\u015fikliyi \u00fczr\u0259 \u00c7\u0259r\u00e7iv\u0259 Konvensiyas\u0131n\u0131n T\u0259r\u0259fl\u0259r Konfrans\u0131n\u0131n 28-ci sessiyas\u0131 &#8211; COP28 \u00e7\u0259r\u00e7iv\u0259sind\u0259 t\u0259\u015fkil olunan D\u00fcnya \u0130qlim F\u0259aliyy\u0259ti Sammitind\u0259 i\u015ftirak edir.<\/p>\n<p>Bu bar\u0259d\u0259 \u201cReport\u201dun Dubaya ezam olunmu\u015f m\u00fcxbiri x\u0259b\u0259r verir.<\/p>\n","protected":false},"excerpt":{"rendered":"<p>Dekabr\u0131n 1-d\u0259 Birl\u0259\u015fmi\u015f \u018fr\u0259b \u018fmirlikl\u0259rinin Dubay \u015f\u0259h\u0259rind\u0259 BMT-nin \u0130qlim D\u0259yi\u015fikliyi \u00fczr\u0259 \u00c7\u0259r\u00e7iv\u0259 Konvensiyas\u0131n\u0131n T\u0259r\u0259fl\u0259r Konfrans\u0131n\u0131n 28-ci sessiyas\u0131 &#8211; COP28 \u00e7\u0259r\u00e7iv\u0259sind\u0259 t\u0259\u015fkil olunan D\u00fcnya \u0130qlim F\u0259aliyy\u0259ti Sammitinin a\u00e7\u0131l\u0131\u015f m\u0259rasimi ke\u00e7irilib. AZ\u018fRTAC\u00a0x\u0259b\u0259r verir ki, Az\u0259rbaycan Respublikas\u0131n\u0131n Prezidenti\u00a0\u0130lham \u018fliyev\u00a0t\u0259dbird\u0259 i\u015ftirak edib. Birl\u0259\u015fmi\u015f \u018fr\u0259b \u018fmirlikl\u0259rinin Prezidenti \u015eeyx M\u0259h\u0259mm\u0259d bin Zayed \u018fl N\u0259hyan v\u0259 BMT-nin Ba\u015f katibi Antonio Quterre\u015f d\u00f6vl\u0259timizin ba\u015f\u00e7\u0131s\u0131n\u0131 qar\u015f\u0131lay\u0131blar. \u018fvv\u0259lc\u0259 birg\u0259 foto \u00e7\u0259kdirilib. 10:45 Az\u0259rbaycan Prezidenti\u00a0\u0130lham \u018fliyev\u00a0bu g\u00fcn Dubayda BMT-nin \u0130qlim D\u0259yi\u015fikliyi \u00fczr\u0259 \u00c7\u0259r\u00e7iv\u0259 Konvensiyas\u0131n\u0131n T\u0259r\u0259fl\u0259r Konfrans\u0131n\u0131n 28-ci sessiyas\u0131 &#8211; COP28 \u00e7\u0259r\u00e7iv\u0259sind\u0259 t\u0259\u015fkil olunan D\u00fcnya \u0130qlim F\u0259aliyy\u0259ti Sammitind\u0259 i\u015ftirak edir. Bu bar\u0259d\u0259&hellip;<\/p>\n","protected":false},"author":2,"featured_media":663558,"comment_status":"closed","ping_status":"closed","sticky":false,"template":"","format":"standard","meta":{"om_disable_all_campaigns":false,"_monsterinsights_skip_tracking":false,"_monsterinsights_sitenote_active":false,"_monsterinsights_sitenote_note":"","_monsterinsights_sitenote_category":0},"categories":[4],"tags":[],"aioseo_notices":[],"gutentor_comment":0,"rttpg_featured_image_url":{"full":["https:\/\/arantv.az\/wp-content\/uploads\/2023\/12\/FotoJet.jpg",620,413,false],"landscape":["https:\/\/arantv.az\/wp-content\/uploads\/2023\/12\/FotoJet.jpg",620,413,false],"portraits":["https:\/\/arantv.az\/wp-content\/uploads\/2023\/12\/FotoJet.jpg",620,413,false],"thumbnail":["https:\/\/arantv.az\/wp-content\/uploads\/2023\/12\/FotoJet-500x280.jpg",500,280,true],"medium":["https:\/\/arantv.az\/wp-content\/uploads\/2023\/12\/FotoJet-548x365.jpg",548,365,true],"large":["https:\/\/arantv.az\/wp-content\/uploads\/2023\/12\/FotoJet.jpg",620,413,false],"1536x1536":["https:\/\/arantv.az\/wp-content\/uploads\/2023\/12\/FotoJet.jpg",620,413,false],"2048x2048":["https:\/\/arantv.az\/wp-content\/uploads\/2023\/12\/FotoJet.jpg",620,413,false],"post-thumbnail":["https:\/\/arantv.az\/wp-content\/uploads\/2023\/12\/FotoJet-240x172.jpg",240,172,true],"advps-thumb-one":["https:\/\/arantv.az\/wp-content\/uploads\/2023\/12\/FotoJet.jpg",620,413,false]},"rttpg_author":{"display_name":"V\u00fcsal Rafiqo\u011flu","author_link":"https:\/\/arantv.az\/?author=2"},"rttpg_comment":0,"rttpg_category":"<a href=\"https:\/\/arantv.az\/?cat=4\" rel=\"category\">Siyas\u0259t<\/a>","rttpg_excerpt":"Dekabr\u0131n 1-d\u0259 Birl\u0259\u015fmi\u015f \u018fr\u0259b \u018fmirlikl\u0259rinin Dubay \u015f\u0259h\u0259rind\u0259 BMT-nin \u0130qlim D\u0259yi\u015fikliyi \u00fczr\u0259 \u00c7\u0259r\u00e7iv\u0259 Konvensiyas\u0131n\u0131n T\u0259r\u0259fl\u0259r Konfrans\u0131n\u0131n 28-ci sessiyas\u0131 &#8211; COP28 \u00e7\u0259r\u00e7iv\u0259sind\u0259 t\u0259\u015fkil olunan D\u00fcnya \u0130qlim F\u0259aliyy\u0259ti Sammitinin a\u00e7\u0131l\u0131\u015f m\u0259rasimi ke\u00e7irilib. AZ\u018fRTAC\u00a0x\u0259b\u0259r verir ki, Az\u0259rbaycan Respublikas\u0131n\u0131n Prezidenti\u00a0\u0130lham \u018fliyev\u00a0t\u0259dbird\u0259 i\u015ftirak edib. Birl\u0259\u015fmi\u015f \u018fr\u0259b \u018fmirlikl\u0259rinin Prezidenti \u015eeyx M\u0259h\u0259mm\u0259d bin Zayed \u018fl N\u0259hyan v\u0259 BMT-nin Ba\u015f katibi Antonio Quterre\u015f d\u00f6vl\u0259timizin&hellip;","_links":{"self":[{"href":"https:\/\/arantv.az\/index.php?rest_route=\/wp\/v2\/posts\/663557"}],"collection":[{"href":"https:\/\/arantv.az\/index.php?rest_route=\/wp\/v2\/posts"}],"about":[{"href":"https:\/\/arantv.az\/index.php?rest_route=\/wp\/v2\/types\/post"}],"author":[{"embeddable":true,"href":"https:\/\/arantv.az\/index.php?rest_route=\/wp\/v2\/users\/2"}],"replies":[{"embeddable":true,"href":"https:\/\/arantv.az\/index.php?rest_route=%2Fwp%2Fv2%2Fcomments&post=663557"}],"version-history":[{"count":0,"href":"https:\/\/arantv.az\/index.php?rest_route=\/wp\/v2\/posts\/663557\/revisions"}],"wp:featuredmedia":[{"embeddable":true,"href":"https:\/\/arantv.az\/index.php?rest_route=\/wp\/v2\/media\/663558"}],"wp:attachment":[{"href":"https:\/\/arantv.az\/index.php?rest_route=%2Fwp%2Fv2%2Fmedia&parent=663557"}],"wp:term":[{"taxonomy":"category","embeddable":true,"href":"https:\/\/arantv.az\/index.php?rest_route=%2Fwp%2Fv2%2Fcategories&post=663557"},{"taxonomy":"post_tag","embeddable":true,"href":"https:\/\/arantv.az\/index.php?rest_route=%2Fwp%2Fv2%2Ftags&post=663557"}],"curies":[{"name":"wp","href":"https:\/\/api.w.org\/{rel}","templated":true}]}}