{"id":663571,"date":"2023-12-01T13:45:55","date_gmt":"2023-12-01T09:45:55","guid":{"rendered":"https:\/\/arantv.az\/?p=663571"},"modified":"2023-12-01T13:45:55","modified_gmt":"2023-12-01T09:45:55","slug":"naxcivan-s%c9%99hiyy%c9%99sind%c9%99-yenilik-orqan-transplantasiyasi-%c9%99m%c9%99liyyatlari-aparilacaq","status":"publish","type":"post","link":"https:\/\/arantv.az\/?p=663571","title":{"rendered":"Nax\u00e7\u0131van s\u0259hiyy\u0259sind\u0259 yenilik: Orqan transplantasiyas\u0131 \u0259m\u0259liyyatlar\u0131 apar\u0131lacaq"},"content":{"rendered":"<p>\u201cNax\u00e7\u0131vanda yax\u0131n aylarda orqan transplantasiyas\u0131na nail olaca\u011f\u0131q\u201d.<\/p>\n<p>APA-n\u0131n Nax\u00e7\u0131van b\u00fcrosu x\u0259b\u0259r verir ki, bunu Nax\u00e7\u0131vanda ke\u00e7iril\u0259n \u00fcmummilli lider Heyd\u0259r \u018fliyevin 100 illiyin\u0259 h\u0259sr olunmu\u015f orqan transplantasiyas\u0131 m\u00f6vzusunda beyn\u0259lxalq konfransda Nax\u00e7\u0131van Muxtar Respublikas\u0131 s\u0259hiyy\u0259 nazirinin m\u00fcavini, nazir v\u0259zif\u0259l\u0259rini m\u00fcv\u0259qq\u0259ti icra ed\u0259n Sam\u0131q Sad\u0131xov deyib. S.Sad\u0131xovun s\u00f6zl\u0259rin\u0259 g\u00f6r\u0259, yax\u0131n g\u00fcnl\u0259rd\u0259 bununla ba\u011fl\u0131 Nax\u00e7\u0131vandan olan 30 tibb bac\u0131s\u0131 T\u00fcrkiy\u0259d\u0259, T\u00fcrkiy\u0259d\u0259n olan 30 tibb bac\u0131s\u0131 is\u0259 Nax\u00e7\u0131vanda kurslara c\u0259lb olunacaq:<\/p>\n<p>\u201cBununla ba\u011fl\u0131 i\u015fl\u0259r davam etdirilir\u201d.<br \/>\nQeyd ed\u0259k ki, Nax\u00e7\u0131van MR S\u0259hiyy\u0259 Nazirliyi, T\u00fcrkiy\u0259nin \u201cMedical Park\u201d X\u0259st\u0259xanalar Qrupu v\u0259 Nax\u00e7\u0131van H\u0259kiml\u0259r Assosiasiyas\u0131n\u0131n t\u0259\u015fkilat\u00e7\u0131l\u0131\u011f\u0131 il\u0259 \u00fcmummilli lider Heyd\u0259r \u018fliyevin 100 illiyin\u0259 h\u0259sr olunmu\u015f \u201cOrqan transplantasiyas\u0131\u201d adl\u0131 beyn\u0259lxalq konfransda d\u00fcnyada, T\u00fcrkiy\u0259d\u0259 v\u0259 Az\u0259rbaycanda orqan transplantasiyas\u0131 sah\u0259sind\u0259ki haz\u0131rk\u0131 v\u0259ziyy\u0259tl\u0259 ba\u011fl\u0131 m\u00fczakir\u0259l\u0259r apar\u0131l\u0131r, m\u0259ruz\u0259l\u0259r olunur.<\/p>\n","protected":false},"excerpt":{"rendered":"<p>\u201cNax\u00e7\u0131vanda yax\u0131n aylarda orqan transplantasiyas\u0131na nail olaca\u011f\u0131q\u201d. APA-n\u0131n Nax\u00e7\u0131van b\u00fcrosu x\u0259b\u0259r verir ki, bunu Nax\u00e7\u0131vanda ke\u00e7iril\u0259n \u00fcmummilli lider Heyd\u0259r \u018fliyevin 100 illiyin\u0259 h\u0259sr olunmu\u015f orqan transplantasiyas\u0131 m\u00f6vzusunda beyn\u0259lxalq konfransda Nax\u00e7\u0131van Muxtar Respublikas\u0131 s\u0259hiyy\u0259 nazirinin m\u00fcavini, nazir v\u0259zif\u0259l\u0259rini m\u00fcv\u0259qq\u0259ti icra ed\u0259n Sam\u0131q Sad\u0131xov deyib. S.Sad\u0131xovun s\u00f6zl\u0259rin\u0259 g\u00f6r\u0259, yax\u0131n g\u00fcnl\u0259rd\u0259 bununla ba\u011fl\u0131 Nax\u00e7\u0131vandan olan 30 tibb bac\u0131s\u0131 T\u00fcrkiy\u0259d\u0259, T\u00fcrkiy\u0259d\u0259n olan 30 tibb bac\u0131s\u0131 is\u0259 Nax\u00e7\u0131vanda kurslara c\u0259lb olunacaq: \u201cBununla ba\u011fl\u0131 i\u015fl\u0259r davam etdirilir\u201d. Qeyd ed\u0259k ki, Nax\u00e7\u0131van MR S\u0259hiyy\u0259 Nazirliyi, T\u00fcrkiy\u0259nin \u201cMedical Park\u201d X\u0259st\u0259xanalar Qrupu v\u0259 Nax\u00e7\u0131van H\u0259kiml\u0259r Assosiasiyas\u0131n\u0131n t\u0259\u015fkilat\u00e7\u0131l\u0131\u011f\u0131 il\u0259 \u00fcmummilli&hellip;<\/p>\n","protected":false},"author":2,"featured_media":663572,"comment_status":"closed","ping_status":"closed","sticky":false,"template":"","format":"standard","meta":{"om_disable_all_campaigns":false,"_monsterinsights_skip_tracking":false,"_monsterinsights_sitenote_active":false,"_monsterinsights_sitenote_note":"","_monsterinsights_sitenote_category":0},"categories":[1],"tags":[],"aioseo_notices":[],"gutentor_comment":0,"rttpg_featured_image_url":{"full":["https:\/\/arantv.az\/wp-content\/uploads\/2023\/12\/656983d4b4d40656983d4b4d411701413844656983d4b4d3e656983d4b4d3f.jpg",620,413,false],"landscape":["https:\/\/arantv.az\/wp-content\/uploads\/2023\/12\/656983d4b4d40656983d4b4d411701413844656983d4b4d3e656983d4b4d3f.jpg",620,413,false],"portraits":["https:\/\/arantv.az\/wp-content\/uploads\/2023\/12\/656983d4b4d40656983d4b4d411701413844656983d4b4d3e656983d4b4d3f.jpg",620,413,false],"thumbnail":["https:\/\/arantv.az\/wp-content\/uploads\/2023\/12\/656983d4b4d40656983d4b4d411701413844656983d4b4d3e656983d4b4d3f-500x280.jpg",500,280,true],"medium":["https:\/\/arantv.az\/wp-content\/uploads\/2023\/12\/656983d4b4d40656983d4b4d411701413844656983d4b4d3e656983d4b4d3f-548x365.jpg",548,365,true],"large":["https:\/\/arantv.az\/wp-content\/uploads\/2023\/12\/656983d4b4d40656983d4b4d411701413844656983d4b4d3e656983d4b4d3f.jpg",620,413,false],"1536x1536":["https:\/\/arantv.az\/wp-content\/uploads\/2023\/12\/656983d4b4d40656983d4b4d411701413844656983d4b4d3e656983d4b4d3f.jpg",620,413,false],"2048x2048":["https:\/\/arantv.az\/wp-content\/uploads\/2023\/12\/656983d4b4d40656983d4b4d411701413844656983d4b4d3e656983d4b4d3f.jpg",620,413,false],"post-thumbnail":["https:\/\/arantv.az\/wp-content\/uploads\/2023\/12\/656983d4b4d40656983d4b4d411701413844656983d4b4d3e656983d4b4d3f-240x172.jpg",240,172,true],"advps-thumb-one":["https:\/\/arantv.az\/wp-content\/uploads\/2023\/12\/656983d4b4d40656983d4b4d411701413844656983d4b4d3e656983d4b4d3f.jpg",620,413,false]},"rttpg_author":{"display_name":"V\u00fcsal Rafiqo\u011flu","author_link":"https:\/\/arantv.az\/?author=2"},"rttpg_comment":0,"rttpg_category":"<a href=\"https:\/\/arantv.az\/?cat=1\" rel=\"category\">C\u0259miyy\u0259t<\/a>","rttpg_excerpt":"\u201cNax\u00e7\u0131vanda yax\u0131n aylarda orqan transplantasiyas\u0131na nail olaca\u011f\u0131q\u201d. APA-n\u0131n Nax\u00e7\u0131van b\u00fcrosu x\u0259b\u0259r verir ki, bunu Nax\u00e7\u0131vanda ke\u00e7iril\u0259n \u00fcmummilli lider Heyd\u0259r \u018fliyevin 100 illiyin\u0259 h\u0259sr olunmu\u015f orqan transplantasiyas\u0131 m\u00f6vzusunda beyn\u0259lxalq konfransda Nax\u00e7\u0131van Muxtar Respublikas\u0131 s\u0259hiyy\u0259 nazirinin m\u00fcavini, nazir v\u0259zif\u0259l\u0259rini m\u00fcv\u0259qq\u0259ti icra ed\u0259n Sam\u0131q Sad\u0131xov deyib. S.Sad\u0131xovun s\u00f6zl\u0259rin\u0259 g\u00f6r\u0259, yax\u0131n g\u00fcnl\u0259rd\u0259 bununla ba\u011fl\u0131 Nax\u00e7\u0131vandan olan 30 tibb bac\u0131s\u0131&hellip;","_links":{"self":[{"href":"https:\/\/arantv.az\/index.php?rest_route=\/wp\/v2\/posts\/663571"}],"collection":[{"href":"https:\/\/arantv.az\/index.php?rest_route=\/wp\/v2\/posts"}],"about":[{"href":"https:\/\/arantv.az\/index.php?rest_route=\/wp\/v2\/types\/post"}],"author":[{"embeddable":true,"href":"https:\/\/arantv.az\/index.php?rest_route=\/wp\/v2\/users\/2"}],"replies":[{"embeddable":true,"href":"https:\/\/arantv.az\/index.php?rest_route=%2Fwp%2Fv2%2Fcomments&post=663571"}],"version-history":[{"count":0,"href":"https:\/\/arantv.az\/index.php?rest_route=\/wp\/v2\/posts\/663571\/revisions"}],"wp:featuredmedia":[{"embeddable":true,"href":"https:\/\/arantv.az\/index.php?rest_route=\/wp\/v2\/media\/663572"}],"wp:attachment":[{"href":"https:\/\/arantv.az\/index.php?rest_route=%2Fwp%2Fv2%2Fmedia&parent=663571"}],"wp:term":[{"taxonomy":"category","embeddable":true,"href":"https:\/\/arantv.az\/index.php?rest_route=%2Fwp%2Fv2%2Fcategories&post=663571"},{"taxonomy":"post_tag","embeddable":true,"href":"https:\/\/arantv.az\/index.php?rest_route=%2Fwp%2Fv2%2Ftags&post=663571"}],"curies":[{"name":"wp","href":"https:\/\/api.w.org\/{rel}","templated":true}]}}