{"id":66361,"date":"2019-06-13T16:57:55","date_gmt":"2019-06-13T13:57:55","guid":{"rendered":"http:\/\/arantv.az\/?p=66361"},"modified":"2019-06-13T16:58:17","modified_gmt":"2019-06-13T13:58:17","slug":"az%c9%99rbaycanda-aqrar-m%c9%99hsullarin-istehsali-iki-d%c9%99f%c9%99-artib","status":"publish","type":"post","link":"https:\/\/arantv.az\/?p=66361","title":{"rendered":"Az\u0259rbaycanda aqrar m\u0259hsullar\u0131n istehsal\u0131 iki d\u0259f\u0259 art\u0131b"},"content":{"rendered":"<p>Az\u0259rbaycanda k\u0259nd t\u0259s\u0259rr\u00fcfat\u0131 m\u0259hsullar\u0131n\u0131n\u00a0istehsal\u0131 iki\u00a0d\u0259f\u0259 art\u0131b.<\/p>\n<p><strong>ARANTV.AZ <\/strong>\u00a0x\u0259b\u0259r verir ki, bunu K\u0259nd T\u0259s\u0259rr\u00fcfat\u0131 naziri \u0130nam K\u0259rimov V Avropa \u0130ttifaq\u0131-Az\u0259rbaycan biznes-forumunda \u00e7\u0131x\u0131\u015f zaman\u0131 deyib.<\/p>\n<p>Onun s\u00f6zl\u0259rin\u0259 g\u00f6r\u0259, \u00f6t\u0259n il \u0259rzind\u0259 bu sah\u0259d\u0259 4,6 faiz\u0259 q\u0259d\u0259r art\u0131m olub:<\/p>\n<div id=\"AdviadNativeVideo0\" class=\"AdviadNativeVideo\"><\/div>\n<p>\u201c\u0130xrac\u0131n t\u0259\u015fviqind\u0259 m\u00fcsb\u0259t n\u0259tic\u0259l\u0259r \u0259ld\u0259 edilib. \u00d6t\u0259n ild\u0259 k\u0259nd t\u0259s\u0259rr\u00fcfat\u0131 m\u0259hsullar\u0131n\u0131n ixrac\u0131 11 faiz art\u0131b\u201d.<\/p>\n<p>\u0130.K\u0259rimov onu da qeyd edib ki, Az\u0259rbaycanda istehsal olunan k\u0259nd t\u0259s\u0259rr\u00fcfat\u0131 m\u0259hsullar\u0131 keyfiyy\u0259t bax\u0131m\u0131ndan r\u0259qab\u0259t\u0259davaml\u0131d\u0131r:<\/p>\n<p>\u201cM\u0259qs\u0259dimiz A\u0130 il\u0259 bu sah\u0259d\u0259 \u0259m\u0259kda\u015fl\u0131\u011f\u0131 g\u00fccl\u0259ndirm\u0259k v\u0259 Avropan\u0131n t\u0259l\u0259bl\u0259rin\u0259, standartlar\u0131na uy\u011fun keyfiyy\u0259tli m\u0259hsullar istehsal etm\u0259kdir. Bununla yana\u015f\u0131, ixrac\u0131 t\u0259\u015fviq etm\u0259k \u00fc\u00e7\u00fcn qanunvericiliy\u0259 \u00f6n\u0259m veririk.<\/p>\n<p>\u00d6t\u0259n il A\u0130 v\u0259 Az\u0259rbaycan aras\u0131nda k\u0259nd t\u0259s\u0259rr\u00fcfat\u0131 sah\u0259sind\u0259 ticar\u0259t d\u00f6vriyy\u0259si 237 milyon dollar t\u0259\u015fkil edib. Az\u0259rbaycandan A\u0130 \u00f6lk\u0259l\u0259rin\u0259 47,8 milyon dollarl\u0131q m\u0259hsul ixrac edilib. 189 milyon dollarl\u0131q k\u0259nd t\u0259s\u0259rr\u00fcfat\u0131 m\u0259hsulu is\u0259 idxal olunub. M\u00f6vcud potensial\u0131 n\u0259z\u0259r\u0259 alaraq bu r\u0259q\u0259ml\u0259ri xeyli art\u0131rmal\u0131y\u0131q\u201d.oxu.az<\/p>\n","protected":false},"excerpt":{"rendered":"<p>Az\u0259rbaycanda k\u0259nd t\u0259s\u0259rr\u00fcfat\u0131 m\u0259hsullar\u0131n\u0131n\u00a0istehsal\u0131 iki\u00a0d\u0259f\u0259 art\u0131b. ARANTV.AZ \u00a0x\u0259b\u0259r verir ki, bunu K\u0259nd T\u0259s\u0259rr\u00fcfat\u0131 naziri \u0130nam K\u0259rimov V Avropa \u0130ttifaq\u0131-Az\u0259rbaycan biznes-forumunda \u00e7\u0131x\u0131\u015f zaman\u0131 deyib. Onun s\u00f6zl\u0259rin\u0259 g\u00f6r\u0259, \u00f6t\u0259n il \u0259rzind\u0259 bu sah\u0259d\u0259 4,6 faiz\u0259 q\u0259d\u0259r art\u0131m olub: \u201c\u0130xrac\u0131n t\u0259\u015fviqind\u0259 m\u00fcsb\u0259t n\u0259tic\u0259l\u0259r \u0259ld\u0259 edilib. \u00d6t\u0259n ild\u0259 k\u0259nd t\u0259s\u0259rr\u00fcfat\u0131 m\u0259hsullar\u0131n\u0131n ixrac\u0131 11 faiz art\u0131b\u201d. \u0130.K\u0259rimov onu da qeyd edib ki, Az\u0259rbaycanda istehsal olunan k\u0259nd t\u0259s\u0259rr\u00fcfat\u0131 m\u0259hsullar\u0131 keyfiyy\u0259t bax\u0131m\u0131ndan r\u0259qab\u0259t\u0259davaml\u0131d\u0131r: \u201cM\u0259qs\u0259dimiz A\u0130 il\u0259 bu sah\u0259d\u0259 \u0259m\u0259kda\u015fl\u0131\u011f\u0131 g\u00fccl\u0259ndirm\u0259k v\u0259 Avropan\u0131n t\u0259l\u0259bl\u0259rin\u0259, standartlar\u0131na uy\u011fun keyfiyy\u0259tli m\u0259hsullar istehsal etm\u0259kdir. Bununla yana\u015f\u0131, ixrac\u0131 t\u0259\u015fviq etm\u0259k \u00fc\u00e7\u00fcn qanunvericiliy\u0259 \u00f6n\u0259m&hellip;<\/p>\n","protected":false},"author":2,"featured_media":66362,"comment_status":"closed","ping_status":"closed","sticky":false,"template":"","format":"standard","meta":{"om_disable_all_campaigns":false,"_monsterinsights_skip_tracking":false,"_monsterinsights_sitenote_active":false,"_monsterinsights_sitenote_note":"","_monsterinsights_sitenote_category":0},"categories":[19],"tags":[],"aioseo_notices":[],"gutentor_comment":0,"rttpg_featured_image_url":{"full":["https:\/\/arantv.az\/wp-content\/uploads\/2019\/06\/agrar.jpg",620,349,false],"landscape":["https:\/\/arantv.az\/wp-content\/uploads\/2019\/06\/agrar.jpg",620,349,false],"portraits":["https:\/\/arantv.az\/wp-content\/uploads\/2019\/06\/agrar.jpg",620,349,false],"thumbnail":["https:\/\/arantv.az\/wp-content\/uploads\/2019\/06\/agrar-150x150.jpg",150,150,true],"medium":["https:\/\/arantv.az\/wp-content\/uploads\/2019\/06\/agrar-300x169.jpg",300,169,true],"large":["https:\/\/arantv.az\/wp-content\/uploads\/2019\/06\/agrar.jpg",620,349,false],"1536x1536":["https:\/\/arantv.az\/wp-content\/uploads\/2019\/06\/agrar.jpg",620,349,false],"2048x2048":["https:\/\/arantv.az\/wp-content\/uploads\/2019\/06\/agrar.jpg",620,349,false],"post-thumbnail":["https:\/\/arantv.az\/wp-content\/uploads\/2019\/06\/agrar-240x172.jpg",240,172,true],"advps-thumb-one":["https:\/\/arantv.az\/wp-content\/uploads\/2019\/06\/agrar.jpg",620,349,false]},"rttpg_author":{"display_name":"V\u00fcsal Rafiqo\u011flu","author_link":"https:\/\/arantv.az\/?author=2"},"rttpg_comment":0,"rttpg_category":"<a href=\"https:\/\/arantv.az\/?cat=19\" rel=\"category\">G\u00fcnd\u0259m<\/a>","rttpg_excerpt":"Az\u0259rbaycanda k\u0259nd t\u0259s\u0259rr\u00fcfat\u0131 m\u0259hsullar\u0131n\u0131n\u00a0istehsal\u0131 iki\u00a0d\u0259f\u0259 art\u0131b. ARANTV.AZ \u00a0x\u0259b\u0259r verir ki, bunu K\u0259nd T\u0259s\u0259rr\u00fcfat\u0131 naziri \u0130nam K\u0259rimov V Avropa \u0130ttifaq\u0131-Az\u0259rbaycan biznes-forumunda \u00e7\u0131x\u0131\u015f zaman\u0131 deyib. Onun s\u00f6zl\u0259rin\u0259 g\u00f6r\u0259, \u00f6t\u0259n il \u0259rzind\u0259 bu sah\u0259d\u0259 4,6 faiz\u0259 q\u0259d\u0259r art\u0131m olub: \u201c\u0130xrac\u0131n t\u0259\u015fviqind\u0259 m\u00fcsb\u0259t n\u0259tic\u0259l\u0259r \u0259ld\u0259 edilib. \u00d6t\u0259n ild\u0259 k\u0259nd t\u0259s\u0259rr\u00fcfat\u0131 m\u0259hsullar\u0131n\u0131n ixrac\u0131 11 faiz art\u0131b\u201d. \u0130.K\u0259rimov onu da qeyd&hellip;","_links":{"self":[{"href":"https:\/\/arantv.az\/index.php?rest_route=\/wp\/v2\/posts\/66361"}],"collection":[{"href":"https:\/\/arantv.az\/index.php?rest_route=\/wp\/v2\/posts"}],"about":[{"href":"https:\/\/arantv.az\/index.php?rest_route=\/wp\/v2\/types\/post"}],"author":[{"embeddable":true,"href":"https:\/\/arantv.az\/index.php?rest_route=\/wp\/v2\/users\/2"}],"replies":[{"embeddable":true,"href":"https:\/\/arantv.az\/index.php?rest_route=%2Fwp%2Fv2%2Fcomments&post=66361"}],"version-history":[{"count":0,"href":"https:\/\/arantv.az\/index.php?rest_route=\/wp\/v2\/posts\/66361\/revisions"}],"wp:featuredmedia":[{"embeddable":true,"href":"https:\/\/arantv.az\/index.php?rest_route=\/wp\/v2\/media\/66362"}],"wp:attachment":[{"href":"https:\/\/arantv.az\/index.php?rest_route=%2Fwp%2Fv2%2Fmedia&parent=66361"}],"wp:term":[{"taxonomy":"category","embeddable":true,"href":"https:\/\/arantv.az\/index.php?rest_route=%2Fwp%2Fv2%2Fcategories&post=66361"},{"taxonomy":"post_tag","embeddable":true,"href":"https:\/\/arantv.az\/index.php?rest_route=%2Fwp%2Fv2%2Ftags&post=66361"}],"curies":[{"name":"wp","href":"https:\/\/api.w.org\/{rel}","templated":true}]}}