{"id":663628,"date":"2023-12-01T15:32:04","date_gmt":"2023-12-01T11:32:04","guid":{"rendered":"https:\/\/arantv.az\/?p=663628"},"modified":"2023-12-01T15:32:04","modified_gmt":"2023-12-01T11:32:04","slug":"avroparlamentin-erm%c9%99ni-sevgisi-az%c9%99rbaycanla-dostluq-%c9%99v%c9%99zin%c9%99-dusm%c9%99ncilik-yolu-secilib-s%c9%99rh-foto","status":"publish","type":"post","link":"https:\/\/arantv.az\/?p=663628","title":{"rendered":"Avroparlamentin erm\u0259ni sevgisi: Az\u0259rbaycanla dostluq \u0259v\u0259zin\u0259 d\u00fc\u015fm\u0259n\u00e7ilik yolu se\u00e7ilib &#8211; \u015e\u018fRH + FOTO"},"content":{"rendered":"<p>Avropa Parlamentinin Az\u0259rbaycan \u0259leyhin\u0259 m\u00f6vqe tutmas\u0131 art\u0131q t\u0259\u0259cc\u00fcb do\u011furmur. Avropan\u0131n bu ali orqan\u0131 h\u0259r bir f\u00fcrs\u0259td\u0259 r\u0259smi Bak\u0131n\u0131n \u0259leyhin\u0259 b\u0259yanatla \u00e7\u0131x\u0131\u015f etm\u0259k, q\u0259tnam\u0259 q\u0259bul etm\u0259k imkan\u0131n\u0131 qa\u00e7\u0131rm\u0131r. Bu hallarda m\u0259s\u0259l\u0259nin n\u0259 d\u0259r\u0259c\u0259d\u0259 \u0259dal\u0259tli olmas\u0131, ad\u0259t\u0259n, ikinci planda qal\u0131r.<\/p>\n<p>Bel\u0259 n\u00fcmun\u0259l\u0259rd\u0259n biri Avropa Parlamentinin Xarici \u0259laq\u0259l\u0259r komit\u0259sinin noyabr\u0131n 29-da q\u0259bul etdiyi illik hesabatd\u0131r. Bel\u0259 ki, s\u0259n\u0259dd\u0259 \u00e7oxlu sayda k\u00f6hn\u0259lmi\u015f, h\u0259tta Erm\u0259nistan\u0131n bel\u0259 istifad\u0259 etm\u0259diyi terminl\u0259rd\u0259n istifad\u0259 olunub. Avroparlamentin q\u0259rarlar\u0131nda Az\u0259rbaycan\u0131n beyn\u0259lxalq s\u0259viyy\u0259d\u0259 tan\u0131nm\u0131\u015f \u0259razisi olan Qaraba\u011fda antiterror t\u0259dbirl\u0259ri \u00e7\u0259r\u00e7iv\u0259sind\u0259 \u00f6z suverenliyini b\u0259rpa etm\u0259si \u201ch\u0259rbi t\u0259cav\u00fcz\u201d adland\u0131r\u0131l\u0131b, h\u0259m\u00e7inin, Az\u0259rbaycan\u0131n beyn\u0259lxalq normalar\u0131 pozdu\u011fu iddia edil\u0259r\u0259k ona qar\u015f\u0131 sanksiyalar\u0131n t\u0259tbiqi \u00e7a\u011f\u0131r\u0131\u015f\u0131 yer al\u0131b.<\/p>\n<p><img src=\"https:\/\/cdn.oxu.az\/uploads\/W1siZiIsIjIwMjMvMTIvMDEvMTIvNTEvMDYvYjEzMzMyOTgtZDhhOC00ZTk4LWE3NzYtZGRlOWI5YWE4ZmZkLzUyZmEwZjBhLTI0MTgtMzU0Mi1hZGQ4LThkOTBlZDMwMzgxNi5qcGciXSxbInAiLCJlbmNvZGUiLCJqcGciLCItcXVhbGl0eSA4MCJdLFsicCIsInRodW1iIiwiNTkweDU5MFx1MDAzZSJdXQ?sha=f3738932f71c4e90\" alt=\"\" \/><\/p>\n<p>N\u0259z\u0259r\u0259 almaq laz\u0131md\u0131r ki, 2020-ci ild\u0259 \u0130kinci Qaraba\u011f m\u00fcharib\u0259si v\u0259 Az\u0259rbaycan Ordusunun bu ilin sentyabr\u0131nda h\u0259yata ke\u00e7irdiyi antiterror \u0259m\u0259liyyatlar\u0131 he\u00e7 bir halda h\u0259rbi t\u0259cav\u00fcz kimi qiym\u0259l\u0259ndiril\u0259 bilm\u0259z. Bel\u0259 ki, \u0259m\u0259liyyatlar\u0131n m\u0259qs\u0259di \u0259razi b\u00fct\u00f6vl\u00fcy\u00fcn\u00fcn b\u0259rpas\u0131, Konstitusiya qurulu\u015funun \u00f6lk\u0259nin b\u00fct\u00fcn \u0259razisind\u0259 t\u0259tbiqinin t\u0259min edilm\u0259si idi.<\/p>\n<p>\u018fslind\u0259, bu, Avropa Parlamentinin ilk bel\u0259 q\u0259rar\u0131 deyil. Bu ilin oktyabr\u0131nda qurumun Az\u0259rbaycan \u0259leyhin\u0259 q\u0259bul etdiyi q\u0259tnam\u0259d\u0259 Qaraba\u011fda ya\u015fayan erm\u0259nil\u0259r\u0259 qar\u015f\u0131 h\u0259rbi \u0259m\u0259liyyatlar ke\u00e7irdiyi iddia edilib v\u0259 orada qalan erm\u0259nil\u0259r\u0259 qar\u015f\u0131 \u201czorak\u0131l\u0131\u011fa\u201d son qoyulmas\u0131na \u00e7a\u011f\u0131r\u0131l\u0131b.<\/p>\n<p>2022-ci ilin mart ay\u0131nda Avroparlamentin q\u0259bul etdiyi daha bir q\u0259tnam\u0259d\u0259 iddia olunmu\u015fdu ki, Az\u0259rbaycan Qaraba\u011fda \u201cerm\u0259ni m\u0259d\u0259ni irsini da\u011f\u0131d\u0131r\u201d. H\u0259tta Az\u0259rbaycan\u0131n dig\u0259r \u0259razil\u0259rind\u0259 d\u0259 eyni add\u0131mlar\u0131n at\u0131ld\u0131\u011f\u0131 yalan\u0131 ortaya at\u0131lm\u0131\u015fd\u0131. Bu, tamamil\u0259 r\u0259smi \u0130r\u0259van\u0131n dezinformasiyalar\u0131 il\u0259 eyni t\u0259r\u0259zinin g\u00f6z\u00fcn\u0259 qoyulmal\u0131d\u0131r.<\/p>\n<p>Xat\u0131rlatmaq yerin\u0259 d\u00fc\u015f\u0259r ki, Avropa Parlamentind\u0259 iki n\u0259f\u0259r istisna olmaqla h\u0259r k\u0259s q\u0259rar\u0131n lehin\u0259 s\u0259s vermi\u015fdi. Oraya se\u00e7il\u0259n deputatlar\u0131n bir \u00e7oxunun Avropan\u0131n m\u00fcxt\u0259lif \u00f6lk\u0259l\u0259rind\u0259 f\u0259aliyy\u0259t g\u00f6st\u0259r\u0259n erm\u0259ni lobbisinin t\u0259siri alt\u0131na d\u00fc\u015fm\u0259l\u0259ri d\u0259f\u0259l\u0259rl\u0259 m\u00fcxt\u0259lif K\u0130V-d\u0259 qeyd olunub. Bel\u0259l\u0259rinin aras\u0131nda korrupsiya qalmaqallar\u0131 il\u0259 \u00fczl\u0259\u015f\u0259nl\u0259r d\u0259 olub.<\/p>\n<p>Beyn\u0259lxalq M\u00fcnasib\u0259tl\u0259rin T\u0259hlili M\u0259rk\u0259zinin (BMTM) \u0130dar\u0259 Hey\u0259tinin s\u0259dri F\u0259rid \u015e\u0259fiyev 2022-ci ild\u0259 bu \u0259sass\u0131z v\u0259 q\u0259r\u0259zli q\u0259tnam\u0259l\u0259r bar\u0259d\u0259 dan\u0131\u015fark\u0259n s\u00f6yl\u0259mi\u015fdi ki, uzun ill\u0259rdir Avropa Parlamentind\u0259 Az\u0259rbaycana qar\u015f\u0131 bir qrup formala\u015f\u0131b. Onun s\u00f6zl\u0259rin\u0259 g\u00f6r\u0259, burada \u0259sas q\u00fcvv\u0259l\u0259rd\u0259n biri erm\u0259ni lobbisidir.<\/p>\n<p>Az\u0259rbaycan \u0130kinci Qaraba\u011f m\u00fcharib\u0259sind\u0259n \u0259vv\u0259l, torpaqlar\u0131 i\u015f\u011fal alt\u0131nda olan zaman da Avropa Parlamenti kimi beyn\u0259lxalq qurumlar\u0131n \u0259dal\u0259tsiz q\u0259rarlar\u0131 il\u0259 \u00fczl\u0259\u015fib. \u0130\u015f\u011fal\u00e7\u0131 Erm\u0259nistan avropal\u0131 deputatlar\u0131n diqq\u0259tind\u0259n k\u0259narda qal\u0131b, i\u015f\u011fala m\u0259ruz qalan Az\u0259rbaycan is\u0259 t\u0259nqid obyekti olub.<\/p>\n<p><img src=\"https:\/\/cdn.oxu.az\/uploads\/W1siZiIsIjIwMjMvMTIvMDEvMTIvNTEvMDYvM2FmMDhiZDQtY2E3MS00YTAxLTkxOTItNmJhZDBmYzJjOGNlLzlkMDI0MTA3LTcyYWQtM2Q3OS1iMTk2LTFjNGZmZjViZDU5ZC5qcGciXSxbInAiLCJlbmNvZGUiLCJqcGciLCItcXVhbGl0eSA4MCJdLFsicCIsInRodW1iIiwiNTkweDU5MFx1MDAzZSJdXQ?sha=42a463f54dad9fb5\" alt=\"\" \/><\/p>\n<p>\u018fslind\u0259, Avropa Parlamentinin q\u0259bul etdiyi q\u0259tnam\u0259l\u0259r Az\u0259rbaycan \u00fc\u00e7\u00fcn m\u0259cburi deyil. Amma fakt\u0131n \u00f6z\u00fc r\u0259smi Bak\u0131 il\u0259 Avroparlament aras\u0131nda m\u00fcnasib\u0259tl\u0259rin korlanmas\u0131na \u0259sas yarad\u0131r.<\/p>\n<p>\u0130stisna olunmur ki, bundan sonra da bu qurum Az\u0259rbaycana qar\u015f\u0131 b\u0259yanatlar ver\u0259c\u0259k, s\u0259n\u0259dl\u0259r q\u0259bul ed\u0259c\u0259k. El\u0259 bununla da avropal\u0131 qanunvericil\u0259r Az\u0259rbaycan\u0131 \u00f6zl\u0259rind\u0259n uzaqla\u015fd\u0131rma\u011fa s\u0259b\u0259b olurlar. Amma n\u0259z\u0259r\u0259 almaq laz\u0131md\u0131r ki, C\u0259nubi Qafqaz\u0131n \u0259n b\u00f6y\u00fck v\u0259 \u0259n g\u00fccl\u00fc d\u00f6vl\u0259ti il\u0259 dostluq etm\u0259k daha yax\u015f\u0131d\u0131r.<\/p>\n<p><strong>\u201cReport\u201d \u0130nformasiya Agentliyi<\/strong><\/p>\n","protected":false},"excerpt":{"rendered":"<p>Avropa Parlamentinin Az\u0259rbaycan \u0259leyhin\u0259 m\u00f6vqe tutmas\u0131 art\u0131q t\u0259\u0259cc\u00fcb do\u011furmur. Avropan\u0131n bu ali orqan\u0131 h\u0259r bir f\u00fcrs\u0259td\u0259 r\u0259smi Bak\u0131n\u0131n \u0259leyhin\u0259 b\u0259yanatla \u00e7\u0131x\u0131\u015f etm\u0259k, q\u0259tnam\u0259 q\u0259bul etm\u0259k imkan\u0131n\u0131 qa\u00e7\u0131rm\u0131r. Bu hallarda m\u0259s\u0259l\u0259nin n\u0259 d\u0259r\u0259c\u0259d\u0259 \u0259dal\u0259tli olmas\u0131, ad\u0259t\u0259n, ikinci planda qal\u0131r. Bel\u0259 n\u00fcmun\u0259l\u0259rd\u0259n biri Avropa Parlamentinin Xarici \u0259laq\u0259l\u0259r komit\u0259sinin noyabr\u0131n 29-da q\u0259bul etdiyi illik hesabatd\u0131r. Bel\u0259 ki, s\u0259n\u0259dd\u0259 \u00e7oxlu sayda k\u00f6hn\u0259lmi\u015f, h\u0259tta Erm\u0259nistan\u0131n bel\u0259 istifad\u0259 etm\u0259diyi terminl\u0259rd\u0259n istifad\u0259 olunub. Avroparlamentin q\u0259rarlar\u0131nda Az\u0259rbaycan\u0131n beyn\u0259lxalq s\u0259viyy\u0259d\u0259 tan\u0131nm\u0131\u015f \u0259razisi olan Qaraba\u011fda antiterror t\u0259dbirl\u0259ri \u00e7\u0259r\u00e7iv\u0259sind\u0259 \u00f6z suverenliyini b\u0259rpa etm\u0259si \u201ch\u0259rbi t\u0259cav\u00fcz\u201d adland\u0131r\u0131l\u0131b, h\u0259m\u00e7inin, Az\u0259rbaycan\u0131n beyn\u0259lxalq normalar\u0131 pozdu\u011fu&hellip;<\/p>\n","protected":false},"author":2,"featured_media":663629,"comment_status":"closed","ping_status":"closed","sticky":false,"template":"","format":"standard","meta":{"om_disable_all_campaigns":false,"_monsterinsights_skip_tracking":false,"_monsterinsights_sitenote_active":false,"_monsterinsights_sitenote_note":"","_monsterinsights_sitenote_category":0},"categories":[4],"tags":[],"aioseo_notices":[],"gutentor_comment":0,"rttpg_featured_image_url":{"full":["https:\/\/arantv.az\/wp-content\/uploads\/2023\/12\/b196d27e-117e-39e1-ac90-8c826ecb6382_850.jpg",620,413,false],"landscape":["https:\/\/arantv.az\/wp-content\/uploads\/2023\/12\/b196d27e-117e-39e1-ac90-8c826ecb6382_850.jpg",620,413,false],"portraits":["https:\/\/arantv.az\/wp-content\/uploads\/2023\/12\/b196d27e-117e-39e1-ac90-8c826ecb6382_850.jpg",620,413,false],"thumbnail":["https:\/\/arantv.az\/wp-content\/uploads\/2023\/12\/b196d27e-117e-39e1-ac90-8c826ecb6382_850-500x280.jpg",500,280,true],"medium":["https:\/\/arantv.az\/wp-content\/uploads\/2023\/12\/b196d27e-117e-39e1-ac90-8c826ecb6382_850-548x365.jpg",548,365,true],"large":["https:\/\/arantv.az\/wp-content\/uploads\/2023\/12\/b196d27e-117e-39e1-ac90-8c826ecb6382_850.jpg",620,413,false],"1536x1536":["https:\/\/arantv.az\/wp-content\/uploads\/2023\/12\/b196d27e-117e-39e1-ac90-8c826ecb6382_850.jpg",620,413,false],"2048x2048":["https:\/\/arantv.az\/wp-content\/uploads\/2023\/12\/b196d27e-117e-39e1-ac90-8c826ecb6382_850.jpg",620,413,false],"post-thumbnail":["https:\/\/arantv.az\/wp-content\/uploads\/2023\/12\/b196d27e-117e-39e1-ac90-8c826ecb6382_850-240x172.jpg",240,172,true],"advps-thumb-one":["https:\/\/arantv.az\/wp-content\/uploads\/2023\/12\/b196d27e-117e-39e1-ac90-8c826ecb6382_850.jpg",620,413,false]},"rttpg_author":{"display_name":"V\u00fcsal Rafiqo\u011flu","author_link":"https:\/\/arantv.az\/?author=2"},"rttpg_comment":0,"rttpg_category":"<a href=\"https:\/\/arantv.az\/?cat=4\" rel=\"category\">Siyas\u0259t<\/a>","rttpg_excerpt":"Avropa Parlamentinin Az\u0259rbaycan \u0259leyhin\u0259 m\u00f6vqe tutmas\u0131 art\u0131q t\u0259\u0259cc\u00fcb do\u011furmur. Avropan\u0131n bu ali orqan\u0131 h\u0259r bir f\u00fcrs\u0259td\u0259 r\u0259smi Bak\u0131n\u0131n \u0259leyhin\u0259 b\u0259yanatla \u00e7\u0131x\u0131\u015f etm\u0259k, q\u0259tnam\u0259 q\u0259bul etm\u0259k imkan\u0131n\u0131 qa\u00e7\u0131rm\u0131r. Bu hallarda m\u0259s\u0259l\u0259nin n\u0259 d\u0259r\u0259c\u0259d\u0259 \u0259dal\u0259tli olmas\u0131, ad\u0259t\u0259n, ikinci planda qal\u0131r. Bel\u0259 n\u00fcmun\u0259l\u0259rd\u0259n biri Avropa Parlamentinin Xarici \u0259laq\u0259l\u0259r komit\u0259sinin noyabr\u0131n 29-da q\u0259bul etdiyi illik hesabatd\u0131r. Bel\u0259 ki, s\u0259n\u0259dd\u0259&hellip;","_links":{"self":[{"href":"https:\/\/arantv.az\/index.php?rest_route=\/wp\/v2\/posts\/663628"}],"collection":[{"href":"https:\/\/arantv.az\/index.php?rest_route=\/wp\/v2\/posts"}],"about":[{"href":"https:\/\/arantv.az\/index.php?rest_route=\/wp\/v2\/types\/post"}],"author":[{"embeddable":true,"href":"https:\/\/arantv.az\/index.php?rest_route=\/wp\/v2\/users\/2"}],"replies":[{"embeddable":true,"href":"https:\/\/arantv.az\/index.php?rest_route=%2Fwp%2Fv2%2Fcomments&post=663628"}],"version-history":[{"count":0,"href":"https:\/\/arantv.az\/index.php?rest_route=\/wp\/v2\/posts\/663628\/revisions"}],"wp:featuredmedia":[{"embeddable":true,"href":"https:\/\/arantv.az\/index.php?rest_route=\/wp\/v2\/media\/663629"}],"wp:attachment":[{"href":"https:\/\/arantv.az\/index.php?rest_route=%2Fwp%2Fv2%2Fmedia&parent=663628"}],"wp:term":[{"taxonomy":"category","embeddable":true,"href":"https:\/\/arantv.az\/index.php?rest_route=%2Fwp%2Fv2%2Fcategories&post=663628"},{"taxonomy":"post_tag","embeddable":true,"href":"https:\/\/arantv.az\/index.php?rest_route=%2Fwp%2Fv2%2Ftags&post=663628"}],"curies":[{"name":"wp","href":"https:\/\/api.w.org\/{rel}","templated":true}]}}