{"id":663743,"date":"2023-12-01T21:42:28","date_gmt":"2023-12-01T17:42:28","guid":{"rendered":"https:\/\/arantv.az\/?p=663743"},"modified":"2023-12-01T21:42:28","modified_gmt":"2023-12-01T17:42:28","slug":"q%c9%99rbi-az%c9%99rbaycan-xronikasi-1987-ci-ild%c9%99-m%c9%99ni-erm%c9%99nil%c9%99r-ir%c9%99vanda-oz-evimiz%c9%99-qeydiyyata-salmadilar-video","status":"publish","type":"post","link":"https:\/\/arantv.az\/?p=663743","title":{"rendered":"Q\u0259rbi Az\u0259rbaycan Xronikas\u0131: \u201c1987-ci ild\u0259 m\u0259ni erm\u0259nil\u0259r \u0130r\u0259vanda \u00f6z evimiz\u0259 qeydiyyata salmad\u0131lar\u201d &#8211; V\u0130DEO"},"content":{"rendered":"<article class=\"news\">\n<div class=\"news-inner\">\n<p>Bu g\u00fcn Baku TV-d\u0259 Q\u0259rbi Az\u0259rbaycan Xronikas\u0131 layih\u0259si \u00e7\u0259r\u00e7iv\u0259sind\u0259 jurnalist \u018fsg\u0259r \u0130brahimovun m\u00fc\u0259llifi oldu\u011fu \u201cH\u0259yat Hekay\u0259si\u201d verili\u015finin n\u00f6vb\u0259ti burax\u0131l\u0131\u015f\u0131 efir\u0259 gedib.<\/p>\n<p>\u201cBiz q\u0131\u015fda hokkey oynamaq \u00fc\u00e7\u00fcn \u0130r\u0259vanda k\u00fc\u00e7\u0259l\u0259ri sulayard\u0131q\u201d burax\u0131l\u0131\u015f q\u0259dim \u0130r\u0259van \u015f\u0259h\u0259r sakini Tamerlan \u018fliyevin h\u0259yat hekay\u0259sin\u0259 h\u0259sr olunub.<\/p>\n<p>O, u\u015faql\u0131q, m\u0259kt\u0259b ill\u0259rinin \u0130r\u0259van \u015f\u0259h\u0259rind\u0259 ke\u00e7diyini, u\u015faq bax\u00e7as\u0131n\u0131, orta m\u0259kt\u0259bi orada bitirdiyini deyib:<\/p>\n<p>\u201cBir sinifd\u0259 40 \u015fagird oxuyurdu. 10-cu sinfi qurtaranda is\u0259 20 n\u0259f\u0259r bitirmi\u015fik. Bu azalman\u0131n \u0259sas s\u0259b\u0259bl\u0259ri az\u0259rbaycanl\u0131lar\u0131n k\u00f6\u00e7\u00fcr\u00fclm\u0259si il\u0259 ba\u011fl\u0131\u00a0 q\u0259rar\u0131n q\u0259bul edilm\u0259si v\u0259 insanlar\u0131n m\u0259n\u0259n s\u0131x\u0131\u015fd\u0131r\u0131lmas\u0131 idi\u201d.<\/p>\n<p>O, u\u015faql\u0131q ill\u0259rinin he\u00e7 vaxt yaddan \u00e7\u0131xmad\u0131\u011f\u0131n\u0131, m\u0259h\u0259ll\u0259d\u0259 yay v\u0259 q\u0131\u015f vaxtlar\u0131nda oynad\u0131qlar\u0131 oyunlar\u0131 xar\u0131rlad\u0131b, x\u0259yal\u0131ndan \u00a0m\u00fc\u0259llim\u0259l\u0259rini he\u00e7 vaxt \u00e7\u0131xmad\u0131\u011f\u0131n\u0131 s\u00f6yl\u0259yib:<\/p>\n<p>\u201cM.F.Axundov ad\u0131na 9 n\u00f6mr\u0259li m\u0259kt\u0259bin m\u00fc\u0259lliml\u0259ri \u00e7ox g\u00fccl\u00fc olublar. O m\u0259kt\u0259b v\u0259 m\u00fc\u0259lliml\u0259r \u0130r\u0259van ziyal\u0131lar\u0131n\u0131n yaranmas\u0131nda, formala\u015fmas\u0131nda \u00e7ox b\u00f6y\u00fck rol oynay\u0131b. Bizim orada ya\u015fad\u0131\u011f\u0131m\u0131z\u00a0evin indi 100 ya\u015f\u0131 var.<\/p>\n<p>T.\u018fliyev v\u0259 b\u00fct\u00fcn Q\u0259rbi Az\u0259rbaycan torpaqlar\u0131nda ya\u015fayan az\u0259rbaycanl\u0131lar sovet hakimiyy\u0259ti d\u00f6vr\u00fcnd\u0259 \u0130r\u0259vandan iki-\u00fc\u00e7\u00a0d\u0259f\u0259 deportasiyaya u\u011fray\u0131blar:<\/p>\n<p>\u201c1948-1953-c\u00fc ill\u0259r deportasiyas\u0131 zaman\u0131 institutlar\u0131 ba\u011flam\u0131\u015fd\u0131lar. Q\u0259rbi Az\u0259rbaycan\u0131n ba\u015fqa yerl\u0259rind\u0259 camaat\u0131 y\u00fck vaqonlar\u0131na doldurub K\u00fcr \u00e7ay\u0131 \u0259traf\u0131na k\u00f6\u00e7\u00fcrm\u00fc\u015fd\u00fcl\u0259r. Sonra az\u0259rbaycanl\u0131lar\u0131n b\u0259zil\u0259ri geri qay\u0131tm\u0131\u015fd\u0131.<\/p>\n<p>M\u0259n \u00f6z\u00fcm 1987-ci ild\u0259 \u0130r\u0259vanda \u00f6z evimiz\u0259 qeydiyyata d\u00fc\u015fm\u0259k ist\u0259dim.\u00a0Lakin m\u00fc\u0259yy\u0259n s\u0259b\u0259bl\u0259r, arqumentl\u0259r g\u0259tir\u0259r\u0259k m\u0259ni qeydiyyata salmad\u0131lar. M\u0259nim valideynl\u0259rim is\u0259 1988-ci il\u0259 q\u0259d\u0259r h\u0259min o evd\u0259, o yurdda ya\u015fay\u0131blar\u201d.<\/p>\n<p>O, \u0130r\u0259vanda son deportasiya zaman\u0131 evl\u0259rini d\u0259yi\u015fm\u0259k \u00fc\u00e7\u00fcn do\u011fma \u015f\u0259h\u0259r\u0259 qay\u0131td\u0131\u011f\u0131n\u0131 deyib:<\/p>\n<p>\u201cBu hadis\u0259l\u0259r ba\u015flayanda evl\u0259ri d\u0259yi\u015fdirm\u0259k ist\u0259yirdik. Onda evl\u0259 m\u0259\u015f\u011ful olurdum v\u0259 m\u0259n bu evl\u0259 \u0259laq\u0259dar \u0130r\u0259vana qay\u0131tm\u0131\u015fd\u0131m. \u0130r\u0259vanda qald\u0131\u011f\u0131m zaman babamgil d\u0259, qon\u015fular da oradan k\u00f6\u00e7m\u0259mi\u015fdil\u0259r. Gec\u0259 biz yatm\u0131\u015fd\u0131q qon\u015fu g\u0259lib bizi oyatd\u0131 ki, t\u0259cili durun, sizin baban\u0131z\u0131n evin\u0259 h\u00fccum edibl\u0259r. O zaman evd\u0259 m\u0259n, atam v\u0259 anam idi, qalanlar is\u0259 Bak\u0131da qal\u0131rd\u0131lar. Atam m\u0259ni qa\u00e7\u0131rd\u0131, dedi ki, s\u0259n cavansan, ola bil\u0259r s\u0259ni vurub ed\u0259rl\u0259r. H\u0259min g\u00fcn m\u0259nim yad\u0131mdan \u00e7\u0131xmayacaq. Ondan sonra \u0130r\u0259vanda he\u00e7 bir az\u0259rbaycanl\u0131 qalmad\u0131\u201d.<\/p>\n<p>H\u0259r il \u00fc\u00e7-d\u00f6rd d\u0259f\u0259 \u0130r\u0259vana getdiyini, erm\u0259nil\u0259rin Toxmaqg\u00f6l q\u0259biristanl\u0131\u011f\u0131n\u0131 1988-ci il\u0259 q\u0259d\u0259r yerl\u0259-yeksan etdiyini, do\u011fma V\u0259t\u0259n h\u0259sr\u0259til\u0259 ya\u015fama\u011f\u0131n \u00e7\u0259tin oldu\u011funu s\u00f6yl\u0259y\u0259n T.\u018fliyev\u00a0\u00f6z yurduna qay\u0131tmaq ist\u0259diyini bildirib:<\/p>\n<p>\u201c\u0130st\u0259y\u0259r\u0259m \u00f6z yurduma qay\u0131dam. M\u0259n orada anadan olmu\u015fam. M\u0259nim u\u015faql\u0131\u011f\u0131m orada ke\u00e7ib, o abu-hava il\u0259 b\u00f6y\u00fcm\u00fc\u015f\u0259m. Bunu yaddan \u00e7\u0131xarmaq olarm\u0131?! Babalar\u0131m, n\u0259n\u0259l\u0259rim Toxmaqg\u00f6l q\u0259biristanl\u0131\u011f\u0131nda d\u0259fn olunublar. Otuz be\u015f ildir ana yurdumu h\u0259r ay yuxumda g\u00f6r\u00fcr\u0259m. O h\u0259sr\u0259t he\u00e7 vaxt &#8211; \u00f6l\u0259n\u0259 q\u0259d\u0259r yaddan \u00e7\u0131xa bilm\u0259z\u201d.<\/p>\n<p>Xat\u0131rladaq ki, Q\u0259rbi Az\u0259rbaycan Xronikas\u0131 layih\u0259sinin m\u0259qs\u0259di tarixi q\u0259dim torpaqlar\u0131m\u0131z\u0131n ad\u0131n\u0131n ya\u015fad\u0131lmas\u0131, tan\u0131d\u0131lmas\u0131, h\u0259m\u00e7inin az\u0259rbaycanl\u0131lar\u0131n erm\u0259nil\u0259r t\u0259r\u0259find\u0259n deportasiyaya m\u0259ruz qoyulmas\u0131ndan, h\u0259min \u0259razil\u0259rd\u0259 m\u00f6vcud olmu\u015f, lakin ad\u0131 silin\u0259n toponiml\u0259rin, says\u0131z-hesabs\u0131z yeralt\u0131 v\u0259 yer\u00fcst\u00fc maddi m\u0259d\u0259niyy\u0259t n\u00fcmun\u0259l\u0259ri &#8211; q\u0259dim ya\u015fay\u0131\u015f m\u0259sk\u0259nl\u0259ri, nekropollar, kurqanlar, qala, saray v\u0259 istehkam qal\u0131qlar\u0131, karvansaralar, k\u00f6rp\u00fcl\u0259r, q\u0259bir\u00fcst\u00fc s\u0259nduq\u0259l\u0259r, xa\u00e7da\u015flar, at-qo\u00e7 heyk\u0259ll\u0259ri, m\u0259b\u0259d, kils\u0259, m\u0259scid, pir v\u0259 ocaqlar\u0131n \u00fcz\u0259 \u00e7\u0131xar\u0131lmas\u0131, h\u0259min \u0259razinin t\u0259miz o\u011fuz-t\u00fcrk m\u0259sk\u0259nl\u0259ri oldu\u011funu t\u0259sdiq ed\u0259n faktlar\u0131n d\u00fcnya ictimaiyy\u0259tin\u0259 \u00e7atd\u0131r\u0131lmas\u0131d\u0131r.<\/p>\n<p>H\u0259m\u00e7inin Prezident\u00a0<strong>\u0130lham \u018fliyevin<\/strong>\u00a0Q\u0259rbi Az\u0259rbaycanla ba\u011fl\u0131 dediyi \u201cXX \u0259srin \u0259vv\u0259ll\u0259rin\u0259 t\u0259sad\u00fcf ed\u0259n x\u0259rit\u0259 bir daha onu g\u00f6st\u0259rir ki, Q\u0259rbi Az\u0259rbaycan tarixi Az\u0259rbaycan diyar\u0131d\u0131r, \u015f\u0259h\u0259rl\u0259rin, k\u0259ndl\u0259rin adlar\u0131 Az\u0259rbaycan m\u0259n\u015f\u0259lidir v\u0259 biz yax\u015f\u0131 bilirik ki, indiki Erm\u0259nistan \u0259razisind\u0259 tarix boyu Az\u0259rbaycan xalq\u0131 ya\u015fay\u0131b. \u0130ndi \u0259sas v\u0259zif\u0259 ondan ibar\u0259tdir ki, d\u00fcnya ictimaiyy\u0259ti d\u0259 bunu bilsin\u201d, &#8211; fikrini \u0259sas tutaraq Q\u0259rbi Az\u0259rbaycan \u0130cmas\u0131n\u0131n haz\u0131rlad\u0131\u011f\u0131 Qay\u0131d\u0131\u015f Konsepsiyas\u0131ndan\u00a0ir\u0259li g\u0259l\u0259n v\u0259zif\u0259l\u0259rin t\u0259bli\u011fidir.<\/p>\n<p>Bundan \u0259lav\u0259, Q\u0259rbi Az\u0259rbaycanla ba\u011fl\u0131 tarix\u00e7il\u0259rin, ara\u015fd\u0131rma\u00e7\u0131lar\u0131n d\u00fc\u015f\u00fcnc\u0259l\u0259rini, deportasiyaya m\u0259ruz qalm\u0131\u015f \u015f\u0259xsl\u0259rin h\u0259yat hekay\u0259sini i\u015f\u0131qland\u0131rmaqd\u0131r.<\/p>\n<p>\u018ftrafl\u0131 s\u00fcjetd\u0259:<\/p>\n<div><iframe loading=\"lazy\" title=\"YouTube video player\" src=\"https:\/\/www.youtube.com\/embed\/ZkzlR-yJn7s?si=Ss2vISgp4jv821Uj\" width=\"560\" height=\"315\" frameborder=\"0\" allowfullscreen=\"allowfullscreen\" data-mce-fragment=\"1\"><\/iframe><\/div>\n<\/div>\n<\/article>\n","protected":false},"excerpt":{"rendered":"<p>Bu g\u00fcn Baku TV-d\u0259 Q\u0259rbi Az\u0259rbaycan Xronikas\u0131 layih\u0259si \u00e7\u0259r\u00e7iv\u0259sind\u0259 jurnalist \u018fsg\u0259r \u0130brahimovun m\u00fc\u0259llifi oldu\u011fu \u201cH\u0259yat Hekay\u0259si\u201d verili\u015finin n\u00f6vb\u0259ti burax\u0131l\u0131\u015f\u0131 efir\u0259 gedib. \u201cBiz q\u0131\u015fda hokkey oynamaq \u00fc\u00e7\u00fcn \u0130r\u0259vanda k\u00fc\u00e7\u0259l\u0259ri sulayard\u0131q\u201d burax\u0131l\u0131\u015f q\u0259dim \u0130r\u0259van \u015f\u0259h\u0259r sakini Tamerlan \u018fliyevin h\u0259yat hekay\u0259sin\u0259 h\u0259sr olunub. O, u\u015faql\u0131q, m\u0259kt\u0259b ill\u0259rinin \u0130r\u0259van \u015f\u0259h\u0259rind\u0259 ke\u00e7diyini, u\u015faq bax\u00e7as\u0131n\u0131, orta m\u0259kt\u0259bi orada bitirdiyini deyib: \u201cBir sinifd\u0259 40 \u015fagird oxuyurdu. 10-cu sinfi qurtaranda is\u0259 20 n\u0259f\u0259r bitirmi\u015fik. Bu azalman\u0131n \u0259sas s\u0259b\u0259bl\u0259ri az\u0259rbaycanl\u0131lar\u0131n k\u00f6\u00e7\u00fcr\u00fclm\u0259si il\u0259 ba\u011fl\u0131\u00a0 q\u0259rar\u0131n q\u0259bul edilm\u0259si v\u0259 insanlar\u0131n m\u0259n\u0259n s\u0131x\u0131\u015fd\u0131r\u0131lmas\u0131 idi\u201d. O, u\u015faql\u0131q ill\u0259rinin he\u00e7 vaxt yaddan \u00e7\u0131xmad\u0131\u011f\u0131n\u0131, m\u0259h\u0259ll\u0259d\u0259&hellip;<\/p>\n","protected":false},"author":2,"featured_media":663744,"comment_status":"closed","ping_status":"closed","sticky":false,"template":"","format":"standard","meta":{"om_disable_all_campaigns":false,"_monsterinsights_skip_tracking":false,"_monsterinsights_sitenote_active":false,"_monsterinsights_sitenote_note":"","_monsterinsights_sitenote_category":0},"categories":[4],"tags":[],"aioseo_notices":[],"gutentor_comment":0,"rttpg_featured_image_url":{"full":["https:\/\/arantv.az\/wp-content\/uploads\/2023\/12\/376430757_362511626442094_6488611329986603267_n.jpg",620,413,false],"landscape":["https:\/\/arantv.az\/wp-content\/uploads\/2023\/12\/376430757_362511626442094_6488611329986603267_n.jpg",620,413,false],"portraits":["https:\/\/arantv.az\/wp-content\/uploads\/2023\/12\/376430757_362511626442094_6488611329986603267_n.jpg",620,413,false],"thumbnail":["https:\/\/arantv.az\/wp-content\/uploads\/2023\/12\/376430757_362511626442094_6488611329986603267_n-500x280.jpg",500,280,true],"medium":["https:\/\/arantv.az\/wp-content\/uploads\/2023\/12\/376430757_362511626442094_6488611329986603267_n-548x365.jpg",548,365,true],"large":["https:\/\/arantv.az\/wp-content\/uploads\/2023\/12\/376430757_362511626442094_6488611329986603267_n.jpg",620,413,false],"1536x1536":["https:\/\/arantv.az\/wp-content\/uploads\/2023\/12\/376430757_362511626442094_6488611329986603267_n.jpg",620,413,false],"2048x2048":["https:\/\/arantv.az\/wp-content\/uploads\/2023\/12\/376430757_362511626442094_6488611329986603267_n.jpg",620,413,false],"post-thumbnail":["https:\/\/arantv.az\/wp-content\/uploads\/2023\/12\/376430757_362511626442094_6488611329986603267_n-240x172.jpg",240,172,true],"advps-thumb-one":["https:\/\/arantv.az\/wp-content\/uploads\/2023\/12\/376430757_362511626442094_6488611329986603267_n.jpg",620,413,false]},"rttpg_author":{"display_name":"V\u00fcsal Rafiqo\u011flu","author_link":"https:\/\/arantv.az\/?author=2"},"rttpg_comment":0,"rttpg_category":"<a href=\"https:\/\/arantv.az\/?cat=4\" rel=\"category\">Siyas\u0259t<\/a>","rttpg_excerpt":"Bu g\u00fcn Baku TV-d\u0259 Q\u0259rbi Az\u0259rbaycan Xronikas\u0131 layih\u0259si \u00e7\u0259r\u00e7iv\u0259sind\u0259 jurnalist \u018fsg\u0259r \u0130brahimovun m\u00fc\u0259llifi oldu\u011fu \u201cH\u0259yat Hekay\u0259si\u201d verili\u015finin n\u00f6vb\u0259ti burax\u0131l\u0131\u015f\u0131 efir\u0259 gedib. \u201cBiz q\u0131\u015fda hokkey oynamaq \u00fc\u00e7\u00fcn \u0130r\u0259vanda k\u00fc\u00e7\u0259l\u0259ri sulayard\u0131q\u201d burax\u0131l\u0131\u015f q\u0259dim \u0130r\u0259van \u015f\u0259h\u0259r sakini Tamerlan \u018fliyevin h\u0259yat hekay\u0259sin\u0259 h\u0259sr olunub. O, u\u015faql\u0131q, m\u0259kt\u0259b ill\u0259rinin \u0130r\u0259van \u015f\u0259h\u0259rind\u0259 ke\u00e7diyini, u\u015faq bax\u00e7as\u0131n\u0131, orta m\u0259kt\u0259bi orada bitirdiyini deyib: \u201cBir&hellip;","_links":{"self":[{"href":"https:\/\/arantv.az\/index.php?rest_route=\/wp\/v2\/posts\/663743"}],"collection":[{"href":"https:\/\/arantv.az\/index.php?rest_route=\/wp\/v2\/posts"}],"about":[{"href":"https:\/\/arantv.az\/index.php?rest_route=\/wp\/v2\/types\/post"}],"author":[{"embeddable":true,"href":"https:\/\/arantv.az\/index.php?rest_route=\/wp\/v2\/users\/2"}],"replies":[{"embeddable":true,"href":"https:\/\/arantv.az\/index.php?rest_route=%2Fwp%2Fv2%2Fcomments&post=663743"}],"version-history":[{"count":0,"href":"https:\/\/arantv.az\/index.php?rest_route=\/wp\/v2\/posts\/663743\/revisions"}],"wp:featuredmedia":[{"embeddable":true,"href":"https:\/\/arantv.az\/index.php?rest_route=\/wp\/v2\/media\/663744"}],"wp:attachment":[{"href":"https:\/\/arantv.az\/index.php?rest_route=%2Fwp%2Fv2%2Fmedia&parent=663743"}],"wp:term":[{"taxonomy":"category","embeddable":true,"href":"https:\/\/arantv.az\/index.php?rest_route=%2Fwp%2Fv2%2Fcategories&post=663743"},{"taxonomy":"post_tag","embeddable":true,"href":"https:\/\/arantv.az\/index.php?rest_route=%2Fwp%2Fv2%2Ftags&post=663743"}],"curies":[{"name":"wp","href":"https:\/\/api.w.org\/{rel}","templated":true}]}}