{"id":663746,"date":"2023-12-01T21:43:10","date_gmt":"2023-12-01T17:43:10","guid":{"rendered":"https:\/\/arantv.az\/?p=663746"},"modified":"2023-12-01T21:43:10","modified_gmt":"2023-12-01T17:43:10","slug":"bas-nazird%c9%99n-dovl%c9%99t-qurumlarina-susa-il%c9%99-bagli-tapsiriq","status":"publish","type":"post","link":"https:\/\/arantv.az\/?p=663746","title":{"rendered":"Ba\u015f nazird\u0259n d\u00f6vl\u0259t qurumlar\u0131na \u015eu\u015fa il\u0259 ba\u011fl\u0131 TAP\u015eIRIQ"},"content":{"rendered":"<p>Ba\u015f nazir \u018fli \u018fs\u0259dov \u015eu\u015fan\u0131n \u201c\u0130slam d\u00fcnyas\u0131n\u0131n m\u0259d\u0259niyy\u0259t paytaxt\u0131\u201d elan edilm\u0259si il\u0259 ba\u011fl\u0131 t\u0259dbirl\u0259r plan\u0131n\u0131n haz\u0131rlanmas\u0131na g\u00f6r\u0259 qurumlara tap\u015f\u0131r\u0131q verib.<\/p>\n<p>Ba\u015f nazir bununla ba\u011fl\u0131 \u201c\u015eu\u015fa \u015f\u0259h\u0259rinin 2024-c\u00fc il \u00fc\u00e7\u00fcn \u201c\u0130slam d\u00fcnyas\u0131n\u0131n m\u0259d\u0259niyy\u0259t paytaxt\u0131\u201d elan edilm\u0259si il\u0259 ba\u011fl\u0131 t\u0259dbirl\u0259r haqq\u0131nda\u201d Az\u0259rbaycan Respublikas\u0131 Prezidentinin 2023-c\u00fc il 21 noyabr tarixli 4176 n\u00f6mr\u0259li S\u0259r\u0259ncam\u0131n\u0131n icras\u0131n\u0131n t\u0259min edilm\u0259si bar\u0259d\u0259 s\u0259r\u0259ncam imzalay\u0131b.<\/p>\n<p>S\u0259r\u0259ncamla M\u0259d\u0259niyy\u0259t, \u018fdliyy\u0259, Maliyy\u0259, Xarici \u0130\u015fl\u0259r, Elm v\u0259 T\u0259hsil, R\u0259q\u0259msal \u0130nki\u015faf v\u0259 N\u0259qliyyat nazirlikl\u0259rin\u0259, Dini Qurumlarla \u0130\u015f \u00fczr\u0259 D\u00f6vl\u0259t Komit\u0259si, Diasporla \u0130\u015f \u00fczr\u0259 D\u00f6vl\u0259t Komit\u0259si, D\u00f6vl\u0259t Turizm Agentliyi, Az\u0259rbaycan Milli Elml\u0259r Akademiyas\u0131, \u015eu\u015fa \u015e\u0259h\u0259ri D\u00f6vl\u0259t Qoru\u011fu \u0130dar\u0259si v\u0259 icra prosesind\u0259 m\u00fc\u0259yy\u0259n edil\u0259c\u0259k dig\u0259r aidiyy\u0259ti d\u00f6vl\u0259t orqanlar\u0131 (d\u00f6vl\u0259tin h\u00fcquqi \u015f\u0259xsl\u0259ri) il\u0259 raz\u0131la\u015fd\u0131rmaqla, \u201c\u015eu\u015fa \u015f\u0259h\u0259rinin 2024-c\u00fc il \u00fc\u00e7\u00fcn \u201c\u0130slam d\u00fcnyas\u0131n\u0131n m\u0259d\u0259niyy\u0259t paytaxt\u0131\u201d elan edilm\u0259si il\u0259 ba\u011fl\u0131 t\u0259dbirl\u0259r plan\u0131na dair t\u0259klifl\u0259rini bir ay m\u00fcdd\u0259tind\u0259 Nazirl\u0259r Kabinetin\u0259 t\u0259qdim etm\u0259lidir.<\/p>\n","protected":false},"excerpt":{"rendered":"<p>Ba\u015f nazir \u018fli \u018fs\u0259dov \u015eu\u015fan\u0131n \u201c\u0130slam d\u00fcnyas\u0131n\u0131n m\u0259d\u0259niyy\u0259t paytaxt\u0131\u201d elan edilm\u0259si il\u0259 ba\u011fl\u0131 t\u0259dbirl\u0259r plan\u0131n\u0131n haz\u0131rlanmas\u0131na g\u00f6r\u0259 qurumlara tap\u015f\u0131r\u0131q verib. Ba\u015f nazir bununla ba\u011fl\u0131 \u201c\u015eu\u015fa \u015f\u0259h\u0259rinin 2024-c\u00fc il \u00fc\u00e7\u00fcn \u201c\u0130slam d\u00fcnyas\u0131n\u0131n m\u0259d\u0259niyy\u0259t paytaxt\u0131\u201d elan edilm\u0259si il\u0259 ba\u011fl\u0131 t\u0259dbirl\u0259r haqq\u0131nda\u201d Az\u0259rbaycan Respublikas\u0131 Prezidentinin 2023-c\u00fc il 21 noyabr tarixli 4176 n\u00f6mr\u0259li S\u0259r\u0259ncam\u0131n\u0131n icras\u0131n\u0131n t\u0259min edilm\u0259si bar\u0259d\u0259 s\u0259r\u0259ncam imzalay\u0131b. S\u0259r\u0259ncamla M\u0259d\u0259niyy\u0259t, \u018fdliyy\u0259, Maliyy\u0259, Xarici \u0130\u015fl\u0259r, Elm v\u0259 T\u0259hsil, R\u0259q\u0259msal \u0130nki\u015faf v\u0259 N\u0259qliyyat nazirlikl\u0259rin\u0259, Dini Qurumlarla \u0130\u015f \u00fczr\u0259 D\u00f6vl\u0259t Komit\u0259si, Diasporla \u0130\u015f \u00fczr\u0259 D\u00f6vl\u0259t Komit\u0259si, D\u00f6vl\u0259t Turizm Agentliyi, Az\u0259rbaycan Milli Elml\u0259r Akademiyas\u0131, \u015eu\u015fa \u015e\u0259h\u0259ri&hellip;<\/p>\n","protected":false},"author":2,"featured_media":663747,"comment_status":"closed","ping_status":"closed","sticky":false,"template":"","format":"standard","meta":{"om_disable_all_campaigns":false,"_monsterinsights_skip_tracking":false,"_monsterinsights_sitenote_active":false,"_monsterinsights_sitenote_note":"","_monsterinsights_sitenote_category":0},"categories":[4],"tags":[],"aioseo_notices":[],"gutentor_comment":0,"rttpg_featured_image_url":{"full":["https:\/\/arantv.az\/wp-content\/uploads\/2023\/12\/b8171844-c099-3816-b7db-ca02120c6a5f_850-1.jpg",620,413,false],"landscape":["https:\/\/arantv.az\/wp-content\/uploads\/2023\/12\/b8171844-c099-3816-b7db-ca02120c6a5f_850-1.jpg",620,413,false],"portraits":["https:\/\/arantv.az\/wp-content\/uploads\/2023\/12\/b8171844-c099-3816-b7db-ca02120c6a5f_850-1.jpg",620,413,false],"thumbnail":["https:\/\/arantv.az\/wp-content\/uploads\/2023\/12\/b8171844-c099-3816-b7db-ca02120c6a5f_850-1-500x280.jpg",500,280,true],"medium":["https:\/\/arantv.az\/wp-content\/uploads\/2023\/12\/b8171844-c099-3816-b7db-ca02120c6a5f_850-1-548x365.jpg",548,365,true],"large":["https:\/\/arantv.az\/wp-content\/uploads\/2023\/12\/b8171844-c099-3816-b7db-ca02120c6a5f_850-1.jpg",620,413,false],"1536x1536":["https:\/\/arantv.az\/wp-content\/uploads\/2023\/12\/b8171844-c099-3816-b7db-ca02120c6a5f_850-1.jpg",620,413,false],"2048x2048":["https:\/\/arantv.az\/wp-content\/uploads\/2023\/12\/b8171844-c099-3816-b7db-ca02120c6a5f_850-1.jpg",620,413,false],"post-thumbnail":["https:\/\/arantv.az\/wp-content\/uploads\/2023\/12\/b8171844-c099-3816-b7db-ca02120c6a5f_850-1-240x172.jpg",240,172,true],"advps-thumb-one":["https:\/\/arantv.az\/wp-content\/uploads\/2023\/12\/b8171844-c099-3816-b7db-ca02120c6a5f_850-1.jpg",620,413,false]},"rttpg_author":{"display_name":"V\u00fcsal Rafiqo\u011flu","author_link":"https:\/\/arantv.az\/?author=2"},"rttpg_comment":0,"rttpg_category":"<a href=\"https:\/\/arantv.az\/?cat=4\" rel=\"category\">Siyas\u0259t<\/a>","rttpg_excerpt":"Ba\u015f nazir \u018fli \u018fs\u0259dov \u015eu\u015fan\u0131n \u201c\u0130slam d\u00fcnyas\u0131n\u0131n m\u0259d\u0259niyy\u0259t paytaxt\u0131\u201d elan edilm\u0259si il\u0259 ba\u011fl\u0131 t\u0259dbirl\u0259r plan\u0131n\u0131n haz\u0131rlanmas\u0131na g\u00f6r\u0259 qurumlara tap\u015f\u0131r\u0131q verib. Ba\u015f nazir bununla ba\u011fl\u0131 \u201c\u015eu\u015fa \u015f\u0259h\u0259rinin 2024-c\u00fc il \u00fc\u00e7\u00fcn \u201c\u0130slam d\u00fcnyas\u0131n\u0131n m\u0259d\u0259niyy\u0259t paytaxt\u0131\u201d elan edilm\u0259si il\u0259 ba\u011fl\u0131 t\u0259dbirl\u0259r haqq\u0131nda\u201d Az\u0259rbaycan Respublikas\u0131 Prezidentinin 2023-c\u00fc il 21 noyabr tarixli 4176 n\u00f6mr\u0259li S\u0259r\u0259ncam\u0131n\u0131n icras\u0131n\u0131n t\u0259min edilm\u0259si bar\u0259d\u0259 s\u0259r\u0259ncam&hellip;","_links":{"self":[{"href":"https:\/\/arantv.az\/index.php?rest_route=\/wp\/v2\/posts\/663746"}],"collection":[{"href":"https:\/\/arantv.az\/index.php?rest_route=\/wp\/v2\/posts"}],"about":[{"href":"https:\/\/arantv.az\/index.php?rest_route=\/wp\/v2\/types\/post"}],"author":[{"embeddable":true,"href":"https:\/\/arantv.az\/index.php?rest_route=\/wp\/v2\/users\/2"}],"replies":[{"embeddable":true,"href":"https:\/\/arantv.az\/index.php?rest_route=%2Fwp%2Fv2%2Fcomments&post=663746"}],"version-history":[{"count":0,"href":"https:\/\/arantv.az\/index.php?rest_route=\/wp\/v2\/posts\/663746\/revisions"}],"wp:featuredmedia":[{"embeddable":true,"href":"https:\/\/arantv.az\/index.php?rest_route=\/wp\/v2\/media\/663747"}],"wp:attachment":[{"href":"https:\/\/arantv.az\/index.php?rest_route=%2Fwp%2Fv2%2Fmedia&parent=663746"}],"wp:term":[{"taxonomy":"category","embeddable":true,"href":"https:\/\/arantv.az\/index.php?rest_route=%2Fwp%2Fv2%2Fcategories&post=663746"},{"taxonomy":"post_tag","embeddable":true,"href":"https:\/\/arantv.az\/index.php?rest_route=%2Fwp%2Fv2%2Ftags&post=663746"}],"curies":[{"name":"wp","href":"https:\/\/api.w.org\/{rel}","templated":true}]}}