{"id":663752,"date":"2023-12-01T21:44:35","date_gmt":"2023-12-01T17:44:35","guid":{"rendered":"https:\/\/arantv.az\/?p=663752"},"modified":"2023-12-01T21:44:35","modified_gmt":"2023-12-01T17:44:35","slug":"ilham-%c9%99liyev-birl%c9%99smis-%c9%99r%c9%99b-%c9%99mirlikl%c9%99rinin-prezidentini-t%c9%99brik-edib","status":"publish","type":"post","link":"https:\/\/arantv.az\/?p=663752","title":{"rendered":"\u0130lham \u018fliyev Birl\u0259\u015fmi\u015f \u018fr\u0259b \u018fmirlikl\u0259rinin Prezidentini t\u0259brik edib"},"content":{"rendered":"<p>Prezident\u00a0<strong>\u0130lham \u018fliyev<\/strong>\u00a0Birl\u0259\u015fmi\u015f \u018fr\u0259b \u018fmirlikl\u0259rinin Prezidenti \u018flah\u0259zr\u0259t \u015eeyx M\u0259h\u0259mm\u0259d bin Zayed Al N\u0259hyana t\u0259brik m\u0259ktubu g\u00f6nd\u0259rib.<\/p>\n<p><strong><a href=\"https:\/\/president.az\/az\/articles\/view\/62373\" target=\"_blank\" rel=\"noopener\">President.az<\/a><\/strong>\u00a0x\u0259b\u0259r verir ki, m\u0259ktubda deyilir:<\/p>\n<p>\u201cBirl\u0259\u015fmi\u015f \u018fr\u0259b \u018fmirlikl\u0259rinin milli bayram\u0131 \u2013 M\u00fcst\u0259qillik G\u00fcn\u00fc m\u00fcnasib\u0259til\u0259 siz\u0259 v\u0259 sizin siman\u0131zda b\u00fct\u00fcn xalq\u0131n\u0131za \u00f6z ad\u0131mdan v\u0259 Az\u0259rbaycan xalq\u0131 ad\u0131ndan \u0259n s\u0259mimi t\u0259brikl\u0259rimi v\u0259 xo\u015f arzular\u0131m\u0131 yetirm\u0259kd\u0259n m\u0259mnunluq duyuram.<\/p>\n<p>F\u00fcrs\u0259td\u0259n istifad\u0259 ed\u0259r\u0259k \u00f6lk\u0259nizd\u0259 BMT-nin \u0130qlim D\u0259yi\u015fm\u0259l\u0259ri \u00fczr\u0259 \u00c7\u0259r\u00e7iv\u0259 Konvensiyas\u0131n\u0131n T\u0259r\u0259fl\u0259rinin 28-ci Konfrans\u0131n\u0131n r\u0259smi a\u00e7\u0131l\u0131\u015f\u0131 m\u00fcnasib\u0259til\u0259 d\u0259 sizi t\u0259brik edir, t\u0259dbirin i\u015fin\u0259 u\u011furlar dil\u0259yir\u0259m.<\/p>\n<p>Dini v\u0259 m\u0259d\u0259ni k\u00f6kl\u0259rl\u0259 bir-birin\u0259 ba\u011fl\u0131 olan Az\u0259rbaycan il\u0259 Birl\u0259\u015fmi\u015f \u018fr\u0259b \u018fmirlikl\u0259ri aras\u0131nda m\u00fcnasib\u0259tl\u0259rin y\u00fcks\u0259l\u0259n x\u0259tt \u00fczr\u0259 inki\u015faf etm\u0259si m\u0259mnunluq do\u011furur. Qar\u015f\u0131l\u0131ql\u0131 etimad v\u0259 d\u0259st\u0259y\u0259 \u0259saslanan d\u00f6vl\u0259tl\u0259raras\u0131 \u0259laq\u0259l\u0259rimiz g\u00fcnd\u0259n-g\u00fcn\u0259 daha da m\u00f6hk\u0259ml\u0259nir, t\u0259r\u0259fda\u015fl\u0131\u011f\u0131m\u0131z\u0131n \u0259hat\u0259 dair\u0259si geni\u015fl\u0259nir.<\/p>\n<p>Aram\u0131zdak\u0131 f\u0259al siyasi dialoq qar\u015f\u0131l\u0131ql\u0131 faydal\u0131 \u0259m\u0259kda\u015fl\u0131\u011f\u0131m\u0131z\u0131n inki\u015faf\u0131nda m\u00fch\u00fcm rol oynay\u0131r. \u00d6lk\u0259l\u0259rimizin dostluq \u0259n\u0259n\u0259l\u0259rinin qorunub saxlanmas\u0131nda, ikit\u0259r\u0259fli m\u00fcnasib\u0259tl\u0259rimizin bug\u00fcnk\u00fc s\u0259viyy\u0259y\u0259 y\u00fcks\u0259lm\u0259sind\u0259 sizin b\u00f6y\u00fck \u0259m\u0259yiniz vard\u0131r.<\/p>\n<p>Biz dost \u00f6lk\u0259 v\u0259 etibarl\u0131 t\u0259r\u0259fda\u015f\u0131m\u0131z olan Birl\u0259\u015fmi\u015f \u018fr\u0259b \u018fmirlikl\u0259ri il\u0259 \u0259laq\u0259l\u0259rimizin d\u0259rinl\u0259\u015fm\u0259sin\u0259 x\u00fcsusi \u0259h\u0259miyy\u0259t verir, birg\u0259 f\u0259aliyy\u0259timizi yeni m\u0259zmunla z\u0259nginl\u0259\u015fdirm\u0259k \u0259zmind\u0259yik. Bu yax\u0131nlarda \u00f6lk\u0259nizin \u201cMasdar\u201d \u015firk\u0259ti t\u0259r\u0259find\u0259n tikil\u0259n v\u0259 regionda \u0259n b\u00f6y\u00fck g\u00fcn\u0259\u015f elektrik stansiyas\u0131 olan Qarada\u011f G\u00fcn\u0259\u015f Elektrik Stansiyas\u0131n\u0131n r\u0259smi a\u00e7\u0131l\u0131\u015f\u0131 qarda\u015fl\u0131q \u0259laq\u0259l\u0259rimizin n\u00f6vb\u0259ti bariz t\u0259zah\u00fcr\u00fcd\u00fcr.<\/p>\n<p>\u018fmin\u0259m ki, m\u00f6hk\u0259m t\u0259m\u0259ll\u0259r \u00fcz\u0259rind\u0259 qurulmu\u015f ikit\u0259r\u0259fli m\u00fcnasib\u0259tl\u0259rimiz v\u0259 s\u0259m\u0259r\u0259li, \u00e7ox\u015fax\u0259li \u0259m\u0259kda\u015fl\u0131\u011f\u0131m\u0131z xalqlar\u0131m\u0131z\u0131n m\u0259nafel\u0259ri namin\u0259 bundan sonra da birg\u0259 s\u0259yl\u0259rimizl\u0259 u\u011furla inki\u015faf etm\u0259y\u0259 v\u0259 g\u00fccl\u0259nm\u0259y\u0259 davam ed\u0259c\u0259kdir.<\/p>\n<p>Bel\u0259 bir \u0259lam\u0259tdar g\u00fcnd\u0259 siz\u0259 m\u00f6hk\u0259m cansa\u011fl\u0131\u011f\u0131, xo\u015fb\u0259xtlik, m\u0259sul f\u0259aliyy\u0259tinizd\u0259 m\u00fcv\u0259ff\u0259qiyy\u0259tl\u0259r, Birl\u0259\u015fmi\u015f \u018fr\u0259b \u018fmirlikl\u0259rinin qarda\u015f xalq\u0131na daim \u0259min-amanl\u0131q v\u0259 firavanl\u0131q arzulay\u0131ram\u201d.<\/p>\n","protected":false},"excerpt":{"rendered":"<p>Prezident\u00a0\u0130lham \u018fliyev\u00a0Birl\u0259\u015fmi\u015f \u018fr\u0259b \u018fmirlikl\u0259rinin Prezidenti \u018flah\u0259zr\u0259t \u015eeyx M\u0259h\u0259mm\u0259d bin Zayed Al N\u0259hyana t\u0259brik m\u0259ktubu g\u00f6nd\u0259rib. President.az\u00a0x\u0259b\u0259r verir ki, m\u0259ktubda deyilir: \u201cBirl\u0259\u015fmi\u015f \u018fr\u0259b \u018fmirlikl\u0259rinin milli bayram\u0131 \u2013 M\u00fcst\u0259qillik G\u00fcn\u00fc m\u00fcnasib\u0259til\u0259 siz\u0259 v\u0259 sizin siman\u0131zda b\u00fct\u00fcn xalq\u0131n\u0131za \u00f6z ad\u0131mdan v\u0259 Az\u0259rbaycan xalq\u0131 ad\u0131ndan \u0259n s\u0259mimi t\u0259brikl\u0259rimi v\u0259 xo\u015f arzular\u0131m\u0131 yetirm\u0259kd\u0259n m\u0259mnunluq duyuram. F\u00fcrs\u0259td\u0259n istifad\u0259 ed\u0259r\u0259k \u00f6lk\u0259nizd\u0259 BMT-nin \u0130qlim D\u0259yi\u015fm\u0259l\u0259ri \u00fczr\u0259 \u00c7\u0259r\u00e7iv\u0259 Konvensiyas\u0131n\u0131n T\u0259r\u0259fl\u0259rinin 28-ci Konfrans\u0131n\u0131n r\u0259smi a\u00e7\u0131l\u0131\u015f\u0131 m\u00fcnasib\u0259til\u0259 d\u0259 sizi t\u0259brik edir, t\u0259dbirin i\u015fin\u0259 u\u011furlar dil\u0259yir\u0259m. Dini v\u0259 m\u0259d\u0259ni k\u00f6kl\u0259rl\u0259 bir-birin\u0259 ba\u011fl\u0131 olan Az\u0259rbaycan il\u0259 Birl\u0259\u015fmi\u015f \u018fr\u0259b \u018fmirlikl\u0259ri aras\u0131nda m\u00fcnasib\u0259tl\u0259rin y\u00fcks\u0259l\u0259n x\u0259tt&hellip;<\/p>\n","protected":false},"author":2,"featured_media":663756,"comment_status":"closed","ping_status":"closed","sticky":false,"template":"","format":"standard","meta":{"om_disable_all_campaigns":false,"_monsterinsights_skip_tracking":false,"_monsterinsights_sitenote_active":false,"_monsterinsights_sitenote_note":"","_monsterinsights_sitenote_category":0},"categories":[4],"tags":[],"aioseo_notices":[],"gutentor_comment":0,"rttpg_featured_image_url":{"full":["https:\/\/arantv.az\/wp-content\/uploads\/2023\/12\/1589029163_c06d917f-632f-48c8-b535-173df36cf793.jpg",620,413,false],"landscape":["https:\/\/arantv.az\/wp-content\/uploads\/2023\/12\/1589029163_c06d917f-632f-48c8-b535-173df36cf793.jpg",620,413,false],"portraits":["https:\/\/arantv.az\/wp-content\/uploads\/2023\/12\/1589029163_c06d917f-632f-48c8-b535-173df36cf793.jpg",620,413,false],"thumbnail":["https:\/\/arantv.az\/wp-content\/uploads\/2023\/12\/1589029163_c06d917f-632f-48c8-b535-173df36cf793-500x280.jpg",500,280,true],"medium":["https:\/\/arantv.az\/wp-content\/uploads\/2023\/12\/1589029163_c06d917f-632f-48c8-b535-173df36cf793-548x365.jpg",548,365,true],"large":["https:\/\/arantv.az\/wp-content\/uploads\/2023\/12\/1589029163_c06d917f-632f-48c8-b535-173df36cf793.jpg",620,413,false],"1536x1536":["https:\/\/arantv.az\/wp-content\/uploads\/2023\/12\/1589029163_c06d917f-632f-48c8-b535-173df36cf793.jpg",620,413,false],"2048x2048":["https:\/\/arantv.az\/wp-content\/uploads\/2023\/12\/1589029163_c06d917f-632f-48c8-b535-173df36cf793.jpg",620,413,false],"post-thumbnail":["https:\/\/arantv.az\/wp-content\/uploads\/2023\/12\/1589029163_c06d917f-632f-48c8-b535-173df36cf793-240x172.jpg",240,172,true],"advps-thumb-one":["https:\/\/arantv.az\/wp-content\/uploads\/2023\/12\/1589029163_c06d917f-632f-48c8-b535-173df36cf793.jpg",620,413,false]},"rttpg_author":{"display_name":"V\u00fcsal Rafiqo\u011flu","author_link":"https:\/\/arantv.az\/?author=2"},"rttpg_comment":0,"rttpg_category":"<a href=\"https:\/\/arantv.az\/?cat=4\" rel=\"category\">Siyas\u0259t<\/a>","rttpg_excerpt":"Prezident\u00a0\u0130lham \u018fliyev\u00a0Birl\u0259\u015fmi\u015f \u018fr\u0259b \u018fmirlikl\u0259rinin Prezidenti \u018flah\u0259zr\u0259t \u015eeyx M\u0259h\u0259mm\u0259d bin Zayed Al N\u0259hyana t\u0259brik m\u0259ktubu g\u00f6nd\u0259rib. President.az\u00a0x\u0259b\u0259r verir ki, m\u0259ktubda deyilir: \u201cBirl\u0259\u015fmi\u015f \u018fr\u0259b \u018fmirlikl\u0259rinin milli bayram\u0131 \u2013 M\u00fcst\u0259qillik G\u00fcn\u00fc m\u00fcnasib\u0259til\u0259 siz\u0259 v\u0259 sizin siman\u0131zda b\u00fct\u00fcn xalq\u0131n\u0131za \u00f6z ad\u0131mdan v\u0259 Az\u0259rbaycan xalq\u0131 ad\u0131ndan \u0259n s\u0259mimi t\u0259brikl\u0259rimi v\u0259 xo\u015f arzular\u0131m\u0131 yetirm\u0259kd\u0259n m\u0259mnunluq duyuram. F\u00fcrs\u0259td\u0259n istifad\u0259 ed\u0259r\u0259k \u00f6lk\u0259nizd\u0259 BMT-nin&hellip;","_links":{"self":[{"href":"https:\/\/arantv.az\/index.php?rest_route=\/wp\/v2\/posts\/663752"}],"collection":[{"href":"https:\/\/arantv.az\/index.php?rest_route=\/wp\/v2\/posts"}],"about":[{"href":"https:\/\/arantv.az\/index.php?rest_route=\/wp\/v2\/types\/post"}],"author":[{"embeddable":true,"href":"https:\/\/arantv.az\/index.php?rest_route=\/wp\/v2\/users\/2"}],"replies":[{"embeddable":true,"href":"https:\/\/arantv.az\/index.php?rest_route=%2Fwp%2Fv2%2Fcomments&post=663752"}],"version-history":[{"count":0,"href":"https:\/\/arantv.az\/index.php?rest_route=\/wp\/v2\/posts\/663752\/revisions"}],"wp:featuredmedia":[{"embeddable":true,"href":"https:\/\/arantv.az\/index.php?rest_route=\/wp\/v2\/media\/663756"}],"wp:attachment":[{"href":"https:\/\/arantv.az\/index.php?rest_route=%2Fwp%2Fv2%2Fmedia&parent=663752"}],"wp:term":[{"taxonomy":"category","embeddable":true,"href":"https:\/\/arantv.az\/index.php?rest_route=%2Fwp%2Fv2%2Fcategories&post=663752"},{"taxonomy":"post_tag","embeddable":true,"href":"https:\/\/arantv.az\/index.php?rest_route=%2Fwp%2Fv2%2Ftags&post=663752"}],"curies":[{"name":"wp","href":"https:\/\/api.w.org\/{rel}","templated":true}]}}