{"id":663762,"date":"2023-12-01T21:46:16","date_gmt":"2023-12-01T17:46:16","guid":{"rendered":"https:\/\/arantv.az\/?p=663762"},"modified":"2023-12-01T21:46:16","modified_gmt":"2023-12-01T17:46:16","slug":"s%c9%99rh%c9%99dyani-bolg%c9%99d%c9%99-dialoq-alternativi-olmayan-ikit%c9%99r%c9%99fli-gorus-formati-s%c9%99rh-foto","status":"publish","type":"post","link":"https:\/\/arantv.az\/?p=663762","title":{"rendered":"S\u0259rh\u0259dyan\u0131 b\u00f6lg\u0259d\u0259 dialoq &#8211; alternativi olmayan ikit\u0259r\u0259fli g\u00f6r\u00fc\u015f format\u0131 &#8211; \u015e\u018fRH + FOTO"},"content":{"rendered":"<p>Uzun fasil\u0259d\u0259n sonra Az\u0259rbaycan v\u0259 Erm\u0259nistan r\u0259smil\u0259ri aras\u0131nda t\u0259kb\u0259t\u0259k g\u00f6r\u00fc\u015fl\u0259r b\u0259rpa olunub. \u00dc\u00e7\u00fcnc\u00fc t\u0259r\u0259f qat\u0131lmad\u0131\u011f\u0131ndan bu format\u0131n daha faydal\u0131 olaca\u011f\u0131 istisna edilmir.<\/p>\n<p>Bel\u0259 ki, noyabr\u0131n 30-da Az\u0259rbaycan v\u0259 Erm\u0259nistan aras\u0131nda s\u0259rh\u0259dd\u0259 Ba\u015f nazirin m\u00fcavini \u015eahin Mustafayev v\u0259 erm\u0259nistanl\u0131 h\u0259mkar\u0131 Mher Qriqoryan\u0131n s\u0259drliyi alt\u0131nda Erm\u0259nistan Respublikas\u0131 il\u0259 Az\u0259rbaycan Respublikas\u0131 aras\u0131nda d\u00f6vl\u0259t s\u0259rh\u0259dinin delimitasiyas\u0131 v\u0259 t\u0259hl\u00fck\u0259sizliyi m\u0259s\u0259l\u0259l\u0259ri \u00fczr\u0259 Komissiyan\u0131n be\u015finci g\u00f6r\u00fc\u015f\u00fc ke\u00e7irilib. T\u0259r\u0259fl\u0259r ilkin olaraq g\u00f6r\u00fc\u015fl\u0259rin ke\u00e7irilm\u0259si \u00fczr\u0259 reqlamenti raz\u0131la\u015fd\u0131r\u0131blar. Bundan ba\u015fqa, komissiyan\u0131n f\u0259aliyy\u0259ti il\u0259 ba\u011fl\u0131 \u018fsasnam\u0259 layih\u0259sinin haz\u0131rlanmas\u0131na, h\u0259m\u00e7inin g\u00f6r\u00fc\u015fl\u0259rin intensivl\u0259\u015fdirilm\u0259sin\u0259 dair raz\u0131l\u0131q \u0259ld\u0259 olunub. N\u00f6vb\u0259ti g\u00f6r\u00fc\u015f\u00fcn ke\u00e7irilm\u0259sinin tarixi v\u0259 yeri i\u015f\u00e7i qayda m\u00fc\u0259yy\u0259n edil\u0259c\u0259k.<\/p>\n<p>Bu g\u00f6r\u00fc\u015f\u00fcn ke\u00e7irildiyi vaxt Makedoniyan\u0131n Skopye \u015f\u0259h\u0259rind\u0259 AT\u018fT-\u0259 \u00fczv \u00f6lk\u0259l\u0259rin Xarici \u0130\u015fl\u0259r Nazirl\u0259ri \u015euras\u0131n\u0131n toplant\u0131s\u0131 da ba\u015f tutub. Bu g\u00f6r\u00fc\u015fl\u0259r yekunda t\u0259r\u0259fl\u0259r aras\u0131nda s\u0259rh\u0259dl\u0259rin m\u00fc\u0259yy\u0259nl\u0259\u015fm\u0259sin\u0259, s\u00fclh sazi\u015finin imzalanmas\u0131na, habel\u0259 Erm\u0259nistan-Az\u0259rbaycan normalla\u015fma prosesinin ba\u015fa \u00e7atmas\u0131na xidm\u0259t etm\u0259lidir. \u018fks halda, onun AT\u018fT-in vasit\u0259\u00e7iliyi il\u0259 ke\u00e7irilmi\u015f \u00e7oxsayl\u0131 g\u00f6r\u00fc\u015fl\u0259rd\u0259n bir f\u0259rqi olmayacaq. D\u00fczd\u00fcr, indi d\u0259yi\u015fiklikl\u0259r, az qala, inqilabi s\u0259viyy\u0259d\u0259dir. Bununla bel\u0259, \u0259sas h\u0259d\u0259f s\u00fclh sazi\u015fidir. Ancaq r\u0259smi \u0130r\u0259van\u0131n bu s\u0259n\u0259din imzalanmas\u0131na problem yaradaca\u011f\u0131n\u0131 indid\u0259n ehtimal etm\u0259k olar. \u00c7\u00fcnki s\u0259rh\u0259d, t\u0259hl\u00fck\u0259sizlik v\u0259 ba\u015fqa bu kimi m\u0259s\u0259l\u0259l\u0259r \u00fczr\u0259 raz\u0131la\u015fmalara g\u0259lm\u0259k m\u00fcmk\u00fcnd\u00fcr, yaxud m\u00fc\u0259yy\u0259n d\u00f6vr\u0259d\u0259k dondurmaq olar. Ancaq 1988-ci ild\u0259 Erm\u0259nistandan qovulmu\u015f 300 min\u0259 yax\u0131n az\u0259rbaycanl\u0131n\u0131n pozulmu\u015f v\u0259t\u0259nda\u015fl\u0131q h\u00fcququnun b\u0259rpas\u0131na m\u00fcnasib\u0259t birm\u0259nal\u0131 deyil. Bu bax\u0131mdan s\u00fclh\u0259 nail olmaq \u00fc\u00e7\u00fcn vacib m\u0259s\u0259l\u0259l\u0259rd\u0259n biri d\u0259 Az\u0259rbaycan Qaraba\u011fdan olan erm\u0259ni sakinl\u0259rinin reinteqrasiyas\u0131 v\u0259 300 min\u0259 yax\u0131n q\u0259rbi az\u0259rbaycanl\u0131lar\u0131n (Erm\u0259nistan v\u0259t\u0259nda\u015flar\u0131) 35 il \u0259vv\u0259l pozulmu\u015f v\u0259t\u0259nda\u015f h\u00fcquqlar\u0131n\u0131n b\u0259rpas\u0131d\u0131r. Skopye toplant\u0131s\u0131nda Az\u0259rbaycan\u0131n xarici i\u015fl\u0259r naziri Ceyhun Bayramov bildirib ki, r\u0259smi Bak\u0131 yerli erm\u0259ni sakinl\u0259r\u0259 b\u0259rab\u0259rh\u00fcquqlu Az\u0259rbaycan v\u0259t\u0259nda\u015flar\u0131 kimi qalmaq v\u0259 reinteqrasiya istiqam\u0259tind\u0259 ard\u0131c\u0131l \u00e7a\u011f\u0131r\u0131\u015flar edib:<\/p>\n<p>\u201cAz\u0259rbaycan h\u00f6kum\u0259ti m\u00fcst\u0259sna olaraq Az\u0259rbaycan\u0131n daxili m\u0259s\u0259l\u0259si olan \u00f6lk\u0259 v\u0259t\u0259nda\u015fl\u0131\u011f\u0131 \u0259sas\u0131nda yerli sakinl\u0259rin g\u0259l\u0259c\u0259k reinteqrasiyas\u0131 \u00fc\u00e7\u00fcn h\u0259rt\u0259r\u0259fli plan elan etm\u0259k d\u0259 daxil olmaqla onlar\u0131n humanitar v\u0259 sosial-iqtisadi ehtiyaclar\u0131n\u0131n \u00f6d\u0259nm\u0259si \u00fc\u00e7\u00fcn ard\u0131c\u0131l s\u0259yl\u0259r g\u00f6st\u0259rib\u201d.<\/p>\n<p><img src=\"https:\/\/cdn.oxu.az\/uploads\/W1siZiIsIjIwMjMvMTIvMDEvMTUvMDcvNTgvZDY3MjhhNGMtYTE2ZC00OGRkLThjZDAtMDNiNDhhNTM4YzU0L2M1NmNjY2E3LTg0N2QtMzA1Ny1iMzVhLWJmODUxYjdmZTYzMS5qcGciXSxbInAiLCJlbmNvZGUiLCJqcGciLCItcXVhbGl0eSA4MCJdLFsicCIsInRodW1iIiwiNTkweDU5MFx1MDAzZSJdXQ?sha=ab82f3d72eee817c\" alt=\"\" \/><\/p>\n<p>\u00dcmumiyy\u0259tl\u0259, r\u0259smi Bak\u0131 b\u00fct\u00fcn toplant\u0131larda erm\u0259ni sakinl\u0259rin reinteqrasyas\u0131ndan dan\u0131\u015fd\u0131\u011f\u0131 halda \u0130r\u0259van y\u00fcz minl\u0259rl\u0259 q\u0259rbi az\u0259rbaycanl\u0131n\u0131n pozulmu\u015f h\u00fcquqlar\u0131n\u0131n b\u0259rpas\u0131ndan davaml\u0131 \u015f\u0259kild\u0259 imtina edir. Erm\u0259nistan hakimiyy\u0259tinin m\u0259s\u0259l\u0259y\u0259 bel\u0259 ziddiyy\u0259tli yana\u015fmas\u0131 perspektivd\u0259 dan\u0131\u015f\u0131qlar \u00fc\u00e7\u00fcn narahatl\u0131q yarada bil\u0259r. Erm\u0259nistanl\u0131 h\u0259mkar\u0131 Ararat Mirzoyan Ceyhun Bayramovdan f\u0259rqli olaraq bu m\u0259s\u0259l\u0259l\u0259rd\u0259n b\u0259hs etm\u0259yib. O, r\u0259smi \u0130r\u0259van\u0131n tez-tez b\u0259yan etdiyi \u201cs\u00fclh m\u00fcqavil\u0259sini yekunla\u015fd\u0131rmaq \u00fc\u00e7\u00fcn Az\u0259rbaycanla g\u00f6r\u00fc\u015f\u0259 haz\u0131r\u0131q\u201d fikir Skopye d\u0259 t\u0259krarlay\u0131b. Ba\u015f nazir m\u00fcavinl\u0259rinin g\u00f6r\u00fc\u015f\u00fc s\u00fcbut edir ki, Az\u0259rbaycan ikit\u0259r\u0259fli g\u00f6r\u00fc\u015f\u0259 alternativ g\u00f6rm\u00fcr. \u00c7\u00fcnki vasit\u0259\u00e7i olmu\u015flar, yaxud bu rolu oynamaq ist\u0259y\u0259nl\u0259r, dem\u0259k olar, eyni aktorlard\u0131r. \u00d6t\u0259n ill\u0259rin t\u0259cr\u00fcb\u0259si s\u00fcbut edib ki, Az\u0259rbaycan-Erm\u0259nistan m\u00fcnasib\u0259tl\u0259rinin normalla\u015fmas\u0131na onlar\u0131n yeni t\u00f6hf\u0259 ver\u0259c\u0259yi ehtimal\u0131 s\u0131f\u0131rdan da a\u015fa\u011f\u0131d\u0131r. Ceyhun Bayramov Skopye toplant\u0131s\u0131ndak\u0131 \u00e7\u0131x\u0131\u015f\u0131nda da vasit\u0259\u00e7i m\u0259s\u0259l\u0259sin\u0259 m\u00fcnasib\u0259t bildirib ki, AT\u018fT h\u0259llin bir par\u00e7as\u0131 olmaq \u015fans\u0131na sahib idi, t\u0259\u0259ss\u00fcf ki, bunu itirib&#8221;. Bu \u00e7\u0131x\u0131\u015f h\u0259m d\u0259 Avropada vasit\u0259\u00e7i olmaq niyy\u0259tind\u0259 olanlara bir ismar\u0131\u015f idi.<\/p>\n<p><img src=\"https:\/\/cdn.oxu.az\/uploads\/W1siZiIsIjIwMjMvMTIvMDEvMTUvMDcvNTcvNTkzZTk1NTAtZjQ3Ni00YjgxLWI2NzItMzQ0NWMwZTAxNWRhLzhmNDZlODE5LWU5YjItNGQ2Mi05MjdhLWUzOTllYTI1NTBkMS5qcGciXSxbInAiLCJlbmNvZGUiLCJqcGciLCItcXVhbGl0eSA4MCJdLFsicCIsInRodW1iIiwiNTkweDU5MFx1MDAzZSJdXQ?sha=00c28eefd6e9a723\" alt=\"\" \/><\/p>\n<p>Bu arada komissiyan\u0131n g\u00f6r\u00fc\u015fl\u0259rinin intensivliyi t\u0259r\u0259fl\u0259r aras\u0131nda probleml\u0259rin, ziddiyy\u0259tli m\u0259s\u0259l\u0259l\u0259rin h\u0259llini tezl\u0259\u015fdir\u0259r. Bu h\u0259m d\u0259 k\u0259nar m\u00fcdaxil\u0259l\u0259rin qar\u015f\u0131s\u0131n\u0131 alar. Komissiyan\u0131n g\u00f6r\u00fc\u015fl\u0259ri Az\u0259rbaycan v\u0259 Erm\u0259nistan liderl\u0259rinin t\u0259kb\u0259t\u0259k g\u00f6r\u00fc\u015f\u00fcn\u0259 d\u0259 t\u0259kan ver\u0259r. Yeri g\u0259lmi\u015fk\u0259n, \u0259vv\u0259ll\u0259r prezidentl\u0259r aras\u0131nda ox\u015far g\u00f6r\u00fc\u015fl\u0259r olub. 2002-ci il avqustun 14-d\u0259 S\u0259d\u0259r\u0259k rayonu il\u0259 s\u0259rh\u0259dd\u0259 \u00fcmummilli lider Heyd\u0259r \u018fliyevl\u0259 erm\u0259nistanl\u0131 h\u0259mkar\u0131 Robert Ko\u00e7aryan aras\u0131nda t\u0259kb\u0259t\u0259k g\u00f6r\u00fc\u015f olub. D\u00f6rd saat davam etmi\u015f h\u0259min g\u00f6r\u00fc\u015fd\u0259n sonra Heyd\u0259r \u018fliyev m\u0259tbuat \u00fc\u00e7\u00fcn a\u00e7\u0131qlamas\u0131nda bu s\u0259viyy\u0259d\u0259 dan\u0131\u015f\u0131qlar\u0131n davam etdirilm\u0259sinin z\u0259ruriliyini vur\u011fulay\u0131b:<\/p>\n<p>\u201cAT\u018fT-in Minsk qrupu h\u0259ms\u0259drl\u0259rinin f\u0259aliyy\u0259tini stimulla\u015fd\u0131rmal\u0131, m\u0259s\u0259l\u0259nin h\u0259llin\u0259 k\u00f6m\u0259k etm\u0259k \u00fc\u00e7\u00fcn dig\u0259r imkanlardan istifad\u0259 etm\u0259li v\u0259 iki prezidentin &#8211; Erm\u0259nistan v\u0259 Az\u0259rbaycan prezidentl\u0259rinin \u015f\u0259xsi g\u00f6r\u00fc\u015fl\u0259rini davam etdirm\u0259liyik\u201d.<\/p>\n<p>Onda Robert Ko\u00e7aryan da g\u00f6r\u00fc\u015fd\u0259n raz\u0131 qald\u0131\u011f\u0131na dair a\u00e7\u0131qlama verib. Ulu \u00f6nd\u0259r Heyd\u0259r \u018fliyevl\u0259 Robert Ko\u00e7aryan aras\u0131nda 23 g\u00f6r\u00fc\u015f ke\u00e7irilib. Onlardan ikisi S\u0259d\u0259r\u0259kd\u0259 realla\u015f\u0131b. Bu tarixi t\u0259cr\u00fcb\u0259 t\u0259r\u0259fl\u0259r aras\u0131nda birba\u015fa, t\u0259kb\u0259t\u0259k g\u00f6r\u00fc\u015fl\u0259rin ke\u00e7irilm\u0259sinin aktuall\u0131\u011f\u0131n\u0131 itirm\u0259diyini, \u0259ksin\u0259, indiki \u015f\u0259raitd\u0259 daha vacib oldu\u011funu t\u0259sdiql\u0259yir. Hadis\u0259l\u0259r\u0259 \u0259sas\u0259n dem\u0259k olar ki, Az\u0259rbaycan-Erm\u0259nistan normalla\u015fma prosesi \u00fc\u00e7\u00fcn \u0259sas x\u0259tt bu ola bil\u0259r &#8211; \u00e7oxt\u0259r\u0259fli n\u0259tic\u0259siz dan\u0131\u015f\u0131qlardan, ikit\u0259r\u0259fli birba\u015fa g\u00f6r\u00fc\u015fl\u0259r\u0259. Buna alternativ ya yoxdur, ya da ziyanl\u0131 v\u0259 t\u0259hl\u00fck\u0259lidir.<\/p>\n<p><strong>\u201cReport\u201d \u0130nformasiya Agentliyi<\/strong><\/p>\n","protected":false},"excerpt":{"rendered":"<p>Uzun fasil\u0259d\u0259n sonra Az\u0259rbaycan v\u0259 Erm\u0259nistan r\u0259smil\u0259ri aras\u0131nda t\u0259kb\u0259t\u0259k g\u00f6r\u00fc\u015fl\u0259r b\u0259rpa olunub. \u00dc\u00e7\u00fcnc\u00fc t\u0259r\u0259f qat\u0131lmad\u0131\u011f\u0131ndan bu format\u0131n daha faydal\u0131 olaca\u011f\u0131 istisna edilmir. Bel\u0259 ki, noyabr\u0131n 30-da Az\u0259rbaycan v\u0259 Erm\u0259nistan aras\u0131nda s\u0259rh\u0259dd\u0259 Ba\u015f nazirin m\u00fcavini \u015eahin Mustafayev v\u0259 erm\u0259nistanl\u0131 h\u0259mkar\u0131 Mher Qriqoryan\u0131n s\u0259drliyi alt\u0131nda Erm\u0259nistan Respublikas\u0131 il\u0259 Az\u0259rbaycan Respublikas\u0131 aras\u0131nda d\u00f6vl\u0259t s\u0259rh\u0259dinin delimitasiyas\u0131 v\u0259 t\u0259hl\u00fck\u0259sizliyi m\u0259s\u0259l\u0259l\u0259ri \u00fczr\u0259 Komissiyan\u0131n be\u015finci g\u00f6r\u00fc\u015f\u00fc ke\u00e7irilib. T\u0259r\u0259fl\u0259r ilkin olaraq g\u00f6r\u00fc\u015fl\u0259rin ke\u00e7irilm\u0259si \u00fczr\u0259 reqlamenti raz\u0131la\u015fd\u0131r\u0131blar. Bundan ba\u015fqa, komissiyan\u0131n f\u0259aliyy\u0259ti il\u0259 ba\u011fl\u0131 \u018fsasnam\u0259 layih\u0259sinin haz\u0131rlanmas\u0131na, h\u0259m\u00e7inin g\u00f6r\u00fc\u015fl\u0259rin intensivl\u0259\u015fdirilm\u0259sin\u0259 dair raz\u0131l\u0131q \u0259ld\u0259 olunub. N\u00f6vb\u0259ti g\u00f6r\u00fc\u015f\u00fcn ke\u00e7irilm\u0259sinin tarixi v\u0259 yeri&hellip;<\/p>\n","protected":false},"author":2,"featured_media":663766,"comment_status":"closed","ping_status":"closed","sticky":false,"template":"","format":"standard","meta":{"om_disable_all_campaigns":false,"_monsterinsights_skip_tracking":false,"_monsterinsights_sitenote_active":false,"_monsterinsights_sitenote_note":"","_monsterinsights_sitenote_category":0},"categories":[4],"tags":[],"aioseo_notices":[],"gutentor_comment":0,"rttpg_featured_image_url":{"full":["https:\/\/arantv.az\/wp-content\/uploads\/2023\/12\/769e4c87-4d25-38b4-9e6b-b7aa58a83165_850.jpg",620,413,false],"landscape":["https:\/\/arantv.az\/wp-content\/uploads\/2023\/12\/769e4c87-4d25-38b4-9e6b-b7aa58a83165_850.jpg",620,413,false],"portraits":["https:\/\/arantv.az\/wp-content\/uploads\/2023\/12\/769e4c87-4d25-38b4-9e6b-b7aa58a83165_850.jpg",620,413,false],"thumbnail":["https:\/\/arantv.az\/wp-content\/uploads\/2023\/12\/769e4c87-4d25-38b4-9e6b-b7aa58a83165_850-500x280.jpg",500,280,true],"medium":["https:\/\/arantv.az\/wp-content\/uploads\/2023\/12\/769e4c87-4d25-38b4-9e6b-b7aa58a83165_850-548x365.jpg",548,365,true],"large":["https:\/\/arantv.az\/wp-content\/uploads\/2023\/12\/769e4c87-4d25-38b4-9e6b-b7aa58a83165_850.jpg",620,413,false],"1536x1536":["https:\/\/arantv.az\/wp-content\/uploads\/2023\/12\/769e4c87-4d25-38b4-9e6b-b7aa58a83165_850.jpg",620,413,false],"2048x2048":["https:\/\/arantv.az\/wp-content\/uploads\/2023\/12\/769e4c87-4d25-38b4-9e6b-b7aa58a83165_850.jpg",620,413,false],"post-thumbnail":["https:\/\/arantv.az\/wp-content\/uploads\/2023\/12\/769e4c87-4d25-38b4-9e6b-b7aa58a83165_850-240x172.jpg",240,172,true],"advps-thumb-one":["https:\/\/arantv.az\/wp-content\/uploads\/2023\/12\/769e4c87-4d25-38b4-9e6b-b7aa58a83165_850.jpg",620,413,false]},"rttpg_author":{"display_name":"V\u00fcsal Rafiqo\u011flu","author_link":"https:\/\/arantv.az\/?author=2"},"rttpg_comment":0,"rttpg_category":"<a href=\"https:\/\/arantv.az\/?cat=4\" rel=\"category\">Siyas\u0259t<\/a>","rttpg_excerpt":"Uzun fasil\u0259d\u0259n sonra Az\u0259rbaycan v\u0259 Erm\u0259nistan r\u0259smil\u0259ri aras\u0131nda t\u0259kb\u0259t\u0259k g\u00f6r\u00fc\u015fl\u0259r b\u0259rpa olunub. \u00dc\u00e7\u00fcnc\u00fc t\u0259r\u0259f qat\u0131lmad\u0131\u011f\u0131ndan bu format\u0131n daha faydal\u0131 olaca\u011f\u0131 istisna edilmir. Bel\u0259 ki, noyabr\u0131n 30-da Az\u0259rbaycan v\u0259 Erm\u0259nistan aras\u0131nda s\u0259rh\u0259dd\u0259 Ba\u015f nazirin m\u00fcavini \u015eahin Mustafayev v\u0259 erm\u0259nistanl\u0131 h\u0259mkar\u0131 Mher Qriqoryan\u0131n s\u0259drliyi alt\u0131nda Erm\u0259nistan Respublikas\u0131 il\u0259 Az\u0259rbaycan Respublikas\u0131 aras\u0131nda d\u00f6vl\u0259t s\u0259rh\u0259dinin delimitasiyas\u0131 v\u0259 t\u0259hl\u00fck\u0259sizliyi m\u0259s\u0259l\u0259l\u0259ri&hellip;","_links":{"self":[{"href":"https:\/\/arantv.az\/index.php?rest_route=\/wp\/v2\/posts\/663762"}],"collection":[{"href":"https:\/\/arantv.az\/index.php?rest_route=\/wp\/v2\/posts"}],"about":[{"href":"https:\/\/arantv.az\/index.php?rest_route=\/wp\/v2\/types\/post"}],"author":[{"embeddable":true,"href":"https:\/\/arantv.az\/index.php?rest_route=\/wp\/v2\/users\/2"}],"replies":[{"embeddable":true,"href":"https:\/\/arantv.az\/index.php?rest_route=%2Fwp%2Fv2%2Fcomments&post=663762"}],"version-history":[{"count":0,"href":"https:\/\/arantv.az\/index.php?rest_route=\/wp\/v2\/posts\/663762\/revisions"}],"wp:featuredmedia":[{"embeddable":true,"href":"https:\/\/arantv.az\/index.php?rest_route=\/wp\/v2\/media\/663766"}],"wp:attachment":[{"href":"https:\/\/arantv.az\/index.php?rest_route=%2Fwp%2Fv2%2Fmedia&parent=663762"}],"wp:term":[{"taxonomy":"category","embeddable":true,"href":"https:\/\/arantv.az\/index.php?rest_route=%2Fwp%2Fv2%2Fcategories&post=663762"},{"taxonomy":"post_tag","embeddable":true,"href":"https:\/\/arantv.az\/index.php?rest_route=%2Fwp%2Fv2%2Ftags&post=663762"}],"curies":[{"name":"wp","href":"https:\/\/api.w.org\/{rel}","templated":true}]}}