{"id":66377,"date":"2019-06-14T09:58:47","date_gmt":"2019-06-14T06:58:47","guid":{"rendered":"http:\/\/arantv.az\/?p=66377"},"modified":"2019-06-14T09:58:47","modified_gmt":"2019-06-14T06:58:47","slug":"nazir-butun-bes-yasli-usaqlar-m%c9%99kt%c9%99b%c9%99hazirliga-c%c9%99lb-edil%c9%99c%c9%99k","status":"publish","type":"post","link":"https:\/\/arantv.az\/?p=66377","title":{"rendered":"Nazir: B\u00fct\u00fcn be\u015f ya\u015fl\u0131 u\u015faqlar m\u0259kt\u0259b\u0259haz\u0131rl\u0131\u011fa c\u0259lb edil\u0259c\u0259k"},"content":{"rendered":"<p>N\u00f6vb\u0259ti ill\u0259rd\u0259 m\u0259kt\u0259b\u0259haz\u0131rl\u0131\u011fa c\u0259lbedilm\u0259 g\u00f6st\u0259ricisinin 90 faiz\u0259 \u00e7atd\u0131r\u0131lmas\u0131 v\u0259 g\u0259l\u0259c\u0259kd\u0259 b\u00fct\u00fcn be\u015f ya\u015fl\u0131 u\u015faqlar\u0131 \u0259hat\u0259 etm\u0259si qar\u015f\u0131da duran \u0259sas h\u0259d\u0259fl\u0259rd\u0259ndir.<\/p>\n<p>Bunu T\u0259hsil naziri Ceyhun Bayramov \u201c<a href=\"http:\/\/www.azerbaijan-news.az\/view-169356\/T%C9%99hsilin-inki%C5%9Faf-strategiyas%C4%B1:-nailiyy%C9%99tl%C9%99r-v%C9%99-%C9%99sas-h%C9%99d%C9%99fl%C9%99r?fbclid=IwAR0e68Xg1OoBF7PocBOCjkwS2xN4ribQjtr16FklRJm3YxAJsmiuz2j6GZM\" target=\"_blank\" rel=\"noopener\">Az\u0259rbaycan<\/a>\u201d q\u0259zetind\u0259 d\u0259rc olunan m\u0259qal\u0259sind\u0259 bildirib.<\/p>\n<p>Onun s\u00f6zl\u0259rin\u0259 g\u00f6r\u0259, son ill\u0259rd\u0259 m\u0259kt\u0259b\u0259haz\u0131rl\u0131q T\u0259hsil Nazirliyi \u00fc\u00e7\u00fcn prioritet istiqam\u0259t olub:<\/p>\n<div id=\"AdviadNativeVideo0\" class=\"AdviadNativeVideo\"><\/div>\n<p>\u201cQ\u0131sa m\u00fcdd\u0259t \u0259rzind\u0259 \u00fcmumi t\u0259hsil m\u00fc\u0259ssis\u0259l\u0259rind\u0259 d\u00f6vl\u0259t b\u00fcdc\u0259si hesab\u0131na m\u0259kt\u0259b\u0259haz\u0131rl\u0131q qruplar\u0131n\u0131n t\u0259\u015fkil olunmas\u0131 yolu il\u0259 be\u015f\u00a0ya\u015fl\u0131 u\u015faqlar\u0131n t\u0259hsil\u0259 c\u0259lbedilm\u0259\u00a0s\u0259viyy\u0259si 2013-c\u00fc ild\u0259ki 24 faizd\u0259n 75 faiz\u0259 \u00e7atd\u0131r\u0131l\u0131b.<\/p>\n<p>Apar\u0131lan t\u0259dbirl\u0259r n\u0259tic\u0259sind\u0259 tarix\u0259n m\u0259kt\u0259b\u0259q\u0259d\u0259r t\u0259hsil m\u00fc\u0259ssis\u0259l\u0259ri olmayan ya\u015fay\u0131\u015f m\u0259nt\u0259q\u0259l\u0259rind\u0259, ucqar k\u0259ndl\u0259rd\u0259 d\u0259 u\u015faqlar\u0131n m\u0259kt\u0259b\u0259haz\u0131rl\u0131\u011f\u0131 t\u0259min edilib\u201d.<\/p>\n<p>C.Bayramov\u00a0deyib ki, son ill\u0259rd\u0259 t\u0259hsilin inki\u015faf\u0131 il\u0259 ba\u011fl\u0131 q\u0259bul olunan m\u00fch\u00fcm strategiya v\u0259 proqramlar n\u0259tic\u0259sind\u0259 d\u00f6vl\u0259t b\u00fcdc\u0259sind\u0259n t\u0259hsil\u0259 ayr\u0131lan x\u0259rcl\u0259r \u0259h\u0259miyy\u0259tli \u015f\u0259kild\u0259 art\u0131b, 2013-c\u00fc il\u0259 nisb\u0259t\u0259n 60 faizd\u0259n \u00e7ox artaraq\u00a01.4 milyard manatdan 2019-cu ild\u0259 2.3 milyard manata \u00e7atd\u0131r\u0131l\u0131b. 2003-c\u00fc il\u0259 nisb\u0259t\u0259n is\u0259 t\u0259hsil x\u0259rcl\u0259ri doqquz\u00a0d\u0259f\u0259d\u0259n \u00e7ox art\u0131b.<\/p>\n<p>Nazir qeyd edib ki, 2017-2018-ci ill\u0259rd\u0259 243 bel\u0259 m\u0259kt\u0259b \u015fagirdl\u0259rin istifad\u0259sin\u0259 verilib. Cari ild\u0259 24 rayonda 3520 \u015fagird yerlik daha 50 modul tipli m\u0259kt\u0259b istifad\u0259y\u0259 veril\u0259c\u0259k.<\/p>\n","protected":false},"excerpt":{"rendered":"<p>N\u00f6vb\u0259ti ill\u0259rd\u0259 m\u0259kt\u0259b\u0259haz\u0131rl\u0131\u011fa c\u0259lbedilm\u0259 g\u00f6st\u0259ricisinin 90 faiz\u0259 \u00e7atd\u0131r\u0131lmas\u0131 v\u0259 g\u0259l\u0259c\u0259kd\u0259 b\u00fct\u00fcn be\u015f ya\u015fl\u0131 u\u015faqlar\u0131 \u0259hat\u0259 etm\u0259si qar\u015f\u0131da duran \u0259sas h\u0259d\u0259fl\u0259rd\u0259ndir. Bunu T\u0259hsil naziri Ceyhun Bayramov \u201cAz\u0259rbaycan\u201d q\u0259zetind\u0259 d\u0259rc olunan m\u0259qal\u0259sind\u0259 bildirib. Onun s\u00f6zl\u0259rin\u0259 g\u00f6r\u0259, son ill\u0259rd\u0259 m\u0259kt\u0259b\u0259haz\u0131rl\u0131q T\u0259hsil Nazirliyi \u00fc\u00e7\u00fcn prioritet istiqam\u0259t olub: \u201cQ\u0131sa m\u00fcdd\u0259t \u0259rzind\u0259 \u00fcmumi t\u0259hsil m\u00fc\u0259ssis\u0259l\u0259rind\u0259 d\u00f6vl\u0259t b\u00fcdc\u0259si hesab\u0131na m\u0259kt\u0259b\u0259haz\u0131rl\u0131q qruplar\u0131n\u0131n t\u0259\u015fkil olunmas\u0131 yolu il\u0259 be\u015f\u00a0ya\u015fl\u0131 u\u015faqlar\u0131n t\u0259hsil\u0259 c\u0259lbedilm\u0259\u00a0s\u0259viyy\u0259si 2013-c\u00fc ild\u0259ki 24 faizd\u0259n 75 faiz\u0259 \u00e7atd\u0131r\u0131l\u0131b. Apar\u0131lan t\u0259dbirl\u0259r n\u0259tic\u0259sind\u0259 tarix\u0259n m\u0259kt\u0259b\u0259q\u0259d\u0259r t\u0259hsil m\u00fc\u0259ssis\u0259l\u0259ri olmayan ya\u015fay\u0131\u015f m\u0259nt\u0259q\u0259l\u0259rind\u0259, ucqar k\u0259ndl\u0259rd\u0259 d\u0259 u\u015faqlar\u0131n m\u0259kt\u0259b\u0259haz\u0131rl\u0131\u011f\u0131 t\u0259min edilib\u201d. C.Bayramov\u00a0deyib ki, son ill\u0259rd\u0259&hellip;<\/p>\n","protected":false},"author":2,"featured_media":66378,"comment_status":"closed","ping_status":"closed","sticky":false,"template":"","format":"standard","meta":{"om_disable_all_campaigns":false,"_monsterinsights_skip_tracking":false,"_monsterinsights_sitenote_active":false,"_monsterinsights_sitenote_note":"","_monsterinsights_sitenote_category":0},"categories":[23],"tags":[],"aioseo_notices":[],"gutentor_comment":0,"rttpg_featured_image_url":{"full":["https:\/\/arantv.az\/wp-content\/uploads\/2019\/06\/nazir.jpg",620,411,false],"landscape":["https:\/\/arantv.az\/wp-content\/uploads\/2019\/06\/nazir.jpg",620,411,false],"portraits":["https:\/\/arantv.az\/wp-content\/uploads\/2019\/06\/nazir.jpg",620,411,false],"thumbnail":["https:\/\/arantv.az\/wp-content\/uploads\/2019\/06\/nazir-150x150.jpg",150,150,true],"medium":["https:\/\/arantv.az\/wp-content\/uploads\/2019\/06\/nazir-300x199.jpg",300,199,true],"large":["https:\/\/arantv.az\/wp-content\/uploads\/2019\/06\/nazir.jpg",620,411,false],"1536x1536":["https:\/\/arantv.az\/wp-content\/uploads\/2019\/06\/nazir.jpg",620,411,false],"2048x2048":["https:\/\/arantv.az\/wp-content\/uploads\/2019\/06\/nazir.jpg",620,411,false],"post-thumbnail":["https:\/\/arantv.az\/wp-content\/uploads\/2019\/06\/nazir-240x172.jpg",240,172,true],"advps-thumb-one":["https:\/\/arantv.az\/wp-content\/uploads\/2019\/06\/nazir.jpg",620,411,false]},"rttpg_author":{"display_name":"V\u00fcsal Rafiqo\u011flu","author_link":"https:\/\/arantv.az\/?author=2"},"rttpg_comment":0,"rttpg_category":"<a href=\"https:\/\/arantv.az\/?cat=23\" rel=\"category\">T\u0259hsil<\/a>","rttpg_excerpt":"N\u00f6vb\u0259ti ill\u0259rd\u0259 m\u0259kt\u0259b\u0259haz\u0131rl\u0131\u011fa c\u0259lbedilm\u0259 g\u00f6st\u0259ricisinin 90 faiz\u0259 \u00e7atd\u0131r\u0131lmas\u0131 v\u0259 g\u0259l\u0259c\u0259kd\u0259 b\u00fct\u00fcn be\u015f ya\u015fl\u0131 u\u015faqlar\u0131 \u0259hat\u0259 etm\u0259si qar\u015f\u0131da duran \u0259sas h\u0259d\u0259fl\u0259rd\u0259ndir. Bunu T\u0259hsil naziri Ceyhun Bayramov \u201cAz\u0259rbaycan\u201d q\u0259zetind\u0259 d\u0259rc olunan m\u0259qal\u0259sind\u0259 bildirib. Onun s\u00f6zl\u0259rin\u0259 g\u00f6r\u0259, son ill\u0259rd\u0259 m\u0259kt\u0259b\u0259haz\u0131rl\u0131q T\u0259hsil Nazirliyi \u00fc\u00e7\u00fcn prioritet istiqam\u0259t olub: \u201cQ\u0131sa m\u00fcdd\u0259t \u0259rzind\u0259 \u00fcmumi t\u0259hsil m\u00fc\u0259ssis\u0259l\u0259rind\u0259 d\u00f6vl\u0259t b\u00fcdc\u0259si hesab\u0131na m\u0259kt\u0259b\u0259haz\u0131rl\u0131q qruplar\u0131n\u0131n t\u0259\u015fkil&hellip;","_links":{"self":[{"href":"https:\/\/arantv.az\/index.php?rest_route=\/wp\/v2\/posts\/66377"}],"collection":[{"href":"https:\/\/arantv.az\/index.php?rest_route=\/wp\/v2\/posts"}],"about":[{"href":"https:\/\/arantv.az\/index.php?rest_route=\/wp\/v2\/types\/post"}],"author":[{"embeddable":true,"href":"https:\/\/arantv.az\/index.php?rest_route=\/wp\/v2\/users\/2"}],"replies":[{"embeddable":true,"href":"https:\/\/arantv.az\/index.php?rest_route=%2Fwp%2Fv2%2Fcomments&post=66377"}],"version-history":[{"count":0,"href":"https:\/\/arantv.az\/index.php?rest_route=\/wp\/v2\/posts\/66377\/revisions"}],"wp:featuredmedia":[{"embeddable":true,"href":"https:\/\/arantv.az\/index.php?rest_route=\/wp\/v2\/media\/66378"}],"wp:attachment":[{"href":"https:\/\/arantv.az\/index.php?rest_route=%2Fwp%2Fv2%2Fmedia&parent=66377"}],"wp:term":[{"taxonomy":"category","embeddable":true,"href":"https:\/\/arantv.az\/index.php?rest_route=%2Fwp%2Fv2%2Fcategories&post=66377"},{"taxonomy":"post_tag","embeddable":true,"href":"https:\/\/arantv.az\/index.php?rest_route=%2Fwp%2Fv2%2Ftags&post=66377"}],"curies":[{"name":"wp","href":"https:\/\/api.w.org\/{rel}","templated":true}]}}