{"id":663772,"date":"2023-12-01T21:48:11","date_gmt":"2023-12-01T17:48:11","guid":{"rendered":"https:\/\/arantv.az\/?p=663772"},"modified":"2023-12-01T21:48:11","modified_gmt":"2023-12-01T17:48:11","slug":"q%c9%99rbi-az%c9%99rbaycan-icmasi-ai-nin-az%c9%99rbaycanin-daxili-isl%c9%99rin%c9%99-qarismasi-q%c9%99buledilm%c9%99zdir","status":"publish","type":"post","link":"https:\/\/arantv.az\/?p=663772","title":{"rendered":"Q\u0259rbi Az\u0259rbaycan \u0130cmas\u0131: \u201cA\u0130-nin Az\u0259rbaycan\u0131n daxili i\u015fl\u0259rin\u0259 qar\u0131\u015fmas\u0131 q\u0259buledilm\u0259zdir\u201d"},"content":{"rendered":"<p>\u201cAvropa \u0130ttifaq\u0131n\u0131n Az\u0259rbaycan\u0131n daxili i\u015fl\u0259rin\u0259 qar\u0131\u015fmas\u0131, m\u0259s\u0259l\u0259l\u0259r\u0259 etnik v\u0259 dini z\u0259mind\u0259 yana\u015fmas\u0131 q\u0259buledilm\u0259zdir\u201d.<\/p>\n<p>Bu bar\u0259d\u0259 \u0130cman\u0131n yayd\u0131\u011f\u0131 b\u0259yanatda qeyd olunub.<\/p>\n<p>Bildirilib ki, Avropa \u0130ttifaq\u0131 n\u00fcmay\u0259nd\u0259 hey\u0259tinin AT\u018fT-in Nazirl\u0259r \u015euras\u0131nda etdiyi \u00e7\u0131x\u0131\u015fda \u201cQaraba\u011f erm\u0259nil\u0259rinin h\u00fcquq v\u0259 t\u0259hl\u00fck\u0259sizliyi, o c\u00fcml\u0259d\u0259n qay\u0131d\u0131\u015f h\u00fcququ\u201d m\u0259s\u0259l\u0259sini qabard\u0131b:<\/p>\n<p>\u201cAvropa \u0130ttifaq\u0131n\u0131n Az\u0259rbaycan\u0131n daxili i\u015fl\u0259rin\u0259 qar\u0131\u015fmas\u0131, m\u0259s\u0259l\u0259l\u0259r\u0259 etnik v\u0259 dini z\u0259mind\u0259 yana\u015fmas\u0131, Erm\u0259nistandan deportasiya edilmi\u015f az\u0259rbaycanl\u0131lar\u0131n qay\u0131d\u0131\u015f\u0131 h\u00fcququna toxunmamas\u0131 tamamil\u0259 q\u0259buledilm\u0259zdir.<\/p>\n<p>Bu kimi q\u0259r\u0259zli a\u00e7\u0131qlamalar Avropa \u0130ttifaq\u0131n\u0131n Az\u0259rbaycan-Erm\u0259nistan m\u00fcnasib\u0259tl\u0259rinin normalla\u015fd\u0131r\u0131lmas\u0131 prosesind\u0259 d\u00fcr\u00fcst vasit\u0259\u00e7i kimi \u00e7\u0131x\u0131\u015f ed\u0259 bilm\u0259y\u0259c\u0259yini g\u00f6st\u0259rir\u201d.<\/p>\n","protected":false},"excerpt":{"rendered":"<p>\u201cAvropa \u0130ttifaq\u0131n\u0131n Az\u0259rbaycan\u0131n daxili i\u015fl\u0259rin\u0259 qar\u0131\u015fmas\u0131, m\u0259s\u0259l\u0259l\u0259r\u0259 etnik v\u0259 dini z\u0259mind\u0259 yana\u015fmas\u0131 q\u0259buledilm\u0259zdir\u201d. Bu bar\u0259d\u0259 \u0130cman\u0131n yayd\u0131\u011f\u0131 b\u0259yanatda qeyd olunub. Bildirilib ki, Avropa \u0130ttifaq\u0131 n\u00fcmay\u0259nd\u0259 hey\u0259tinin AT\u018fT-in Nazirl\u0259r \u015euras\u0131nda etdiyi \u00e7\u0131x\u0131\u015fda \u201cQaraba\u011f erm\u0259nil\u0259rinin h\u00fcquq v\u0259 t\u0259hl\u00fck\u0259sizliyi, o c\u00fcml\u0259d\u0259n qay\u0131d\u0131\u015f h\u00fcququ\u201d m\u0259s\u0259l\u0259sini qabard\u0131b: \u201cAvropa \u0130ttifaq\u0131n\u0131n Az\u0259rbaycan\u0131n daxili i\u015fl\u0259rin\u0259 qar\u0131\u015fmas\u0131, m\u0259s\u0259l\u0259l\u0259r\u0259 etnik v\u0259 dini z\u0259mind\u0259 yana\u015fmas\u0131, Erm\u0259nistandan deportasiya edilmi\u015f az\u0259rbaycanl\u0131lar\u0131n qay\u0131d\u0131\u015f\u0131 h\u00fcququna toxunmamas\u0131 tamamil\u0259 q\u0259buledilm\u0259zdir. Bu kimi q\u0259r\u0259zli a\u00e7\u0131qlamalar Avropa \u0130ttifaq\u0131n\u0131n Az\u0259rbaycan-Erm\u0259nistan m\u00fcnasib\u0259tl\u0259rinin normalla\u015fd\u0131r\u0131lmas\u0131 prosesind\u0259 d\u00fcr\u00fcst vasit\u0259\u00e7i kimi \u00e7\u0131x\u0131\u015f ed\u0259 bilm\u0259y\u0259c\u0259yini g\u00f6st\u0259rir\u201d.<\/p>\n","protected":false},"author":2,"featured_media":663133,"comment_status":"closed","ping_status":"closed","sticky":false,"template":"","format":"standard","meta":{"om_disable_all_campaigns":false,"_monsterinsights_skip_tracking":false,"_monsterinsights_sitenote_active":false,"_monsterinsights_sitenote_note":"","_monsterinsights_sitenote_category":0},"categories":[4],"tags":[],"aioseo_notices":[],"gutentor_comment":0,"rttpg_featured_image_url":{"full":["https:\/\/arantv.az\/wp-content\/uploads\/2023\/11\/130f1a8e169003180081208130510206007-1.jpg",975,540,false],"landscape":["https:\/\/arantv.az\/wp-content\/uploads\/2023\/11\/130f1a8e169003180081208130510206007-1.jpg",975,540,false],"portraits":["https:\/\/arantv.az\/wp-content\/uploads\/2023\/11\/130f1a8e169003180081208130510206007-1.jpg",975,540,false],"thumbnail":["https:\/\/arantv.az\/wp-content\/uploads\/2023\/11\/130f1a8e169003180081208130510206007-1-500x280.jpg",500,280,true],"medium":["https:\/\/arantv.az\/wp-content\/uploads\/2023\/11\/130f1a8e169003180081208130510206007-1-660x365.jpg",660,365,true],"large":["https:\/\/arantv.az\/wp-content\/uploads\/2023\/11\/130f1a8e169003180081208130510206007-1-840x465.jpg",640,354,true],"1536x1536":["https:\/\/arantv.az\/wp-content\/uploads\/2023\/11\/130f1a8e169003180081208130510206007-1.jpg",975,540,false],"2048x2048":["https:\/\/arantv.az\/wp-content\/uploads\/2023\/11\/130f1a8e169003180081208130510206007-1.jpg",975,540,false],"post-thumbnail":["https:\/\/arantv.az\/wp-content\/uploads\/2023\/11\/130f1a8e169003180081208130510206007-1-240x172.jpg",240,172,true],"advps-thumb-one":["https:\/\/arantv.az\/wp-content\/uploads\/2023\/11\/130f1a8e169003180081208130510206007-1.jpg",975,540,false]},"rttpg_author":{"display_name":"V\u00fcsal Rafiqo\u011flu","author_link":"https:\/\/arantv.az\/?author=2"},"rttpg_comment":0,"rttpg_category":"<a href=\"https:\/\/arantv.az\/?cat=4\" rel=\"category\">Siyas\u0259t<\/a>","rttpg_excerpt":"\u201cAvropa \u0130ttifaq\u0131n\u0131n Az\u0259rbaycan\u0131n daxili i\u015fl\u0259rin\u0259 qar\u0131\u015fmas\u0131, m\u0259s\u0259l\u0259l\u0259r\u0259 etnik v\u0259 dini z\u0259mind\u0259 yana\u015fmas\u0131 q\u0259buledilm\u0259zdir\u201d. Bu bar\u0259d\u0259 \u0130cman\u0131n yayd\u0131\u011f\u0131 b\u0259yanatda qeyd olunub. Bildirilib ki, Avropa \u0130ttifaq\u0131 n\u00fcmay\u0259nd\u0259 hey\u0259tinin AT\u018fT-in Nazirl\u0259r \u015euras\u0131nda etdiyi \u00e7\u0131x\u0131\u015fda \u201cQaraba\u011f erm\u0259nil\u0259rinin h\u00fcquq v\u0259 t\u0259hl\u00fck\u0259sizliyi, o c\u00fcml\u0259d\u0259n qay\u0131d\u0131\u015f h\u00fcququ\u201d m\u0259s\u0259l\u0259sini qabard\u0131b: \u201cAvropa \u0130ttifaq\u0131n\u0131n Az\u0259rbaycan\u0131n daxili i\u015fl\u0259rin\u0259 qar\u0131\u015fmas\u0131, m\u0259s\u0259l\u0259l\u0259r\u0259 etnik v\u0259 dini z\u0259mind\u0259 yana\u015fmas\u0131, Erm\u0259nistandan&hellip;","_links":{"self":[{"href":"https:\/\/arantv.az\/index.php?rest_route=\/wp\/v2\/posts\/663772"}],"collection":[{"href":"https:\/\/arantv.az\/index.php?rest_route=\/wp\/v2\/posts"}],"about":[{"href":"https:\/\/arantv.az\/index.php?rest_route=\/wp\/v2\/types\/post"}],"author":[{"embeddable":true,"href":"https:\/\/arantv.az\/index.php?rest_route=\/wp\/v2\/users\/2"}],"replies":[{"embeddable":true,"href":"https:\/\/arantv.az\/index.php?rest_route=%2Fwp%2Fv2%2Fcomments&post=663772"}],"version-history":[{"count":0,"href":"https:\/\/arantv.az\/index.php?rest_route=\/wp\/v2\/posts\/663772\/revisions"}],"wp:featuredmedia":[{"embeddable":true,"href":"https:\/\/arantv.az\/index.php?rest_route=\/wp\/v2\/media\/663133"}],"wp:attachment":[{"href":"https:\/\/arantv.az\/index.php?rest_route=%2Fwp%2Fv2%2Fmedia&parent=663772"}],"wp:term":[{"taxonomy":"category","embeddable":true,"href":"https:\/\/arantv.az\/index.php?rest_route=%2Fwp%2Fv2%2Fcategories&post=663772"},{"taxonomy":"post_tag","embeddable":true,"href":"https:\/\/arantv.az\/index.php?rest_route=%2Fwp%2Fv2%2Ftags&post=663772"}],"curies":[{"name":"wp","href":"https:\/\/api.w.org\/{rel}","templated":true}]}}