{"id":663792,"date":"2023-12-02T09:56:04","date_gmt":"2023-12-02T05:56:04","guid":{"rendered":"https:\/\/arantv.az\/?p=663792"},"modified":"2023-12-02T09:56:04","modified_gmt":"2023-12-02T05:56:04","slug":"dun%c9%99n-priusun-vurdugu-piyada-bu-gun-x%c9%99st%c9%99xanada-olub","status":"publish","type":"post","link":"https:\/\/arantv.az\/?p=663792","title":{"rendered":"D\u00fcn\u0259n \u201cPrius\u201dun vurdu\u011fu piyada bu g\u00fcn x\u0259st\u0259xanada \u00f6l\u00fcb"},"content":{"rendered":"<p>D\u00fcn\u0259n Sumqay\u0131tda piyadan\u0131n vurulmas\u0131 il\u0259 n\u0259tic\u0259l\u0259n\u0259n yol-n\u0259qliyyat hadis\u0259si ba\u015f verib.<\/p>\n<p>\u201cReport\u201dun yerli b\u00fcrosu m\u0259lumat verir ki, hadis\u0259 \u015f\u0259h\u0259rin 10-cu m\u0259h\u0259ll\u0259sind\u0259 qeyd\u0259 al\u0131n\u0131b.<\/p>\n<p>1968-ci il t\u0259v\u0259ll\u00fcdl\u00fc T\u00fck\u0259zban S\u00fcleyman q\u0131z\u0131 M\u0259mm\u0259dovan\u0131 \u201cToyota Prius\u201d markal\u0131 ma\u015f\u0131n vurub.<\/p>\n<p>X\u0259st\u0259xanaya \u00e7atd\u0131r\u0131lan piyada bu g\u00fcn orada \u00f6l\u00fcb.<\/p>\n<p>Faktla ba\u011fl\u0131 Sumqay\u0131t \u015e\u0259h\u0259r Prokurorlu\u011funda ara\u015fd\u0131rma apar\u0131l\u0131r.<\/p>\n","protected":false},"excerpt":{"rendered":"<p>D\u00fcn\u0259n Sumqay\u0131tda piyadan\u0131n vurulmas\u0131 il\u0259 n\u0259tic\u0259l\u0259n\u0259n yol-n\u0259qliyyat hadis\u0259si ba\u015f verib. \u201cReport\u201dun yerli b\u00fcrosu m\u0259lumat verir ki, hadis\u0259 \u015f\u0259h\u0259rin 10-cu m\u0259h\u0259ll\u0259sind\u0259 qeyd\u0259 al\u0131n\u0131b. 1968-ci il t\u0259v\u0259ll\u00fcdl\u00fc T\u00fck\u0259zban S\u00fcleyman q\u0131z\u0131 M\u0259mm\u0259dovan\u0131 \u201cToyota Prius\u201d markal\u0131 ma\u015f\u0131n vurub. X\u0259st\u0259xanaya \u00e7atd\u0131r\u0131lan piyada bu g\u00fcn orada \u00f6l\u00fcb. Faktla ba\u011fl\u0131 Sumqay\u0131t \u015e\u0259h\u0259r Prokurorlu\u011funda ara\u015fd\u0131rma apar\u0131l\u0131r.<\/p>\n","protected":false},"author":2,"featured_media":663795,"comment_status":"closed","ping_status":"closed","sticky":false,"template":"","format":"standard","meta":{"om_disable_all_campaigns":false,"_monsterinsights_skip_tracking":false,"_monsterinsights_sitenote_active":false,"_monsterinsights_sitenote_note":"","_monsterinsights_sitenote_category":0},"categories":[5],"tags":[],"aioseo_notices":[],"gutentor_comment":0,"rttpg_featured_image_url":{"full":["https:\/\/arantv.az\/wp-content\/uploads\/2023\/12\/65520ea7991db65520ea7991dc169987651977f6fbc8c0c5d14903a795ef189f13ec.jpg",620,413,false],"landscape":["https:\/\/arantv.az\/wp-content\/uploads\/2023\/12\/65520ea7991db65520ea7991dc169987651977f6fbc8c0c5d14903a795ef189f13ec.jpg",620,413,false],"portraits":["https:\/\/arantv.az\/wp-content\/uploads\/2023\/12\/65520ea7991db65520ea7991dc169987651977f6fbc8c0c5d14903a795ef189f13ec.jpg",620,413,false],"thumbnail":["https:\/\/arantv.az\/wp-content\/uploads\/2023\/12\/65520ea7991db65520ea7991dc169987651977f6fbc8c0c5d14903a795ef189f13ec-500x280.jpg",500,280,true],"medium":["https:\/\/arantv.az\/wp-content\/uploads\/2023\/12\/65520ea7991db65520ea7991dc169987651977f6fbc8c0c5d14903a795ef189f13ec-548x365.jpg",548,365,true],"large":["https:\/\/arantv.az\/wp-content\/uploads\/2023\/12\/65520ea7991db65520ea7991dc169987651977f6fbc8c0c5d14903a795ef189f13ec.jpg",620,413,false],"1536x1536":["https:\/\/arantv.az\/wp-content\/uploads\/2023\/12\/65520ea7991db65520ea7991dc169987651977f6fbc8c0c5d14903a795ef189f13ec.jpg",620,413,false],"2048x2048":["https:\/\/arantv.az\/wp-content\/uploads\/2023\/12\/65520ea7991db65520ea7991dc169987651977f6fbc8c0c5d14903a795ef189f13ec.jpg",620,413,false],"post-thumbnail":["https:\/\/arantv.az\/wp-content\/uploads\/2023\/12\/65520ea7991db65520ea7991dc169987651977f6fbc8c0c5d14903a795ef189f13ec-240x172.jpg",240,172,true],"advps-thumb-one":["https:\/\/arantv.az\/wp-content\/uploads\/2023\/12\/65520ea7991db65520ea7991dc169987651977f6fbc8c0c5d14903a795ef189f13ec.jpg",620,413,false]},"rttpg_author":{"display_name":"V\u00fcsal Rafiqo\u011flu","author_link":"https:\/\/arantv.az\/?author=2"},"rttpg_comment":0,"rttpg_category":"<a href=\"https:\/\/arantv.az\/?cat=5\" rel=\"category\">Hadis\u0259<\/a>","rttpg_excerpt":"D\u00fcn\u0259n Sumqay\u0131tda piyadan\u0131n vurulmas\u0131 il\u0259 n\u0259tic\u0259l\u0259n\u0259n yol-n\u0259qliyyat hadis\u0259si ba\u015f verib. \u201cReport\u201dun yerli b\u00fcrosu m\u0259lumat verir ki, hadis\u0259 \u015f\u0259h\u0259rin 10-cu m\u0259h\u0259ll\u0259sind\u0259 qeyd\u0259 al\u0131n\u0131b. 1968-ci il t\u0259v\u0259ll\u00fcdl\u00fc T\u00fck\u0259zban S\u00fcleyman q\u0131z\u0131 M\u0259mm\u0259dovan\u0131 \u201cToyota Prius\u201d markal\u0131 ma\u015f\u0131n vurub. X\u0259st\u0259xanaya \u00e7atd\u0131r\u0131lan piyada bu g\u00fcn orada \u00f6l\u00fcb. Faktla ba\u011fl\u0131 Sumqay\u0131t \u015e\u0259h\u0259r Prokurorlu\u011funda ara\u015fd\u0131rma apar\u0131l\u0131r.","_links":{"self":[{"href":"https:\/\/arantv.az\/index.php?rest_route=\/wp\/v2\/posts\/663792"}],"collection":[{"href":"https:\/\/arantv.az\/index.php?rest_route=\/wp\/v2\/posts"}],"about":[{"href":"https:\/\/arantv.az\/index.php?rest_route=\/wp\/v2\/types\/post"}],"author":[{"embeddable":true,"href":"https:\/\/arantv.az\/index.php?rest_route=\/wp\/v2\/users\/2"}],"replies":[{"embeddable":true,"href":"https:\/\/arantv.az\/index.php?rest_route=%2Fwp%2Fv2%2Fcomments&post=663792"}],"version-history":[{"count":0,"href":"https:\/\/arantv.az\/index.php?rest_route=\/wp\/v2\/posts\/663792\/revisions"}],"wp:featuredmedia":[{"embeddable":true,"href":"https:\/\/arantv.az\/index.php?rest_route=\/wp\/v2\/media\/663795"}],"wp:attachment":[{"href":"https:\/\/arantv.az\/index.php?rest_route=%2Fwp%2Fv2%2Fmedia&parent=663792"}],"wp:term":[{"taxonomy":"category","embeddable":true,"href":"https:\/\/arantv.az\/index.php?rest_route=%2Fwp%2Fv2%2Fcategories&post=663792"},{"taxonomy":"post_tag","embeddable":true,"href":"https:\/\/arantv.az\/index.php?rest_route=%2Fwp%2Fv2%2Ftags&post=663792"}],"curies":[{"name":"wp","href":"https:\/\/api.w.org\/{rel}","templated":true}]}}