{"id":663796,"date":"2023-12-02T09:56:42","date_gmt":"2023-12-02T05:56:42","guid":{"rendered":"https:\/\/arantv.az\/?p=663796"},"modified":"2023-12-02T09:56:42","modified_gmt":"2023-12-02T05:56:42","slug":"ust-avropada-%c9%99n-sur%c9%99tl%c9%99-artan-iiv-epidemiyasini-elan-etdi","status":"publish","type":"post","link":"https:\/\/arantv.az\/?p=663796","title":{"rendered":"\u00dcST Avropada \u0259n s\u00fcr\u0259tl\u0259 artan \u0130\u0130V epidemiyas\u0131n\u0131 elan etdi"},"content":{"rendered":"<p>\u201cAvropada d\u00fcnyada \u0259n s\u00fcr\u0259tl\u0259 yay\u0131lan \u0130\u0130V\u00a0epidemiyas\u0131\u00a0(\u0130nsan\u0131n \u0130mmun\u00e7at\u0131\u015fmazl\u0131\u011f\u0131 Virusu) m\u00fc\u015fahid\u0259 edilir, baxmayaraq ki, regionda x\u0259st\u0259likl\u0259 m\u00fcbariz\u0259 aparmaq \u00fc\u00e7\u00fcn b\u00fct\u00fcn vasit\u0259l\u0259r m\u00f6vcuddur\u201d.<\/p>\n<p>Bu bar\u0259d\u0259 \u00dcmumd\u00fcnya S\u0259hiyy\u0259 T\u0259\u015fkilat\u0131n\u0131n (\u00dcST) Avropa \u00fczr\u0259 regional b\u00fcrosunun direktoru Hans Kluge m\u0259lumat verib.<\/p>\n<p>\u201cAvropa regionunda insanlar\u0131n 50 faizind\u0259 diaqnoz gec qoyulur. \u0130nsanlar tibbi yard\u0131ma \u00e7ox gec m\u00fcraci\u0259t edirl\u0259r. 10 ildir ki, bu tendensiya d\u0259yi\u015fmir. Regionumuzun bir s\u0131ra \u00f6lk\u0259l\u0259rind\u0259 \u00f6l\u00fcm g\u00f6st\u0259ricil\u0259ri q\u0259buledilm\u0259z d\u0259r\u0259c\u0259d\u0259 y\u00fcks\u0259kdir, dig\u0259rl\u0259rind\u0259is\u0259 \u0130\u0130V-\u0259 yoluxma dem\u0259k olar ki, tamamil\u0259 dayand\u0131r\u0131l\u0131b\u201d, &#8211; dey\u0259 o, bildirib.<\/p>\n<p>Kluge qeyd edib ki, \u00dcST-nin Avropa Regionunda diaqnostika, m\u00fcalic\u0259 v\u0259 yoluxman\u0131n qar\u015f\u0131s\u0131n\u0131 almaq \u00fc\u00e7\u00fcn m\u00f6vcud resurslar v\u0259 texnologiyalarla he\u00e7 kimd\u0259 \u0130\u0130V inki\u015faf etm\u0259m\u0259li, x\u00fcsus\u0259n d\u0259, he\u00e7 kim bu x\u0259st\u0259likd\u0259n \u00f6lm\u0259m\u0259lidir.<\/p>\n<p>\u00dcST-nin Avropa B\u00fcrosunun r\u0259hb\u0259ri qeyd edib ki, \u0259g\u0259r 1988-ci ild\u0259 ilk d\u0259f\u0259 \u00dcmumd\u00fcnya \u0130\u0130V-l\u0259 M\u00fcbariz\u0259 G\u00fcn\u00fc ke\u00e7iril\u0259n zaman bu x\u0259st\u0259liy\u0259 yoluxma diaqnozu \u00f6l\u00fcm h\u00f6km\u00fc il\u0259 b\u0259rab\u0259r idis\u0259, bu g\u00fcn tibbin nailiyy\u0259tl\u0259ri say\u0259sind\u0259 virus xroniki x\u0259st\u0259liy\u0259 \u00e7evrilib.<\/p>\n<p>Qeyd ed\u0259k ki, h\u0259r il dekabr\u0131n 1-d\u0259 \u00dcmumd\u00fcnya \u0130\u0130V-l\u0259 M\u00fcbariz\u0259 G\u00fcn\u00fc qeyd olunur.<\/p>\n<p>M\u0259nb\u0259: rbc.ru<\/p>\n","protected":false},"excerpt":{"rendered":"<p>\u201cAvropada d\u00fcnyada \u0259n s\u00fcr\u0259tl\u0259 yay\u0131lan \u0130\u0130V\u00a0epidemiyas\u0131\u00a0(\u0130nsan\u0131n \u0130mmun\u00e7at\u0131\u015fmazl\u0131\u011f\u0131 Virusu) m\u00fc\u015fahid\u0259 edilir, baxmayaraq ki, regionda x\u0259st\u0259likl\u0259 m\u00fcbariz\u0259 aparmaq \u00fc\u00e7\u00fcn b\u00fct\u00fcn vasit\u0259l\u0259r m\u00f6vcuddur\u201d. Bu bar\u0259d\u0259 \u00dcmumd\u00fcnya S\u0259hiyy\u0259 T\u0259\u015fkilat\u0131n\u0131n (\u00dcST) Avropa \u00fczr\u0259 regional b\u00fcrosunun direktoru Hans Kluge m\u0259lumat verib. \u201cAvropa regionunda insanlar\u0131n 50 faizind\u0259 diaqnoz gec qoyulur. \u0130nsanlar tibbi yard\u0131ma \u00e7ox gec m\u00fcraci\u0259t edirl\u0259r. 10 ildir ki, bu tendensiya d\u0259yi\u015fmir. Regionumuzun bir s\u0131ra \u00f6lk\u0259l\u0259rind\u0259 \u00f6l\u00fcm g\u00f6st\u0259ricil\u0259ri q\u0259buledilm\u0259z d\u0259r\u0259c\u0259d\u0259 y\u00fcks\u0259kdir, dig\u0259rl\u0259rind\u0259is\u0259 \u0130\u0130V-\u0259 yoluxma dem\u0259k olar ki, tamamil\u0259 dayand\u0131r\u0131l\u0131b\u201d, &#8211; dey\u0259 o, bildirib. Kluge qeyd edib ki, \u00dcST-nin Avropa Regionunda diaqnostika, m\u00fcalic\u0259 v\u0259 yoluxman\u0131n qar\u015f\u0131s\u0131n\u0131 almaq&hellip;<\/p>\n","protected":false},"author":2,"featured_media":663800,"comment_status":"closed","ping_status":"closed","sticky":false,"template":"","format":"standard","meta":{"om_disable_all_campaigns":false,"_monsterinsights_skip_tracking":false,"_monsterinsights_sitenote_active":false,"_monsterinsights_sitenote_note":"","_monsterinsights_sitenote_category":0},"categories":[7],"tags":[],"aioseo_notices":[],"gutentor_comment":0,"rttpg_featured_image_url":{"full":["https:\/\/arantv.az\/wp-content\/uploads\/2023\/12\/405426961_263443363388708_3020962761311506897_n.jpg",620,413,false],"landscape":["https:\/\/arantv.az\/wp-content\/uploads\/2023\/12\/405426961_263443363388708_3020962761311506897_n.jpg",620,413,false],"portraits":["https:\/\/arantv.az\/wp-content\/uploads\/2023\/12\/405426961_263443363388708_3020962761311506897_n.jpg",620,413,false],"thumbnail":["https:\/\/arantv.az\/wp-content\/uploads\/2023\/12\/405426961_263443363388708_3020962761311506897_n-500x280.jpg",500,280,true],"medium":["https:\/\/arantv.az\/wp-content\/uploads\/2023\/12\/405426961_263443363388708_3020962761311506897_n-548x365.jpg",548,365,true],"large":["https:\/\/arantv.az\/wp-content\/uploads\/2023\/12\/405426961_263443363388708_3020962761311506897_n.jpg",620,413,false],"1536x1536":["https:\/\/arantv.az\/wp-content\/uploads\/2023\/12\/405426961_263443363388708_3020962761311506897_n.jpg",620,413,false],"2048x2048":["https:\/\/arantv.az\/wp-content\/uploads\/2023\/12\/405426961_263443363388708_3020962761311506897_n.jpg",620,413,false],"post-thumbnail":["https:\/\/arantv.az\/wp-content\/uploads\/2023\/12\/405426961_263443363388708_3020962761311506897_n-240x172.jpg",240,172,true],"advps-thumb-one":["https:\/\/arantv.az\/wp-content\/uploads\/2023\/12\/405426961_263443363388708_3020962761311506897_n.jpg",620,413,false]},"rttpg_author":{"display_name":"V\u00fcsal Rafiqo\u011flu","author_link":"https:\/\/arantv.az\/?author=2"},"rttpg_comment":0,"rttpg_category":"<a href=\"https:\/\/arantv.az\/?cat=7\" rel=\"category\">D\u00fcnya<\/a>","rttpg_excerpt":"\u201cAvropada d\u00fcnyada \u0259n s\u00fcr\u0259tl\u0259 yay\u0131lan \u0130\u0130V\u00a0epidemiyas\u0131\u00a0(\u0130nsan\u0131n \u0130mmun\u00e7at\u0131\u015fmazl\u0131\u011f\u0131 Virusu) m\u00fc\u015fahid\u0259 edilir, baxmayaraq ki, regionda x\u0259st\u0259likl\u0259 m\u00fcbariz\u0259 aparmaq \u00fc\u00e7\u00fcn b\u00fct\u00fcn vasit\u0259l\u0259r m\u00f6vcuddur\u201d. Bu bar\u0259d\u0259 \u00dcmumd\u00fcnya S\u0259hiyy\u0259 T\u0259\u015fkilat\u0131n\u0131n (\u00dcST) Avropa \u00fczr\u0259 regional b\u00fcrosunun direktoru Hans Kluge m\u0259lumat verib. \u201cAvropa regionunda insanlar\u0131n 50 faizind\u0259 diaqnoz gec qoyulur. \u0130nsanlar tibbi yard\u0131ma \u00e7ox gec m\u00fcraci\u0259t edirl\u0259r. 10 ildir ki, bu tendensiya&hellip;","_links":{"self":[{"href":"https:\/\/arantv.az\/index.php?rest_route=\/wp\/v2\/posts\/663796"}],"collection":[{"href":"https:\/\/arantv.az\/index.php?rest_route=\/wp\/v2\/posts"}],"about":[{"href":"https:\/\/arantv.az\/index.php?rest_route=\/wp\/v2\/types\/post"}],"author":[{"embeddable":true,"href":"https:\/\/arantv.az\/index.php?rest_route=\/wp\/v2\/users\/2"}],"replies":[{"embeddable":true,"href":"https:\/\/arantv.az\/index.php?rest_route=%2Fwp%2Fv2%2Fcomments&post=663796"}],"version-history":[{"count":0,"href":"https:\/\/arantv.az\/index.php?rest_route=\/wp\/v2\/posts\/663796\/revisions"}],"wp:featuredmedia":[{"embeddable":true,"href":"https:\/\/arantv.az\/index.php?rest_route=\/wp\/v2\/media\/663800"}],"wp:attachment":[{"href":"https:\/\/arantv.az\/index.php?rest_route=%2Fwp%2Fv2%2Fmedia&parent=663796"}],"wp:term":[{"taxonomy":"category","embeddable":true,"href":"https:\/\/arantv.az\/index.php?rest_route=%2Fwp%2Fv2%2Fcategories&post=663796"},{"taxonomy":"post_tag","embeddable":true,"href":"https:\/\/arantv.az\/index.php?rest_route=%2Fwp%2Fv2%2Ftags&post=663796"}],"curies":[{"name":"wp","href":"https:\/\/api.w.org\/{rel}","templated":true}]}}