{"id":665202,"date":"2023-12-06T09:42:23","date_gmt":"2023-12-06T05:42:23","guid":{"rendered":"https:\/\/arantv.az\/?p=665202"},"modified":"2023-12-06T09:42:23","modified_gmt":"2023-12-06T05:42:23","slug":"musiqi-notlari-nec%c9%99-k%c9%99sf-edildi-video","status":"publish","type":"post","link":"https:\/\/arantv.az\/?p=665202","title":{"rendered":"Musiqi notlar\u0131 nec\u0259 k\u0259\u015ff edildi? &#8211; V\u0130DEO"},"content":{"rendered":"<article class=\"news\">\n<div class=\"news-inner\">\n<p>Musiqinin dili notlard\u0131r. Bu dild\u0259 ba\u015fa d\u00fc\u015f\u0259n insanlar, y\u0259ni musiqi\u00e7il\u0259r hans\u0131 notun n\u0259yi ifad\u0259 etm\u0259sini yax\u015f\u0131 anlay\u0131rlar. Notlar\u0131n peyda olmas\u0131 is\u0259 \u00e7ox maraql\u0131 hekay\u0259dir.<\/p>\n<p>M\u0259s\u0259l\u0259 buras\u0131ndad\u0131r ki, biz\u0259 tan\u0131\u015f olan notlar 11-ci \u0259srd\u0259 meydana g\u0259lib.<\/p>\n<p>Bu o dem\u0259kdir ki, \u0259vv\u0259ll\u0259r, \u00fcmumiyy\u0259tl\u0259, musiqi qeydl\u0259ri yox idi. Avropa musiqisind\u0259 s\u0259sl\u0259ri h\u0259rfl\u0259rl\u0259 qeyd edirdil\u0259r. Bu h\u0259rfl\u0259r musiqini tam olaraq ehtiva ed\u0259 bilmirdi. Sonralar xorda olan m\u00fc\u011f\u0259nnil\u0259r musiqini \u201cneoms\u201d adlanan simvollarla yazma\u011fa \u00fcst\u00fcnl\u00fck vedil\u0259r.<\/p>\n<p>Amma bu \u00fcsul da musiqini tam v\u0259 ayd\u0131n \u015f\u0259kild\u0259 a\u00e7a bilmirdi. B\u00f6y\u00fck k\u0259\u015ffi Qvido Aretso kimi tan\u0131nan rahib edib. O, s\u0259sl\u0259ri bildirm\u0259k \u00fc\u00e7\u00fcn x\u0259tl\u0259rd\u0259n istifad\u0259 edib.<\/p>\n<p>\u018ftrafl\u0131 Baku TV-nin s\u00fcjetind\u0259:<\/p>\n<div><iframe loading=\"lazy\" title=\"YouTube video player\" src=\"https:\/\/www.youtube.com\/embed\/JpTuQuvwVKE?si=GPpyBZRNZ7p2lVw3\" width=\"560\" height=\"315\" frameborder=\"0\" allowfullscreen=\"allowfullscreen\" data-mce-fragment=\"1\"><\/iframe><\/div>\n<\/div>\n<\/article>\n","protected":false},"excerpt":{"rendered":"<p>Musiqinin dili notlard\u0131r. Bu dild\u0259 ba\u015fa d\u00fc\u015f\u0259n insanlar, y\u0259ni musiqi\u00e7il\u0259r hans\u0131 notun n\u0259yi ifad\u0259 etm\u0259sini yax\u015f\u0131 anlay\u0131rlar. Notlar\u0131n peyda olmas\u0131 is\u0259 \u00e7ox maraql\u0131 hekay\u0259dir. M\u0259s\u0259l\u0259 buras\u0131ndad\u0131r ki, biz\u0259 tan\u0131\u015f olan notlar 11-ci \u0259srd\u0259 meydana g\u0259lib. Bu o dem\u0259kdir ki, \u0259vv\u0259ll\u0259r, \u00fcmumiyy\u0259tl\u0259, musiqi qeydl\u0259ri yox idi. Avropa musiqisind\u0259 s\u0259sl\u0259ri h\u0259rfl\u0259rl\u0259 qeyd edirdil\u0259r. Bu h\u0259rfl\u0259r musiqini tam olaraq ehtiva ed\u0259 bilmirdi. Sonralar xorda olan m\u00fc\u011f\u0259nnil\u0259r musiqini \u201cneoms\u201d adlanan simvollarla yazma\u011fa \u00fcst\u00fcnl\u00fck vedil\u0259r. Amma bu \u00fcsul da musiqini tam v\u0259 ayd\u0131n \u015f\u0259kild\u0259 a\u00e7a bilmirdi. B\u00f6y\u00fck k\u0259\u015ffi Qvido Aretso kimi tan\u0131nan rahib edib. O,&hellip;<\/p>\n","protected":false},"author":2,"featured_media":665203,"comment_status":"closed","ping_status":"closed","sticky":false,"template":"","format":"standard","meta":{"om_disable_all_campaigns":false,"_monsterinsights_skip_tracking":false,"_monsterinsights_sitenote_active":false,"_monsterinsights_sitenote_note":"","_monsterinsights_sitenote_category":0},"categories":[1],"tags":[],"aioseo_notices":[],"gutentor_comment":0,"rttpg_featured_image_url":{"full":["https:\/\/arantv.az\/wp-content\/uploads\/2023\/12\/FotoJet-13.jpg",620,413,false],"landscape":["https:\/\/arantv.az\/wp-content\/uploads\/2023\/12\/FotoJet-13.jpg",620,413,false],"portraits":["https:\/\/arantv.az\/wp-content\/uploads\/2023\/12\/FotoJet-13.jpg",620,413,false],"thumbnail":["https:\/\/arantv.az\/wp-content\/uploads\/2023\/12\/FotoJet-13-500x280.jpg",500,280,true],"medium":["https:\/\/arantv.az\/wp-content\/uploads\/2023\/12\/FotoJet-13-548x365.jpg",548,365,true],"large":["https:\/\/arantv.az\/wp-content\/uploads\/2023\/12\/FotoJet-13.jpg",620,413,false],"1536x1536":["https:\/\/arantv.az\/wp-content\/uploads\/2023\/12\/FotoJet-13.jpg",620,413,false],"2048x2048":["https:\/\/arantv.az\/wp-content\/uploads\/2023\/12\/FotoJet-13.jpg",620,413,false],"post-thumbnail":["https:\/\/arantv.az\/wp-content\/uploads\/2023\/12\/FotoJet-13-240x172.jpg",240,172,true],"advps-thumb-one":["https:\/\/arantv.az\/wp-content\/uploads\/2023\/12\/FotoJet-13.jpg",620,413,false]},"rttpg_author":{"display_name":"V\u00fcsal Rafiqo\u011flu","author_link":"https:\/\/arantv.az\/?author=2"},"rttpg_comment":0,"rttpg_category":"<a href=\"https:\/\/arantv.az\/?cat=1\" rel=\"category\">C\u0259miyy\u0259t<\/a>","rttpg_excerpt":"Musiqinin dili notlard\u0131r. Bu dild\u0259 ba\u015fa d\u00fc\u015f\u0259n insanlar, y\u0259ni musiqi\u00e7il\u0259r hans\u0131 notun n\u0259yi ifad\u0259 etm\u0259sini yax\u015f\u0131 anlay\u0131rlar. Notlar\u0131n peyda olmas\u0131 is\u0259 \u00e7ox maraql\u0131 hekay\u0259dir. M\u0259s\u0259l\u0259 buras\u0131ndad\u0131r ki, biz\u0259 tan\u0131\u015f olan notlar 11-ci \u0259srd\u0259 meydana g\u0259lib. Bu o dem\u0259kdir ki, \u0259vv\u0259ll\u0259r, \u00fcmumiyy\u0259tl\u0259, musiqi qeydl\u0259ri yox idi. Avropa musiqisind\u0259 s\u0259sl\u0259ri h\u0259rfl\u0259rl\u0259 qeyd edirdil\u0259r. Bu h\u0259rfl\u0259r musiqini tam&hellip;","_links":{"self":[{"href":"https:\/\/arantv.az\/index.php?rest_route=\/wp\/v2\/posts\/665202"}],"collection":[{"href":"https:\/\/arantv.az\/index.php?rest_route=\/wp\/v2\/posts"}],"about":[{"href":"https:\/\/arantv.az\/index.php?rest_route=\/wp\/v2\/types\/post"}],"author":[{"embeddable":true,"href":"https:\/\/arantv.az\/index.php?rest_route=\/wp\/v2\/users\/2"}],"replies":[{"embeddable":true,"href":"https:\/\/arantv.az\/index.php?rest_route=%2Fwp%2Fv2%2Fcomments&post=665202"}],"version-history":[{"count":0,"href":"https:\/\/arantv.az\/index.php?rest_route=\/wp\/v2\/posts\/665202\/revisions"}],"wp:featuredmedia":[{"embeddable":true,"href":"https:\/\/arantv.az\/index.php?rest_route=\/wp\/v2\/media\/665203"}],"wp:attachment":[{"href":"https:\/\/arantv.az\/index.php?rest_route=%2Fwp%2Fv2%2Fmedia&parent=665202"}],"wp:term":[{"taxonomy":"category","embeddable":true,"href":"https:\/\/arantv.az\/index.php?rest_route=%2Fwp%2Fv2%2Fcategories&post=665202"},{"taxonomy":"post_tag","embeddable":true,"href":"https:\/\/arantv.az\/index.php?rest_route=%2Fwp%2Fv2%2Ftags&post=665202"}],"curies":[{"name":"wp","href":"https:\/\/api.w.org\/{rel}","templated":true}]}}