{"id":665205,"date":"2023-12-06T09:43:11","date_gmt":"2023-12-06T05:43:11","guid":{"rendered":"https:\/\/arantv.az\/?p=665205"},"modified":"2023-12-06T09:43:11","modified_gmt":"2023-12-06T05:43:11","slug":"q%c9%99rbi-az%c9%99rbaycan-xronikasi-qucaqdan-qucaga-g%c9%99zm%c9%99y%c9%99-oyr%c9%99s%c9%99n-erm%c9%99nil%c9%99r-video","status":"publish","type":"post","link":"https:\/\/arantv.az\/?p=665205","title":{"rendered":"Q\u0259rbi Az\u0259rbaycan Xronikas\u0131: Qucaqdan-quca\u011fa g\u0259zm\u0259y\u0259 \u00f6yr\u0259\u015f\u0259n erm\u0259nil\u0259r &#8211; V\u0130DEO"},"content":{"rendered":"<article class=\"news\">\n<div class=\"news-inner\">\n<p>Q\u0259rbi Az\u0259rbaycan Xronikas\u0131 layih\u0259si \u00e7\u0259r\u00e7iv\u0259sind\u0259 s\u0259n\u0259t\u015f\u00fcnasl\u0131q \u00fczr\u0259 f\u0259ls\u0259f\u0259 doktoru El\u00e7in \u018flib\u0259ylinin t\u0259qdimat\u0131nda \u201cRusiya c\u0259h\u0259nn\u0259mlik olsun, bu \u00f6lk\u0259 haqq\u0131nda he\u00e7 n\u0259 e\u015fitm\u0259k ist\u0259mirik\u201d adl\u0131 s\u00fcjet efir\u0259 gedib.<\/p>\n<p><b>ARANTV.AZ <\/b>x\u0259b\u0259r verir ki, verili\u015fd\u0259 bir ne\u00e7\u0259 g\u00fcnd\u00fcr Erm\u0259nistan\u0131n y\u00fck ma\u015f\u0131nlar\u0131n\u0131n \u015eimali Osetiya il\u0259 G\u00fcrc\u00fcstan aras\u0131nda s\u0259rh\u0259d-burax\u0131l\u0131\u015f m\u0259nt\u0259q\u0259si olan \u201cLars\u201dda saxlanmas\u0131, m\u0259nt\u0259q\u0259d\u0259 qalan m\u0259hsullarla dolu y\u00fck ma\u015f\u0131nlar\u0131n geri Erm\u0259nistana qay\u0131tmas\u0131, bununla ba\u011fl\u0131 erm\u0259ni jurnalistl\u0259rin haz\u0131rlad\u0131\u011f\u0131 reportajda son vaxtlar r\u0259smi \u0130r\u0259van\u0131n Rusiyaya \u00fcz \u00e7evirm\u0259si il\u0259 ba\u011fl\u0131 fikirl\u0259r\u0259 yer verilir.<\/p>\n<p>Erm\u0259ni s\u00fcr\u00fcc\u00fcl\u0259r bildiribl\u0259r ki, insanlar mallar\u0131n\u0131 Erm\u0259nistandan apar\u0131r, amma rusiyal\u0131lar m\u0259hsullar\u0131 geri qaytar\u0131rlar:<\/p>\n<p>\u201cBu, siyasi oyundur, ruslar sad\u0259c\u0259 olaraq erm\u0259nil\u0259rd\u0259n qisas almaq ist\u0259yirl\u0259r. Erm\u0259nistan h\u00f6kum\u0259ti Rusiya il\u0259 m\u00fcnasib\u0259tl\u0259ri korlay\u0131b. Ne\u00e7\u0259 g\u00fcnd\u00fcr m\u0259hsullarla dolu ma\u015f\u0131nlar \u201cLars\u201d ke\u00e7id m\u0259nt\u0259q\u0259sind\u0259 dayan\u0131r. B\u00fct\u00fcn mallar xarab olub. B\u00fct\u00fcn bunlar\u0131 Rusiya q\u0259sd\u0259n edir. Bununla onlar Erm\u0259nistan\u0131 diz \u00e7\u00f6kd\u00fcrm\u0259k ist\u0259yirl\u0259r. Onlar biz\u0259 ba\u015fa salmaq ist\u0259yirl\u0259r ki, bizim m\u00fcst\u0259qil q\u0259rar verm\u0259k haqq\u0131m\u0131z yoxdur. Onlar \u00f6zl\u0259ri sanksiyalar alt\u0131ndad\u0131rlar, ona g\u00f6r\u0259 biz\u0259 d\u0259 sanksiyalar t\u0259tbiq etm\u0259k ist\u0259yirl\u0259r. Tezlikl\u0259 bu insanlar, s\u00fcr\u00fcc\u00fcl\u0259r ac\u0131ndan, soyuqdan \u00f6l\u0259c\u0259kl\u0259r. Erm\u0259nistan\u0131n \u00f6z\u00fcn\u0259 aid he\u00e7 n\u0259yi yoxdur. Qaz, elektrik enerjisi v\u0259 \u00e7ox \u015fey Rusiyaya m\u0259xsusdur. Biz d\u00f6zm\u0259liyik ba\u015fqa \u00e7\u0131x\u0131\u015f yolumuz yoxdur\u201d.<\/p>\n<p>Onlar\u0131n s\u00f6zl\u0259rin\u0259 g\u00f6r\u0259, \u201cLars\u201d Erm\u0259nistan iqtisadiyyat\u0131n\u0131n inki\u015faf\u0131na mane olan faktor olub:<\/p>\n<p>\u201cNikol Pa\u015finyan\u0131n q\u0259rby\u00f6nl\u00fc siyas\u0259ti v\u0259 ard\u0131c\u0131l olaraq M\u00fcst\u0259qil D\u00f6vl\u0259tl\u0259r Birliyi (MDB), Kollektiv T\u0259hl\u00fck\u0259sizlik M\u00fcqavil\u0259si T\u0259\u015fkilar\u0131n\u0131n (KTMT) t\u0259dbirl\u0259rin\u0259 qat\u0131lmamas\u0131 r\u0259smi Moskva il\u0259 m\u00fcnasib\u0259tl\u0259ri g\u0259rginl\u0259\u015fdirib. Rusiyan\u0131n s\u0259rh\u0259d-burax\u0131l\u0131\u015f m\u0259nt\u0259q\u0259sind\u0259 \u0259ng\u0259l yaratmas\u0131 v\u0259 k\u0259nd t\u0259s\u0259rr\u00fcfat\u0131 m\u0259hsullar\u0131n yoxlama zaman\u0131 \u00e7\u0131xda\u015f olunmas\u0131 siyasi q\u0259rard\u0131r.<\/p>\n<p>Verili\u015fd\u0259 Erm\u0259nistan iqtisadiyyat nazirinin m\u00fcavini Arman Xocyan\u0131n, parlamentin m\u00fcxalif\u00a0\u201cHayastan\u201d fraksiyas\u0131ndan olan deputat\u0131 Artur Xa\u00e7atryan\u0131n Rusiyan\u0131n y\u00fck ma\u015f\u0131nlar\u0131n\u0131 Erm\u0259nistana geri qaytarmas\u0131 m\u0259s\u0259l\u0259si il\u0259 ba\u011fl\u0131 r\u0259yl\u0259rin\u0259 yer verilib.<\/p>\n<p>Material\u0131n sonunda vur\u011fulan\u0131b\u00a0ki, qucaqdan quca\u011fa g\u0259zm\u0259y\u0259 \u00f6yr\u0259n\u0259n erm\u0259nil\u0259r n\u00f6vb\u0259ti d\u0259f\u0259 Rusiyaya arxa \u00e7evirib, Q\u0259rb\u0259 qucaq a\u00e7\u0131rlar:<\/p>\n<p>\u201cKTMT-nin yard\u0131m etm\u0259m\u0259si b\u0259han\u0259dir. El\u0259 Q\u0259rbin d\u00fcz\u0259ltdiyi doqquz\u00a0min kvadrat kilometrlik \u201cArarat Respublikas\u0131\u201dn\u0131n \u0259razisini 29 min kvadrat kilometr\u0259 \u00e7atd\u0131ran, Q\u0259rbi az\u0259rbaycanl\u0131lar\u0131n \u00f6z tarixi V\u0259t\u0259nind\u0259n qovulmas\u0131n\u0131 bir ne\u00e7\u0259 d\u0259f\u0259 t\u0259\u015fkil ed\u0259n, ona havadarl\u0131q ed\u0259n Rusiya olub. \u0130ndi Rusiyan\u0131n sanksiyalarla \u00fczl\u0259\u015fdiyini g\u00f6r\u0259n erm\u0259nil\u0259r b\u0259han\u0259 tap\u0131b, m\u0259\u015fuqunu d\u0259yi\u015fm\u0259k yolunu tutublar\u201d.<\/p>\n<p>Xat\u0131rladaq ki, Q\u0259rbi Az\u0259rbaycan Xronikas\u0131 layih\u0259sinin m\u0259qs\u0259di tarixi q\u0259dim torpaqlar\u0131m\u0131z\u0131n ad\u0131n\u0131n ya\u015fad\u0131lmas\u0131, tan\u0131d\u0131lmas\u0131, h\u0259m\u00e7inin az\u0259rbaycanl\u0131lar\u0131n erm\u0259nil\u0259r t\u0259r\u0259find\u0259n deportasiyaya m\u0259ruz qoyulmas\u0131ndan, h\u0259min \u0259razil\u0259rd\u0259 m\u00f6vcud olmu\u015f, lakin ad\u0131 silin\u0259n toponiml\u0259rin, says\u0131z-hesabs\u0131z yeralt\u0131 v\u0259 yer\u00fcst\u00fc maddi m\u0259d\u0259niyy\u0259t n\u00fcmun\u0259l\u0259ri &#8211; q\u0259dim ya\u015fay\u0131\u015f m\u0259sk\u0259nl\u0259ri, nekropollar, kurqanlar, qala, saray v\u0259 istehkam qal\u0131qlar\u0131, karvansaralar, k\u00f6rp\u00fcl\u0259r, q\u0259bir\u00fcst\u00fc s\u0259nduq\u0259l\u0259r, xa\u00e7da\u015flar, at-qo\u00e7 heyk\u0259ll\u0259ri, m\u0259b\u0259d, kils\u0259, m\u0259scid, pir v\u0259 ocaqlar\u0131n \u00fcz\u0259 \u00e7\u0131xar\u0131lmas\u0131, h\u0259min \u0259razinin t\u0259miz o\u011fuz-t\u00fcrk m\u0259sk\u0259nl\u0259ri oldu\u011funu t\u0259sdiq ed\u0259n faktlar\u0131n d\u00fcnya ictimaiyy\u0259tin\u0259 \u00e7atd\u0131r\u0131lmas\u0131d\u0131r.<\/p>\n<p>H\u0259m\u00e7inin Prezident\u00a0<strong>\u0130lham \u018fliyevin<\/strong>\u00a0Q\u0259rbi Az\u0259rbaycanla ba\u011fl\u0131 dediyi \u201cXX \u0259srin \u0259vv\u0259ll\u0259rin\u0259 t\u0259sad\u00fcf ed\u0259n x\u0259rit\u0259 bir daha onu g\u00f6st\u0259rir ki, Q\u0259rbi Az\u0259rbaycan tarixi Az\u0259rbaycan diyar\u0131d\u0131r, \u015f\u0259h\u0259rl\u0259rin, k\u0259ndl\u0259rin adlar\u0131 Az\u0259rbaycan m\u0259n\u015f\u0259lidir v\u0259 biz yax\u015f\u0131 bilirik ki, indiki Erm\u0259nistan \u0259razisind\u0259 tarix boyu Az\u0259rbaycan xalq\u0131 ya\u015fay\u0131b. \u0130ndi \u0259sas v\u0259zif\u0259 ondan ibar\u0259tdir ki, d\u00fcnya ictimaiyy\u0259ti d\u0259 bunu bilsin\u201d, &#8211; fikrini \u0259sas tutaraq Q\u0259rbi Az\u0259rbaycan \u0130cmas\u0131n\u0131n haz\u0131rlad\u0131\u011f\u0131 Qay\u0131d\u0131\u015f Konsepsiyas\u0131ndan ir\u0259li g\u0259l\u0259n v\u0259zif\u0259l\u0259rin t\u0259bli\u011fidir.<\/p>\n<p>Bundan \u0259lav\u0259, Q\u0259rbi Az\u0259rbaycanla ba\u011fl\u0131 tarix\u00e7il\u0259rin, ara\u015fd\u0131rma\u00e7\u0131lar\u0131n d\u00fc\u015f\u00fcnc\u0259l\u0259rini, deportasiyaya m\u0259ruz qalm\u0131\u015f \u015f\u0259xsl\u0259rin h\u0259yat hekay\u0259sini i\u015f\u0131qland\u0131rmaqd\u0131r.<\/p>\n<p>Daha \u0259trafl\u0131 s\u00fcjetd\u0259:<\/p>\n<div><iframe loading=\"lazy\" title=\"YouTube video player\" src=\"https:\/\/www.youtube.com\/embed\/Mg9qelxq8C4?si=aRzAjL5DPuG79EL6\" width=\"560\" height=\"315\" frameborder=\"0\" allowfullscreen=\"allowfullscreen\" data-mce-fragment=\"1\"><\/iframe><\/div>\n<\/div>\n<\/article>\n","protected":false},"excerpt":{"rendered":"<p>Q\u0259rbi Az\u0259rbaycan Xronikas\u0131 layih\u0259si \u00e7\u0259r\u00e7iv\u0259sind\u0259 s\u0259n\u0259t\u015f\u00fcnasl\u0131q \u00fczr\u0259 f\u0259ls\u0259f\u0259 doktoru El\u00e7in \u018flib\u0259ylinin t\u0259qdimat\u0131nda \u201cRusiya c\u0259h\u0259nn\u0259mlik olsun, bu \u00f6lk\u0259 haqq\u0131nda he\u00e7 n\u0259 e\u015fitm\u0259k ist\u0259mirik\u201d adl\u0131 s\u00fcjet efir\u0259 gedib. ARANTV.AZ x\u0259b\u0259r verir ki, verili\u015fd\u0259 bir ne\u00e7\u0259 g\u00fcnd\u00fcr Erm\u0259nistan\u0131n y\u00fck ma\u015f\u0131nlar\u0131n\u0131n \u015eimali Osetiya il\u0259 G\u00fcrc\u00fcstan aras\u0131nda s\u0259rh\u0259d-burax\u0131l\u0131\u015f m\u0259nt\u0259q\u0259si olan \u201cLars\u201dda saxlanmas\u0131, m\u0259nt\u0259q\u0259d\u0259 qalan m\u0259hsullarla dolu y\u00fck ma\u015f\u0131nlar\u0131n geri Erm\u0259nistana qay\u0131tmas\u0131, bununla ba\u011fl\u0131 erm\u0259ni jurnalistl\u0259rin haz\u0131rlad\u0131\u011f\u0131 reportajda son vaxtlar r\u0259smi \u0130r\u0259van\u0131n Rusiyaya \u00fcz \u00e7evirm\u0259si il\u0259 ba\u011fl\u0131 fikirl\u0259r\u0259 yer verilir. Erm\u0259ni s\u00fcr\u00fcc\u00fcl\u0259r bildiribl\u0259r ki, insanlar mallar\u0131n\u0131 Erm\u0259nistandan apar\u0131r, amma rusiyal\u0131lar m\u0259hsullar\u0131 geri qaytar\u0131rlar: \u201cBu, siyasi oyundur,&hellip;<\/p>\n","protected":false},"author":2,"featured_media":665206,"comment_status":"closed","ping_status":"closed","sticky":false,"template":"","format":"standard","meta":{"om_disable_all_campaigns":false,"_monsterinsights_skip_tracking":false,"_monsterinsights_sitenote_active":false,"_monsterinsights_sitenote_note":"","_monsterinsights_sitenote_category":0},"categories":[4],"tags":[],"aioseo_notices":[],"gutentor_comment":0,"rttpg_featured_image_url":{"full":["https:\/\/arantv.az\/wp-content\/uploads\/2023\/12\/FotoJet-2023-12-05T195630.888.jpg",620,413,false],"landscape":["https:\/\/arantv.az\/wp-content\/uploads\/2023\/12\/FotoJet-2023-12-05T195630.888.jpg",620,413,false],"portraits":["https:\/\/arantv.az\/wp-content\/uploads\/2023\/12\/FotoJet-2023-12-05T195630.888.jpg",620,413,false],"thumbnail":["https:\/\/arantv.az\/wp-content\/uploads\/2023\/12\/FotoJet-2023-12-05T195630.888-500x280.jpg",500,280,true],"medium":["https:\/\/arantv.az\/wp-content\/uploads\/2023\/12\/FotoJet-2023-12-05T195630.888-548x365.jpg",548,365,true],"large":["https:\/\/arantv.az\/wp-content\/uploads\/2023\/12\/FotoJet-2023-12-05T195630.888.jpg",620,413,false],"1536x1536":["https:\/\/arantv.az\/wp-content\/uploads\/2023\/12\/FotoJet-2023-12-05T195630.888.jpg",620,413,false],"2048x2048":["https:\/\/arantv.az\/wp-content\/uploads\/2023\/12\/FotoJet-2023-12-05T195630.888.jpg",620,413,false],"post-thumbnail":["https:\/\/arantv.az\/wp-content\/uploads\/2023\/12\/FotoJet-2023-12-05T195630.888-240x172.jpg",240,172,true],"advps-thumb-one":["https:\/\/arantv.az\/wp-content\/uploads\/2023\/12\/FotoJet-2023-12-05T195630.888.jpg",620,413,false]},"rttpg_author":{"display_name":"V\u00fcsal Rafiqo\u011flu","author_link":"https:\/\/arantv.az\/?author=2"},"rttpg_comment":0,"rttpg_category":"<a href=\"https:\/\/arantv.az\/?cat=4\" rel=\"category\">Siyas\u0259t<\/a>","rttpg_excerpt":"Q\u0259rbi Az\u0259rbaycan Xronikas\u0131 layih\u0259si \u00e7\u0259r\u00e7iv\u0259sind\u0259 s\u0259n\u0259t\u015f\u00fcnasl\u0131q \u00fczr\u0259 f\u0259ls\u0259f\u0259 doktoru El\u00e7in \u018flib\u0259ylinin t\u0259qdimat\u0131nda \u201cRusiya c\u0259h\u0259nn\u0259mlik olsun, bu \u00f6lk\u0259 haqq\u0131nda he\u00e7 n\u0259 e\u015fitm\u0259k ist\u0259mirik\u201d adl\u0131 s\u00fcjet efir\u0259 gedib. ARANTV.AZ x\u0259b\u0259r verir ki, verili\u015fd\u0259 bir ne\u00e7\u0259 g\u00fcnd\u00fcr Erm\u0259nistan\u0131n y\u00fck ma\u015f\u0131nlar\u0131n\u0131n \u015eimali Osetiya il\u0259 G\u00fcrc\u00fcstan aras\u0131nda s\u0259rh\u0259d-burax\u0131l\u0131\u015f m\u0259nt\u0259q\u0259si olan \u201cLars\u201dda saxlanmas\u0131, m\u0259nt\u0259q\u0259d\u0259 qalan m\u0259hsullarla dolu y\u00fck ma\u015f\u0131nlar\u0131n geri Erm\u0259nistana&hellip;","_links":{"self":[{"href":"https:\/\/arantv.az\/index.php?rest_route=\/wp\/v2\/posts\/665205"}],"collection":[{"href":"https:\/\/arantv.az\/index.php?rest_route=\/wp\/v2\/posts"}],"about":[{"href":"https:\/\/arantv.az\/index.php?rest_route=\/wp\/v2\/types\/post"}],"author":[{"embeddable":true,"href":"https:\/\/arantv.az\/index.php?rest_route=\/wp\/v2\/users\/2"}],"replies":[{"embeddable":true,"href":"https:\/\/arantv.az\/index.php?rest_route=%2Fwp%2Fv2%2Fcomments&post=665205"}],"version-history":[{"count":0,"href":"https:\/\/arantv.az\/index.php?rest_route=\/wp\/v2\/posts\/665205\/revisions"}],"wp:featuredmedia":[{"embeddable":true,"href":"https:\/\/arantv.az\/index.php?rest_route=\/wp\/v2\/media\/665206"}],"wp:attachment":[{"href":"https:\/\/arantv.az\/index.php?rest_route=%2Fwp%2Fv2%2Fmedia&parent=665205"}],"wp:term":[{"taxonomy":"category","embeddable":true,"href":"https:\/\/arantv.az\/index.php?rest_route=%2Fwp%2Fv2%2Fcategories&post=665205"},{"taxonomy":"post_tag","embeddable":true,"href":"https:\/\/arantv.az\/index.php?rest_route=%2Fwp%2Fv2%2Ftags&post=665205"}],"curies":[{"name":"wp","href":"https:\/\/api.w.org\/{rel}","templated":true}]}}