{"id":665208,"date":"2023-12-06T09:44:02","date_gmt":"2023-12-06T05:44:02","guid":{"rendered":"https:\/\/arantv.az\/?p=665208"},"modified":"2023-12-06T09:44:02","modified_gmt":"2023-12-06T05:44:02","slug":"s%c9%99hidin-h%c9%99yat-yoldasi-s%c9%99buhi-s%c9%99hid-olduqdan-yeddi-gun-sonra-%c9%99kiz-qizlarimiz-dunyaya-g%c9%99ldi-video","status":"publish","type":"post","link":"https:\/\/arantv.az\/?p=665208","title":{"rendered":"\u015e\u0259hidin h\u0259yat yolda\u015f\u0131: \u201cS\u0259buhi \u015f\u0259hid olduqdan yeddi g\u00fcn sonra \u0259kiz q\u0131zlar\u0131m\u0131z d\u00fcnyaya g\u0259ldi\u201d &#8211; V\u0130DEO"},"content":{"rendered":"<article class=\"news\">\n<div class=\"news-inner\">\n<p>Baku TV-d\u0259 yay\u0131mlanan \u201cArzunun vaxt\u0131\u201d verili\u015finin yeni burax\u0131l\u0131\u015f\u0131 efir\u0259 gedib.<\/p>\n<p>Verili\u015fin bud\u0259f\u0259ki say\u0131nda Az\u0259rbaycan Ordusunun ke\u00e7irdiyi antiterror t\u0259dbirl\u0259rind\u0259 \u015f\u0259hid olan S\u0259buhi \u018fliyevin h\u0259yat yolda\u015f\u0131 Lal\u0259 \u018fliyeva onunla ba\u011fl\u0131 xatir\u0259l\u0259rini b\u00f6l\u00fc\u015f\u00fcb.<\/p>\n<p>O qeyd edib ki, S\u0259buhi \u015f\u0259hid olduqdan yeddi g\u00fcn sonra \u0259kiz q\u0131zlar\u0131 d\u00fcnyaya g\u0259lib:<\/p>\n<p>\u201cH\u0259kim m\u00fcayin\u0259sin\u0259 ged\u0259nd\u0259 nec\u0259 ke\u00e7diyini soru\u015fdu. Dedim, h\u0259r \u015fey qaydas\u0131ndad\u0131r. \u201cBirinin ad\u0131 N\u0259rgiz olsun\u201d dey\u0259 yazd\u0131\u201d.<\/p>\n<p>\u015e\u0259hidin h\u0259yat yolda\u015f\u0131n\u0131n s\u00f6zl\u0259rin\u0259 g\u00f6r\u0259, V\u0259t\u0259n m\u00fcharib\u0259si zaman\u0131 da S\u0259buhinin \u015f\u0259hid x\u0259b\u0259ri g\u0259lib:<\/p>\n<p>\u201c\u018fvv\u0259lc\u0259 \u015f\u0259klini payla\u015fd\u0131lar ki, yaralan\u0131b. Sonra dedil\u0259r ki, \u015f\u0259hid olub. 15 g\u00fcn sonra komandiri z\u0259ng vurdu ki, S\u0259buhi sa\u011f-salamatd\u0131r\u201d.<\/p>\n<p>L.\u018fliyeva S\u0259buhi il\u0259 son s\u00f6hb\u0259tl\u0259rind\u0259n birind\u0259n b\u0259hs edib:<\/p>\n<p>\u201cG\u00fcl\u0259-g\u00fcl\u0259 dedi ki, Lal\u0259, bu d\u0259f\u0259 ya \u0259lim, ya aya\u011f\u0131m olmayacaq. Dedim ki, t\u0259ki n\u0259f\u0259sin g\u0259lsin\u201d.<\/p>\n<p>\u018ftrafl\u0131 s\u00fcjetd\u0259:<\/p>\n<div><iframe loading=\"lazy\" title=\"YouTube video player\" src=\"https:\/\/www.youtube.com\/embed\/aa9JCiylv1I?si=DkQd81CtILFAu71n\" width=\"560\" height=\"315\" frameborder=\"0\" allowfullscreen=\"allowfullscreen\" data-mce-fragment=\"1\"><\/iframe><\/div>\n<\/div>\n<\/article>\n","protected":false},"excerpt":{"rendered":"<p>Baku TV-d\u0259 yay\u0131mlanan \u201cArzunun vaxt\u0131\u201d verili\u015finin yeni burax\u0131l\u0131\u015f\u0131 efir\u0259 gedib. Verili\u015fin bud\u0259f\u0259ki say\u0131nda Az\u0259rbaycan Ordusunun ke\u00e7irdiyi antiterror t\u0259dbirl\u0259rind\u0259 \u015f\u0259hid olan S\u0259buhi \u018fliyevin h\u0259yat yolda\u015f\u0131 Lal\u0259 \u018fliyeva onunla ba\u011fl\u0131 xatir\u0259l\u0259rini b\u00f6l\u00fc\u015f\u00fcb. O qeyd edib ki, S\u0259buhi \u015f\u0259hid olduqdan yeddi g\u00fcn sonra \u0259kiz q\u0131zlar\u0131 d\u00fcnyaya g\u0259lib: \u201cH\u0259kim m\u00fcayin\u0259sin\u0259 ged\u0259nd\u0259 nec\u0259 ke\u00e7diyini soru\u015fdu. Dedim, h\u0259r \u015fey qaydas\u0131ndad\u0131r. \u201cBirinin ad\u0131 N\u0259rgiz olsun\u201d dey\u0259 yazd\u0131\u201d. \u015e\u0259hidin h\u0259yat yolda\u015f\u0131n\u0131n s\u00f6zl\u0259rin\u0259 g\u00f6r\u0259, V\u0259t\u0259n m\u00fcharib\u0259si zaman\u0131 da S\u0259buhinin \u015f\u0259hid x\u0259b\u0259ri g\u0259lib: \u201c\u018fvv\u0259lc\u0259 \u015f\u0259klini payla\u015fd\u0131lar ki, yaralan\u0131b. Sonra dedil\u0259r ki, \u015f\u0259hid olub. 15 g\u00fcn sonra komandiri z\u0259ng vurdu ki,&hellip;<\/p>\n","protected":false},"author":2,"featured_media":665209,"comment_status":"closed","ping_status":"closed","sticky":false,"template":"","format":"standard","meta":{"om_disable_all_campaigns":false,"_monsterinsights_skip_tracking":false,"_monsterinsights_sitenote_active":false,"_monsterinsights_sitenote_note":"","_monsterinsights_sitenote_category":0},"categories":[1],"tags":[],"aioseo_notices":[],"gutentor_comment":0,"rttpg_featured_image_url":{"full":["https:\/\/arantv.az\/wp-content\/uploads\/2023\/12\/FotoJet-2023-12-05T221941.156.jpg",620,413,false],"landscape":["https:\/\/arantv.az\/wp-content\/uploads\/2023\/12\/FotoJet-2023-12-05T221941.156.jpg",620,413,false],"portraits":["https:\/\/arantv.az\/wp-content\/uploads\/2023\/12\/FotoJet-2023-12-05T221941.156.jpg",620,413,false],"thumbnail":["https:\/\/arantv.az\/wp-content\/uploads\/2023\/12\/FotoJet-2023-12-05T221941.156-500x280.jpg",500,280,true],"medium":["https:\/\/arantv.az\/wp-content\/uploads\/2023\/12\/FotoJet-2023-12-05T221941.156-548x365.jpg",548,365,true],"large":["https:\/\/arantv.az\/wp-content\/uploads\/2023\/12\/FotoJet-2023-12-05T221941.156.jpg",620,413,false],"1536x1536":["https:\/\/arantv.az\/wp-content\/uploads\/2023\/12\/FotoJet-2023-12-05T221941.156.jpg",620,413,false],"2048x2048":["https:\/\/arantv.az\/wp-content\/uploads\/2023\/12\/FotoJet-2023-12-05T221941.156.jpg",620,413,false],"post-thumbnail":["https:\/\/arantv.az\/wp-content\/uploads\/2023\/12\/FotoJet-2023-12-05T221941.156-240x172.jpg",240,172,true],"advps-thumb-one":["https:\/\/arantv.az\/wp-content\/uploads\/2023\/12\/FotoJet-2023-12-05T221941.156.jpg",620,413,false]},"rttpg_author":{"display_name":"V\u00fcsal Rafiqo\u011flu","author_link":"https:\/\/arantv.az\/?author=2"},"rttpg_comment":0,"rttpg_category":"<a href=\"https:\/\/arantv.az\/?cat=1\" rel=\"category\">C\u0259miyy\u0259t<\/a>","rttpg_excerpt":"Baku TV-d\u0259 yay\u0131mlanan \u201cArzunun vaxt\u0131\u201d verili\u015finin yeni burax\u0131l\u0131\u015f\u0131 efir\u0259 gedib. Verili\u015fin bud\u0259f\u0259ki say\u0131nda Az\u0259rbaycan Ordusunun ke\u00e7irdiyi antiterror t\u0259dbirl\u0259rind\u0259 \u015f\u0259hid olan S\u0259buhi \u018fliyevin h\u0259yat yolda\u015f\u0131 Lal\u0259 \u018fliyeva onunla ba\u011fl\u0131 xatir\u0259l\u0259rini b\u00f6l\u00fc\u015f\u00fcb. O qeyd edib ki, S\u0259buhi \u015f\u0259hid olduqdan yeddi g\u00fcn sonra \u0259kiz q\u0131zlar\u0131 d\u00fcnyaya g\u0259lib: \u201cH\u0259kim m\u00fcayin\u0259sin\u0259 ged\u0259nd\u0259 nec\u0259 ke\u00e7diyini soru\u015fdu. Dedim, h\u0259r \u015fey qaydas\u0131ndad\u0131r. \u201cBirinin&hellip;","_links":{"self":[{"href":"https:\/\/arantv.az\/index.php?rest_route=\/wp\/v2\/posts\/665208"}],"collection":[{"href":"https:\/\/arantv.az\/index.php?rest_route=\/wp\/v2\/posts"}],"about":[{"href":"https:\/\/arantv.az\/index.php?rest_route=\/wp\/v2\/types\/post"}],"author":[{"embeddable":true,"href":"https:\/\/arantv.az\/index.php?rest_route=\/wp\/v2\/users\/2"}],"replies":[{"embeddable":true,"href":"https:\/\/arantv.az\/index.php?rest_route=%2Fwp%2Fv2%2Fcomments&post=665208"}],"version-history":[{"count":0,"href":"https:\/\/arantv.az\/index.php?rest_route=\/wp\/v2\/posts\/665208\/revisions"}],"wp:featuredmedia":[{"embeddable":true,"href":"https:\/\/arantv.az\/index.php?rest_route=\/wp\/v2\/media\/665209"}],"wp:attachment":[{"href":"https:\/\/arantv.az\/index.php?rest_route=%2Fwp%2Fv2%2Fmedia&parent=665208"}],"wp:term":[{"taxonomy":"category","embeddable":true,"href":"https:\/\/arantv.az\/index.php?rest_route=%2Fwp%2Fv2%2Fcategories&post=665208"},{"taxonomy":"post_tag","embeddable":true,"href":"https:\/\/arantv.az\/index.php?rest_route=%2Fwp%2Fv2%2Ftags&post=665208"}],"curies":[{"name":"wp","href":"https:\/\/api.w.org\/{rel}","templated":true}]}}