{"id":665238,"date":"2023-12-06T09:55:35","date_gmt":"2023-12-06T05:55:35","guid":{"rendered":"https:\/\/arantv.az\/?p=665238"},"modified":"2023-12-06T09:55:35","modified_gmt":"2023-12-06T05:55:35","slug":"fransa-bacisini-novb%c9%99ti-f%c9%99lak%c9%99t%c9%99-surukl%c9%99yir","status":"publish","type":"post","link":"https:\/\/arantv.az\/?p=665238","title":{"rendered":"Fransa \u201cbac\u0131\u201ds\u0131n\u0131 n\u00f6vb\u0259ti f\u0259lak\u0259t\u0259 s\u00fcr\u00fckl\u0259yir"},"content":{"rendered":"<p>D\u00fcnyan\u0131n bir s\u0131ra yerl\u0259rind\u0259 neokolonializm siyas\u0259ti h\u0259yata\u00a0 ke\u00e7ir\u0259n Fransa \u201cbac\u0131\u201ds\u0131 Erm\u0259nistan vasit\u0259sil\u0259 C\u0259nubi Qafqazda m\u00f6hk\u0259ml\u0259nm\u0259k namin\u0259 yeni toqqu\u015fmalara v\u0259 h\u0259tta h\u0259rbi \u0259m\u0259liyyatlar\u0131n b\u0259rpas\u0131na nail olmaqdan \u00f6tr\u00fc d\u0259rid\u0259n-qab\u0131qdan \u00e7\u0131xmaqdad\u0131r.\u00a0Bel\u0259 ki, Avropa \u0130ttifaq\u0131n\u0131n m\u00fc\u015fahid\u0259 missiyas\u0131 alt\u0131nda Erm\u0259nistan-Az\u0259rbaycan s\u0259rh\u0259dind\u0259 yerl\u0259\u015fdirdiyi x\u00fcsusi missiyan\u0131n t\u0259rkibinin geni\u015fl\u0259ndirilm\u0259sin\u0259, ona \u0259lav\u0259 yeni funksiyalar\u0131n verilm\u0259sin\u0259 nail olan, \u00f6z t\u0259lim m\u0259rk\u0259zl\u0259rind\u0259 erm\u0259ni \u0259sg\u0259rl\u0259rin\u0259 t\u0259liml\u0259r ke\u00e7\u0259n v\u0259 Erm\u0259nistan\u0131 \u201cAz\u0259rbaycan h\u00fccum ed\u0259c\u0259k\u201d iddias\u0131 il\u0259 silahland\u0131ran \u00a0Fransa s\u00f6z\u00fcged\u0259n \u00f6lk\u0259y\u0259 bu yax\u0131nlarda \u201cBastion\u201d tipli 24 zirehli texnika, GM-200 radar sisteml\u0259ri v\u0259 \u201cMistral\u201d zenit-raket kompleksl\u0259rini g\u00f6nd\u0259rib. \u015e\u00fcbh\u0259siz, demokratiyadan, haqdan-\u0259dal\u0259td\u0259n d\u0259m vuran, \u201cbac\u0131s\u0131n\u0131n qeyr\u0259tini \u00e7\u0259k\u0259n\u201d Fransan\u0131n bunun ard\u0131nca dig\u0259r silahlar\u0131 da t\u0259cav\u00fczkar \u00f6lk\u0259y\u0259 g\u00f6nd\u0259r\u0259c\u0259yi g\u00f6zl\u0259nilirdi. \u00c7\u00fcnki bu add\u0131m\u0131na g\u00f6r\u0259 d\u00fcnyan\u0131n he\u00e7 bir superd\u00f6vl\u0259ti, h\u0259m\u00e7inin he\u00e7 bir beyn\u0259lxalq t\u0259\u015fkilat onu q\u0131namam\u0131\u015fd\u0131. G\u00f6r\u0259s\u0259n, Avropa \u0130ttifaq\u0131, Avropa \u015euras\u0131 Parlament Assambleyas\u0131, \u201cFreedom House\u201d, \u201cAmnesty International\u201d niy\u0259 C\u0259nubi Qafqazda s\u00fclh\u0259 q\u0259nim k\u0259sil\u0259n Fransan\u0131 q\u0131nam\u0131r? \u015e\u00fcbh\u0259siz, bu fakt onlar\u0131n h\u0259m xristian t\u0259\u0259ss\u00fcbke\u015fliyi ni\u00fcmayi\u015f etdirm\u0259l\u0259rind\u0259n, h\u0259m d\u0259 Az\u0259rbaycana qar\u015f\u0131 q\u0259r\u0259zli m\u00f6vqe tutmalar\u0131ndan x\u0259b\u0259r verir.<\/p>\n<p>B\u0259li, indi d\u0259 Fransa dig\u0259r silahlarla yana\u015f\u0131,\u00a0 h\u00fccum silahlar\u0131n\u0131 &#8211; \u201cSezar\u201d artilleriya sisteml\u0259rini (AKS) Erm\u0259nistana t\u0259dar\u00fck etm\u0259k fikrin\u0259 d\u00fc\u015f\u00fcb. Daha do\u011frusu, Fransa Senat\u0131 h\u00f6kum\u0259t\u0259 \u201cSezar\u201d artilleriya sisteml\u0259rinin Erm\u0259nistana t\u0259dar\u00fck\u00fc m\u0259s\u0259l\u0259sinin m\u00fcmk\u00fcn q\u0259d\u0259r tez \u00f6yr\u0259nilm\u0259sini t\u00f6vsiy\u0259 edib. B\u0259ri ba\u015fdan bildir\u0259k ki, bu, Fransan\u0131n bundan \u0259vv\u0259l Erm\u0259nistana verdiyi &#8220;Bastion&#8221;dan daha ciddi silahd\u0131r. M\u00fct\u0259x\u0259ssisl\u0259rin fikrinc\u0259, m\u00fcxt\u0259lif sursatlarla at\u0131\u015f m\u0259nzili 40 km-\u0259 q\u0259d\u0259r olan,\u00a0 d\u0259qiq\u0259d\u0259 6-8 m\u0259rmi atma v\u0259 400-500 metrlik bir sah\u0259ni ba\u011flamaq imkan\u0131na malik \u00a0\u201cSezar\u201d m\u00fcasir silah sisteml\u0259rind\u0259n biridir. Y\u0259ni, o, adi silahlardan deyil. G\u00f6r\u00fcnd\u00fcy\u00fc kimi, burada m\u0259qs\u0259d yaln\u0131z m\u00fcdafi\u0259 deyil, h\u0259m d\u0259 \u00a0sava\u015fa haz\u0131rl\u0131qd\u0131r.<\/p>\n<p>Bu da sirr deyil ki, Erm\u0259nistan\u0131n s\u00fcr\u0259tl\u0259 silahland\u0131r\u0131lmas\u0131nda Fransan\u0131n \u0259sas m\u0259qs\u0259di h\u0259m b\u00f6lg\u0259d\u0259 yeni reall\u0131qlar yaradan r\u0259smi Bak\u0131ya t\u0259zyiq etm\u0259k, h\u0259m \u0130r\u0259van\u0131n Rusiyadan as\u0131l\u0131l\u0131\u011f\u0131n\u0131 miniumuma endirm\u0259k, h\u0259m d\u0259 onu z\u0259ifl\u0259tm\u0259kdir. Yeri g\u0259lmi\u015fk\u0259n qeyd ed\u0259k ki, Fransa AB\u015e-la birg\u0259 Ukraynada Rusiyan\u0131n z\u0259ifl\u0259m\u0259diyini g\u00f6rd\u00fc, arzusu \u00fcr\u0259yind\u0259 qald\u0131 v\u0259\u00a0 el\u0259 bu s\u0259b\u0259bd\u0259n Erm\u0259nistan\u0131 \u00f6n\u0259 verdi. B\u00fct\u00fcn bunlar\u00a0 regionda g\u0259rginliyin artmas\u0131na, Erm\u0259nistanda revan\u015fizmin g\u00fccl\u0259nm\u0259sin\u0259 xidm\u0259t edir. G\u00f6r\u00fcn\u00fcr, h\u0259r beyn\u0259lxalq t\u0259dbird\u0259 \u00f6lk\u0259miz\u0259 qar\u015f\u0131 h\u0259dyanlar s\u0259sl\u0259ndir\u0259n,\u00a0 u\u011furlar\u0131m\u0131z\u0131 h\u0259zm ed\u0259 bilm\u0259y\u0259n, erm\u0259nip\u0259r\u0259stliyin pik n\u00f6qt\u0259sind\u0259 q\u0259rar tutan, regionu bitm\u0259z\u00a0m\u00fcnaqi\u015f\u0259 m\u0259kan\u0131na \u00e7evirm\u0259k ist\u0259y\u0259n, C\u0259nubi Qafaqazda s\u00f6z sahibi olmaq u\u011frunda m\u00fcbariz\u0259 aparan Fransa bu add\u0131m\u0131 il\u0259 qlobal m\u0259qs\u0259dl\u0259r\u0259 k\u00f6kl\u0259nib. Amma Erm\u0259nistan unudur ki, bu g\u00fcn onlara \u201cd\u0259st\u0259k\u201d n\u00fcmayi\u015f etdir\u0259n, silahland\u0131ran Fransa sonda onu meydanda t\u0259k qoyacaq. Noyabr\u0131n 20-d\u0259 \u0130raq Respublikas\u0131n\u0131n Prezidenti \u018fbd\u00fcll\u0259tif Camal R\u0259\u015fidin Az\u0259rbaycana r\u0259smi s\u0259f\u0259ri \u00e7\u0259r\u00e7iv\u0259sind\u0259 m\u0259tbuata b\u0259yanat\u0131nda d\u00f6vl\u0259timizin ba\u015f\u00e7\u0131s\u0131 \u0130lham \u018fliyev demi\u015fdir: \u201cErm\u0259nistan\u0131 silahland\u0131rmaqla, hans\u0131 ki, Fransa q\u00fcrur duyur v\u0259 bunu ictimai \u015f\u0259kild\u0259 bildirir, Erm\u0259nistan yeni bir m\u00fcharib\u0259y\u0259 ba\u015flamaq q\u0259rar\u0131 vers\u0259, bu, ona k\u00f6m\u0259k etm\u0259y\u0259c\u0259k. N\u0259tic\u0259 eyni olacaq. He\u00e7 k\u0259s onlara k\u00f6m\u0259k etm\u0259y\u0259c\u0259k. \u00dc\u00e7 il bundan \u0259vv\u0259l Fransa onlara k\u00f6m\u0259k etdi? Xeyr. \u0130ki ay bundan \u0259vv\u0259l onlara k\u00f6m\u0259k etdi? Xeyr. Onlar burada n\u0259 ed\u0259 bil\u0259rl\u0259r. He\u00e7 n\u0259\u201d. Buradan bir daha bel\u0259 n\u0259tic\u0259y\u0259 g\u0259lm\u0259k olar ki, Erm\u0259nistan\u0131n nicat\u0131\u00a0 onu t\u0259hl\u00fck\u0259l\u0259r\u0259 s\u00fcr\u00fckl\u0259y\u0259n, oyunca\u011fa \u00e7evir\u0259n Fransa kimi \u00f6lk\u0259l\u0259rd\u0259 deyil, Az\u0259rbaycanla \u0259m\u0259kda\u015fl\u0131q m\u00fcnasib\u0259tl\u0259rinin qurulmas\u0131ndad\u0131r.<\/p>\n<p>\u015e\u00fcbh\u0259siz, bu, h\u0259m d\u0259 Fransan\u0131n u\u011fursuz xarici siyas\u0259tind\u0259n x\u0259b\u0259r verir. Erm\u0259ni jurnalist Lev Nikolyan\u0131n s\u00f6zl\u0259ri il\u0259 des\u0259k, Fransan\u0131n xarici siyas\u0259ti tamamil\u0259 f\u0259lak\u0259tdir. H\u0259tta Fransan\u0131n \u0130r\u0259vandak\u0131 s\u0259firi\u00a0Ann Luyon r\u00fc\u015fv\u0259t\u0259 g\u00f6r\u0259 Erm\u0259nistandan qovulub. \u00a0El\u0259 bu kimi s\u0259b\u0259bl\u0259rd\u0259n avtoritar lider\u0259 \u00e7evril\u0259n, Fransan\u0131n beyn\u0259lxalq al\u0259md\u0259 n\u00fcfuzu\u00adnun v\u0259 rolunun azaldan, frans\u0131zlar\u0131n n\u00fcfuzunu qazana bilm\u0259y\u0259n Emmanuel Makronun siyas\u0259ti \u00a0yerli \u0259halinin \u00a067 faizi, o c\u00fcml\u0259d\u0259n, prezident fraksiyas\u0131\u00adn\u0131n \u0259sas potensial m\u00fctt\u0259fiql\u0259ri olan res\u00adpublika\u00e7\u0131lar t\u0259r\u0259find\u0259n t\u0259qdir olunmur. Xalq\u0131m\u0131z is\u0259 \u00a0d\u00fcnyada g\u00fccl\u00fc siyas\u0259t\u00e7i, mahir diplomat kimi tan\u0131nan, h\u0259tta m\u00fcxalif\u0259t t\u0259r\u0259find\u0259n d\u0259st\u0259kl\u0259n\u0259n Prezident \u0130lham \u018fliyevi sevir, ona inan\u0131r v\u0259 g\u00fcv\u0259nir. El\u0259 onun say\u0259sind\u0259 Az\u0259rbaycan\u0131n g\u00fcc\u00fc, q\u00fcdr\u0259ti v\u0259 n\u00fcfuzu g\u00fcnd\u0259n-g\u00fcn\u0259 art\u0131r. Bu g\u00fcv\u0259nc d\u0259 Makronun Erm\u0259nistan\u0131 silahland\u0131rmas\u0131 missiyas\u0131n\u0131 fiaskoya u\u011fradacaq. Yeri g\u0259lmi\u015fk\u0259n, m\u0259\u015fhur Roma imperatoru v\u0259 d\u00f6vl\u0259t xadimi Yuli Sezar Afrika sahill\u0259rin\u0259 \u00e7\u0131xark\u0259n aya\u011f\u0131 b\u00fcdr\u0259y\u0259r\u0259k y\u0131x\u0131landa demi\u015fdi: \u201cAh, Afrika, m\u0259n s\u0259ni qucaqlay\u0131ram\u201d. G\u00f6r\u0259s\u0259n, Makron\u00a0 fiaskoya u\u011frayanda n\u0259 dey\u0259c\u0259k? Y\u0259qin ki, dey\u0259c\u0259k: \u201cBac\u0131m, m\u0259n s\u0259ni n\u00f6vb\u0259ti d\u0259f\u0259 f\u0259lak\u0259t\u0259 s\u00fcr\u00fckl\u0259dim\u201d.<\/p>\n","protected":false},"excerpt":{"rendered":"<p>D\u00fcnyan\u0131n bir s\u0131ra yerl\u0259rind\u0259 neokolonializm siyas\u0259ti h\u0259yata\u00a0 ke\u00e7ir\u0259n Fransa \u201cbac\u0131\u201ds\u0131 Erm\u0259nistan vasit\u0259sil\u0259 C\u0259nubi Qafqazda m\u00f6hk\u0259ml\u0259nm\u0259k namin\u0259 yeni toqqu\u015fmalara v\u0259 h\u0259tta h\u0259rbi \u0259m\u0259liyyatlar\u0131n b\u0259rpas\u0131na nail olmaqdan \u00f6tr\u00fc d\u0259rid\u0259n-qab\u0131qdan \u00e7\u0131xmaqdad\u0131r.\u00a0Bel\u0259 ki, Avropa \u0130ttifaq\u0131n\u0131n m\u00fc\u015fahid\u0259 missiyas\u0131 alt\u0131nda Erm\u0259nistan-Az\u0259rbaycan s\u0259rh\u0259dind\u0259 yerl\u0259\u015fdirdiyi x\u00fcsusi missiyan\u0131n t\u0259rkibinin geni\u015fl\u0259ndirilm\u0259sin\u0259, ona \u0259lav\u0259 yeni funksiyalar\u0131n verilm\u0259sin\u0259 nail olan, \u00f6z t\u0259lim m\u0259rk\u0259zl\u0259rind\u0259 erm\u0259ni \u0259sg\u0259rl\u0259rin\u0259 t\u0259liml\u0259r ke\u00e7\u0259n v\u0259 Erm\u0259nistan\u0131 \u201cAz\u0259rbaycan h\u00fccum ed\u0259c\u0259k\u201d iddias\u0131 il\u0259 silahland\u0131ran \u00a0Fransa s\u00f6z\u00fcged\u0259n \u00f6lk\u0259y\u0259 bu yax\u0131nlarda \u201cBastion\u201d tipli 24 zirehli texnika, GM-200 radar sisteml\u0259ri v\u0259 \u201cMistral\u201d zenit-raket kompleksl\u0259rini g\u00f6nd\u0259rib. \u015e\u00fcbh\u0259siz, demokratiyadan, haqdan-\u0259dal\u0259td\u0259n d\u0259m vuran, \u201cbac\u0131s\u0131n\u0131n qeyr\u0259tini \u00e7\u0259k\u0259n\u201d Fransan\u0131n&hellip;<\/p>\n","protected":false},"author":2,"featured_media":665239,"comment_status":"closed","ping_status":"closed","sticky":false,"template":"","format":"standard","meta":{"om_disable_all_campaigns":false,"_monsterinsights_skip_tracking":false,"_monsterinsights_sitenote_active":false,"_monsterinsights_sitenote_note":"","_monsterinsights_sitenote_category":0},"categories":[19],"tags":[],"aioseo_notices":[],"gutentor_comment":0,"rttpg_featured_image_url":{"full":["https:\/\/arantv.az\/wp-content\/uploads\/2023\/12\/5938b4d017017826926016295921101676.jpg",975,540,false],"landscape":["https:\/\/arantv.az\/wp-content\/uploads\/2023\/12\/5938b4d017017826926016295921101676.jpg",975,540,false],"portraits":["https:\/\/arantv.az\/wp-content\/uploads\/2023\/12\/5938b4d017017826926016295921101676.jpg",975,540,false],"thumbnail":["https:\/\/arantv.az\/wp-content\/uploads\/2023\/12\/5938b4d017017826926016295921101676-500x280.jpg",500,280,true],"medium":["https:\/\/arantv.az\/wp-content\/uploads\/2023\/12\/5938b4d017017826926016295921101676-660x365.jpg",660,365,true],"large":["https:\/\/arantv.az\/wp-content\/uploads\/2023\/12\/5938b4d017017826926016295921101676-840x465.jpg",640,354,true],"1536x1536":["https:\/\/arantv.az\/wp-content\/uploads\/2023\/12\/5938b4d017017826926016295921101676.jpg",975,540,false],"2048x2048":["https:\/\/arantv.az\/wp-content\/uploads\/2023\/12\/5938b4d017017826926016295921101676.jpg",975,540,false],"post-thumbnail":["https:\/\/arantv.az\/wp-content\/uploads\/2023\/12\/5938b4d017017826926016295921101676-240x172.jpg",240,172,true],"advps-thumb-one":["https:\/\/arantv.az\/wp-content\/uploads\/2023\/12\/5938b4d017017826926016295921101676.jpg",975,540,false]},"rttpg_author":{"display_name":"V\u00fcsal Rafiqo\u011flu","author_link":"https:\/\/arantv.az\/?author=2"},"rttpg_comment":0,"rttpg_category":"<a href=\"https:\/\/arantv.az\/?cat=19\" rel=\"category\">G\u00fcnd\u0259m<\/a>","rttpg_excerpt":"D\u00fcnyan\u0131n bir s\u0131ra yerl\u0259rind\u0259 neokolonializm siyas\u0259ti h\u0259yata\u00a0 ke\u00e7ir\u0259n Fransa \u201cbac\u0131\u201ds\u0131 Erm\u0259nistan vasit\u0259sil\u0259 C\u0259nubi Qafqazda m\u00f6hk\u0259ml\u0259nm\u0259k namin\u0259 yeni toqqu\u015fmalara v\u0259 h\u0259tta h\u0259rbi \u0259m\u0259liyyatlar\u0131n b\u0259rpas\u0131na nail olmaqdan \u00f6tr\u00fc d\u0259rid\u0259n-qab\u0131qdan \u00e7\u0131xmaqdad\u0131r.\u00a0Bel\u0259 ki, Avropa \u0130ttifaq\u0131n\u0131n m\u00fc\u015fahid\u0259 missiyas\u0131 alt\u0131nda Erm\u0259nistan-Az\u0259rbaycan s\u0259rh\u0259dind\u0259 yerl\u0259\u015fdirdiyi x\u00fcsusi missiyan\u0131n t\u0259rkibinin geni\u015fl\u0259ndirilm\u0259sin\u0259, ona \u0259lav\u0259 yeni funksiyalar\u0131n verilm\u0259sin\u0259 nail olan, \u00f6z t\u0259lim m\u0259rk\u0259zl\u0259rind\u0259 erm\u0259ni \u0259sg\u0259rl\u0259rin\u0259 t\u0259liml\u0259r ke\u00e7\u0259n&hellip;","_links":{"self":[{"href":"https:\/\/arantv.az\/index.php?rest_route=\/wp\/v2\/posts\/665238"}],"collection":[{"href":"https:\/\/arantv.az\/index.php?rest_route=\/wp\/v2\/posts"}],"about":[{"href":"https:\/\/arantv.az\/index.php?rest_route=\/wp\/v2\/types\/post"}],"author":[{"embeddable":true,"href":"https:\/\/arantv.az\/index.php?rest_route=\/wp\/v2\/users\/2"}],"replies":[{"embeddable":true,"href":"https:\/\/arantv.az\/index.php?rest_route=%2Fwp%2Fv2%2Fcomments&post=665238"}],"version-history":[{"count":0,"href":"https:\/\/arantv.az\/index.php?rest_route=\/wp\/v2\/posts\/665238\/revisions"}],"wp:featuredmedia":[{"embeddable":true,"href":"https:\/\/arantv.az\/index.php?rest_route=\/wp\/v2\/media\/665239"}],"wp:attachment":[{"href":"https:\/\/arantv.az\/index.php?rest_route=%2Fwp%2Fv2%2Fmedia&parent=665238"}],"wp:term":[{"taxonomy":"category","embeddable":true,"href":"https:\/\/arantv.az\/index.php?rest_route=%2Fwp%2Fv2%2Fcategories&post=665238"},{"taxonomy":"post_tag","embeddable":true,"href":"https:\/\/arantv.az\/index.php?rest_route=%2Fwp%2Fv2%2Ftags&post=665238"}],"curies":[{"name":"wp","href":"https:\/\/api.w.org\/{rel}","templated":true}]}}