{"id":665241,"date":"2023-12-06T09:56:16","date_gmt":"2023-12-06T05:56:16","guid":{"rendered":"https:\/\/arantv.az\/?p=665241"},"modified":"2023-12-06T09:56:16","modified_gmt":"2023-12-06T05:56:16","slug":"dovl%c9%99timizin-v%c9%99-ordumuzun-qalibiyy%c9%99t-yurusu-z%c9%99f%c9%99r-paradi","status":"publish","type":"post","link":"https:\/\/arantv.az\/?p=665241","title":{"rendered":"D\u00f6vl\u0259timizin v\u0259 ordumuzun qalibiyy\u0259t y\u00fcr\u00fc\u015f\u00fc &#8211; Z\u0259f\u0259r parad\u0131"},"content":{"rendered":"<p>\u00dc\u00e7 il bundan \u0259vv\u0259l-10 dekabr 2020-ci ild\u0259 Bak\u0131n\u0131n Azadl\u0131q meydan\u0131nda ke\u00e7iril\u0259n\u00a0 Z\u0259f\u0259r parad\u0131 h\u0259r birimizi q\u00fcrurland\u0131rd\u0131, \u00fcr\u0259yimizi f\u0259r\u0259h hissi il\u0259 doldurdu. Bu Z\u0259f\u0259r parad\u0131 M\u00fcz\u0259ff\u0259r Prezident, Ali Ba\u015f Komandan \u0130lham \u018fliyevin, Az\u0259rbaycan Ordusunun, xalq-ordu birliyinin v\u0259 h\u0259mr\u0259yliyinin t\u0259nt\u0259n\u0259si, V\u0259t\u0259n m\u00fcharib\u0259sind\u0259ki Z\u0259f\u0259rimizin n\u00fcmayi\u015fi idi. Bu, 200 ilin \u0259n m\u00f6ht\u0259\u015f\u0259m, \u0259n parlaq h\u0259rb tarixini yazan Az\u0259rbaycan Ordusunun q\u00fcdr\u0259tini \u00f6z\u00fcnd\u0259 t\u0259zah\u00fcr etdirirdi. Z\u0259f\u0259r parad\u0131 t\u0259kc\u0259 Az\u0259rbaycan xalq\u0131na deyil, b\u00fct\u00fcn t\u00fcrk d\u00fcnyas\u0131na, \u0130slam al\u0259min\u0259 \u0259v\u0259zolunmaz\u00a0 hissl\u0259r ya\u015fatd\u0131.<\/p>\n<p>Z\u0259f\u0259r parad\u0131na haz\u0131rl\u0131qla ba\u011fl\u0131 Ali Ba\u015f Komandan, d\u00f6vl\u0259timizin ba\u015f\u00e7\u0131s\u0131 \u0130lham \u018fliyevin dediyi bu s\u00f6zl\u0259r m\u00f6ht\u0259\u015f\u0259m t\u0259dbirin Az\u0259rbaycan\u0131n \u00e7a\u011fda\u015f tarixind\u0259ki \u0259h\u0259miyy\u0259tin\u0259 i\u015f\u0131q sal\u0131r: &#8220;Erm\u0259nistan kapitulyasiya akt\u0131 imzalayandan d\u0259rhal sonra&#8230; m\u00fcdafi\u0259 nazirin\u0259 s\u0259r\u0259ncam verdim ki, parada haz\u0131rla\u015fs\u0131n, haz\u0131rl\u0131q t\u0259qrib\u0259n 1 ay \u00e7\u0259kdi. Ona g\u00f6r\u0259 ki, nec\u0259 dey\u0259rl\u0259r, h\u0259l\u0259 ham\u0131n\u0131n ba\u015f\u0131 d\u00f6y\u00fc\u015f \u0259m\u0259liyyatlar\u0131na qar\u0131\u015fm\u0131\u015fd\u0131, biz buna yax\u015f\u0131 haz\u0131rla\u015fmal\u0131 idik, ba\u015fa d\u00fc\u015f\u00fcrd\u00fck ki, bu, qeyri-adi paradd\u0131r. Biz \u0259vv\u0259ll\u0259r d\u0259 h\u0259rbi paradlar ke\u00e7irmi\u015fdik, lakin&#8230; bu, Z\u0259f\u0259r parad\u0131 idi. Buna g\u00f6r\u0259 o, Az\u0259rbaycan v\u0259t\u0259nda\u015flar\u0131n\u0131n b\u00fct\u00fcn g\u0259l\u0259c\u0259k n\u0259sill\u0259ri \u00fc\u00e7\u00fcn r\u0259mzi m\u0259na v\u0259 tarixi \u0259h\u0259miyy\u0259t\u0259 malik idi&#8221;.<\/p>\n<p>B\u0259li, Z\u0259f\u0259r parad\u0131 bir daha g\u00f6st\u0259rdi ki, g\u00fccl\u00fc, r\u0259\u015fad\u0259tli ordusu olan xalq\u0131n m\u00fcst\u0259qilliyi \u0259b\u0259didir v\u0259 bu ordunun g\u00fcc\u00fc onun \u00f6z xalq\u0131na v\u0259 d\u00f6vl\u0259tin\u0259 s\u0259daq\u0259tin\u0259, V\u0259t\u0259n sevgisin\u0259 \u0259saslan\u0131r. Bu g\u00fcn ba\u015fdan-ba\u015fa b\u00fct\u00fcn V\u0259t\u0259n torpaqlar\u0131nda \u00fc\u00e7r\u0259ngli\u00a0 Az\u0259rbaycan\u00a0 bayra\u011f\u0131 dal\u011falan\u0131r v\u0259 bu da olduqca q\u00fcrurvericidir. Z\u0259f\u0259r parad\u0131 l\u0259yaq\u0259t simvolu, m\u00fcst\u0259qilliyimizin \u0259b\u0259diliyinin n\u00fcmayi\u015fi, h\u0259m d\u0259 xalq\u0131m\u0131z\u0131n V\u0259t\u0259n sevgisinin t\u0259nt\u0259n\u0259si idi.<\/p>\n<p>Z\u0259f\u0259r parad\u0131nda n\u00fcmayi\u015f etdiril\u0259n texnikalar d\u00f6vl\u0259t ba\u015f\u00e7\u0131s\u0131 \u0130lham \u018fliyev t\u0259r\u0259find\u0259n h\u0259rbi sah\u0259y\u0259 g\u00f6st\u0259ril\u0259n diqq\u0259t v\u0259 qay\u011f\u0131n\u0131n n\u0259tic\u0259si idi. Bu paradda \u00a0h\u0259r k\u0259s Az\u0259rbaycan Ordusunun arsenal\u0131n\u0131n m\u00fcasir silahlarla t\u0259chiz edildiyinin \u0259yani \u015fahidi oldu. \u00d6lk\u0259mizin V\u0259t\u0259n m\u00fcharib\u0259si zaman\u0131 g\u00f6st\u0259rdiyi d\u00f6y\u00fc\u015f taktikas\u0131, istifad\u0259 olunan texnikalar b\u00fct\u00fcn d\u00fcnyada maraqla izl\u0259nilirdi. Bu g\u00fcn iftixarla dey\u0259 bil\u0259rik ki, Az\u0259rbaycan Ordusu h\u0259rbi \u0259m\u0259liyyatlar zaman\u0131 \u0259n y\u00fcks\u0259k s\u0259viyy\u0259d\u0259 innovativ yenilikl\u0259ri t\u0259tbiq ed\u0259n ordudur. Azadl\u0131q meydan\u0131nda, Az\u0259rbaycan Silahli Q\u00fcvv\u0259l\u0259rinin 150-d\u0259k h\u0259rbi texnika, o c\u00fcml\u0259d\u0259n silahlanmaya yeni q\u0259bul edilmi\u015f m\u00fcasir h\u0259rbi texnika, raket v\u0259 artilleriya qur\u011fular\u0131, hava h\u00fccumundan m\u00fcdafi\u0259 sisteml\u0259ri v\u0259 h\u0259rbi g\u0259mi v\u0259 katerl\u0259rin n\u00fcmayi\u015f olundu\u011fu anlar tarixin yadda\u015f\u0131na \u0259b\u0259di h\u0259kk olundu.<\/p>\n<p>Az\u0259rbaycan\u0131n tarixi Q\u0259l\u0259b\u0259sin\u0259 h\u0259sr olunmu\u015f parad ordu quruculu\u011funun Az\u0259rbaycan d\u00f6vl\u0259tinin prioritetl\u0259rind\u0259n biri oldu\u011funu g\u00f6st\u0259rdi. T\u0259bii ki, g\u00fccl\u00fc ordu h\u0259m d\u0259 g\u00fccl\u00fc iqtisadiyyat t\u0259l\u0259b edir. Az\u0259rbaycan\u0131n h\u0259r il geni\u015fl\u0259n\u0259n beyn\u0259lxalq enerji layih\u0259l\u0259ri, iqtisadi imkanlar\u0131 h\u0259rbi potensial\u0131n\u0131n inki\u015faf\u0131na z\u0259min yaratd\u0131. Az\u0259rbaycanda istehsal olunan bir \u00e7ox h\u0259rbi t\u0259yinatl\u0131 m\u0259hsullar ordumuzun maddi-texniki bazas\u0131n\u0131 g\u00fccl\u0259ndirdi. Son ill\u0259r \u0259rzind\u0259 20-d\u0259n \u00e7ox h\u0259rbi zavodun tikilm\u0259si, 1200 addan \u00e7ox h\u0259rbi t\u0259yinatl\u0131 m\u00fcxt\u0259lif m\u0259hsullar\u0131n istehsal\u0131 v\u0259 ixrac\u0131, ordumuzun m\u00fcxt\u0259lif \u00f6lk\u0259l\u0259rd\u0259n al\u0131nan m\u00fcasir silah v\u0259 texnikalarla t\u0259min edilm\u0259si Az\u0259rbaycan d\u00f6vl\u0259tinin u\u011furlu h\u0259rbi strategiyas\u0131n\u0131n bariz n\u00fcmun\u0259sidir.<\/p>\n<p>V\u0259t\u0259n m\u00fcharib\u0259sind\u0259 d\u00f6y\u00fc\u015fl\u0259rd\u0259 i\u015ftirak etmi\u015f h\u0259rbi hiss\u0259l\u0259rin d\u00f6y\u00fc\u015f bayraqlar\u0131 m\u00f6ht\u0259\u015f\u0259m Q\u0259l\u0259b\u0259 parad\u0131n\u0131n ke\u00e7irildiyi Azadl\u0131q meydan\u0131na g\u0259tirildi. Onlar\u0131n f\u00f6vq\u00fcnd\u0259 is\u0259 \u015eu\u015fa \u015f\u0259h\u0259rind\u0259 qald\u0131r\u0131lm\u0131\u015f Z\u0259f\u0259r Bayra\u011f\u0131m\u0131z dururdu.\u00a0 M\u00fcz\u0259ff\u0259r Ali Ba\u015f Komandan \u0130lham \u018fliyevin m\u00fcdrik r\u0259hb\u0259rliyi il\u0259 qazand\u0131\u011f\u0131m\u0131z bu m\u00f6ht\u0259\u015f\u0259m Z\u0259f\u0259r h\u0259r birimizin q\u00fcrur m\u0259nb\u0259yin\u0259 \u00e7evrildi, ham\u0131n\u0131, h\u0259tta siyasi bax\u0131\u015flar\u0131 il\u0259 f\u0259rqli m\u00f6vqel\u0259rd\u0259 olan siyasi q\u00fcvv\u0259l\u0259ri d\u0259 birl\u0259\u015fdirdi.<\/p>\n<p>Paradda bizim q\u0259hr\u0259man \u0259sg\u0259r v\u0259 zabitl\u0259rimiz add\u0131mlayanda Erm\u0259nistanda daxili \u00e7axna\u015fmalar ba\u015f verir, etiraz mitinql\u0259ri ke\u00e7irilirdi. Erm\u0259ni c\u0259miyy\u0259tind\u0259ki bu t\u0259lat\u00fcml\u0259r h\u0259l\u0259 d\u0259 davam etm\u0259kd\u0259dir. Hadis\u0259l\u0259rin bel\u0259 gedi\u015fat\u0131 onu g\u00f6st\u0259rir ki, 44 g\u00fcnl\u00fck V\u0259t\u0259n m\u00fcharib\u0259sind\u0259ki m\u0259\u011flubiyy\u0259t eyni zamanda, bu ilin sentyabr\u0131n 19-da ba\u015flad\u0131lan v\u0259 c\u0259mi 24 saatdan da az davam ed\u0259n lokal xarakterli antiterror t\u0259dbirl\u0259ri Erm\u0259nistan\u0131n onillikl\u0259r boyunca h\u0259yata ke\u00e7irdiyi t\u0259cav\u00fczkar, \u015fovinist siyas\u0259tin, erm\u0259ni fa\u015fizminin s\u00fcqutu oldu.<\/p>\n<p>Xalq\u0131m\u0131z\u0131n yadda\u015f\u0131na \u0259b\u0259di h\u0259kk olunan Z\u0259f\u0259r parad\u0131 Az\u0259rbaycan xalq\u0131 \u00fc\u00e7\u00fcn q\u00fcrur, \u015f\u0259r\u0259f, l\u0259yaq\u0259t simvolu, erm\u0259nil\u0259r \u00fc\u00e7\u00fcn is\u0259 m\u0259\u011flubiyy\u0259t, i\u015f\u011fal siyas\u0259tinin ac\u0131 ibr\u0259t d\u0259rsi olaraq tarixl\u0259\u015fdi. Bu, bir daha onu g\u00f6st\u0259rdi ki, pe\u015f\u0259kar ordusu olan xalq\u0131n m\u00fcst\u0259qilliyi \u0259b\u0259didir v\u0259 bu ordunun g\u00fcc\u00fc\u00a0 xalq\u0131na v\u0259 d\u00f6vl\u0259tin\u0259 s\u0259daq\u0259tind\u0259, V\u0259t\u0259n\u0259 sevgisind\u0259dir.<\/p>\n<p>Paradda t\u00fcrk \u0259sg\u0259rinin\u00a0 Az\u0259rbaycan \u0259sg\u0259rl\u0259ri il\u0259 \u00e7iyin-\u00e7iyin\u0259 m\u0259tin add\u0131mlamas\u0131, t\u0259kc\u0259 Bak\u0131 \u015f\u0259h\u0259rinin yox, b\u00fct\u00fcn Az\u0259rbaycan \u015f\u0259h\u0259rl\u0259rinin, k\u0259ndl\u0259rinin T\u00fcrkiy\u0259 v\u0259 Az\u0259rbaycan bayraqlar\u0131 il\u0259 b\u0259z\u0259dilm\u0259si qarda\u015fl\u0131\u011f\u0131m\u0131z\u0131n, birliyimizin ifad\u0259si, r\u0259mzi oldu. Prezident \u0130lham \u018fliyevin dediyi kimi, bu tarixi z\u0259f\u0259r T\u00fcrkiy\u0259-Az\u0259rbaycan birliyinin t\u0259c\u0259ss\u00fcm\u00fcd\u00fcr.<\/p>\n","protected":false},"excerpt":{"rendered":"<p>\u00dc\u00e7 il bundan \u0259vv\u0259l-10 dekabr 2020-ci ild\u0259 Bak\u0131n\u0131n Azadl\u0131q meydan\u0131nda ke\u00e7iril\u0259n\u00a0 Z\u0259f\u0259r parad\u0131 h\u0259r birimizi q\u00fcrurland\u0131rd\u0131, \u00fcr\u0259yimizi f\u0259r\u0259h hissi il\u0259 doldurdu. Bu Z\u0259f\u0259r parad\u0131 M\u00fcz\u0259ff\u0259r Prezident, Ali Ba\u015f Komandan \u0130lham \u018fliyevin, Az\u0259rbaycan Ordusunun, xalq-ordu birliyinin v\u0259 h\u0259mr\u0259yliyinin t\u0259nt\u0259n\u0259si, V\u0259t\u0259n m\u00fcharib\u0259sind\u0259ki Z\u0259f\u0259rimizin n\u00fcmayi\u015fi idi. Bu, 200 ilin \u0259n m\u00f6ht\u0259\u015f\u0259m, \u0259n parlaq h\u0259rb tarixini yazan Az\u0259rbaycan Ordusunun q\u00fcdr\u0259tini \u00f6z\u00fcnd\u0259 t\u0259zah\u00fcr etdirirdi. Z\u0259f\u0259r parad\u0131 t\u0259kc\u0259 Az\u0259rbaycan xalq\u0131na deyil, b\u00fct\u00fcn t\u00fcrk d\u00fcnyas\u0131na, \u0130slam al\u0259min\u0259 \u0259v\u0259zolunmaz\u00a0 hissl\u0259r ya\u015fatd\u0131. Z\u0259f\u0259r parad\u0131na haz\u0131rl\u0131qla ba\u011fl\u0131 Ali Ba\u015f Komandan, d\u00f6vl\u0259timizin ba\u015f\u00e7\u0131s\u0131 \u0130lham \u018fliyevin dediyi bu s\u00f6zl\u0259r m\u00f6ht\u0259\u015f\u0259m t\u0259dbirin Az\u0259rbaycan\u0131n&hellip;<\/p>\n","protected":false},"author":2,"featured_media":665242,"comment_status":"closed","ping_status":"closed","sticky":false,"template":"","format":"standard","meta":{"om_disable_all_campaigns":false,"_monsterinsights_skip_tracking":false,"_monsterinsights_sitenote_active":false,"_monsterinsights_sitenote_note":"","_monsterinsights_sitenote_category":0},"categories":[19],"tags":[],"aioseo_notices":[],"gutentor_comment":0,"rttpg_featured_image_url":{"full":["https:\/\/arantv.az\/wp-content\/uploads\/2023\/12\/97ffcbd9170178516040021234510082627.jpg",975,540,false],"landscape":["https:\/\/arantv.az\/wp-content\/uploads\/2023\/12\/97ffcbd9170178516040021234510082627.jpg",975,540,false],"portraits":["https:\/\/arantv.az\/wp-content\/uploads\/2023\/12\/97ffcbd9170178516040021234510082627.jpg",975,540,false],"thumbnail":["https:\/\/arantv.az\/wp-content\/uploads\/2023\/12\/97ffcbd9170178516040021234510082627-500x280.jpg",500,280,true],"medium":["https:\/\/arantv.az\/wp-content\/uploads\/2023\/12\/97ffcbd9170178516040021234510082627-660x365.jpg",660,365,true],"large":["https:\/\/arantv.az\/wp-content\/uploads\/2023\/12\/97ffcbd9170178516040021234510082627-840x465.jpg",640,354,true],"1536x1536":["https:\/\/arantv.az\/wp-content\/uploads\/2023\/12\/97ffcbd9170178516040021234510082627.jpg",975,540,false],"2048x2048":["https:\/\/arantv.az\/wp-content\/uploads\/2023\/12\/97ffcbd9170178516040021234510082627.jpg",975,540,false],"post-thumbnail":["https:\/\/arantv.az\/wp-content\/uploads\/2023\/12\/97ffcbd9170178516040021234510082627-240x172.jpg",240,172,true],"advps-thumb-one":["https:\/\/arantv.az\/wp-content\/uploads\/2023\/12\/97ffcbd9170178516040021234510082627.jpg",975,540,false]},"rttpg_author":{"display_name":"V\u00fcsal Rafiqo\u011flu","author_link":"https:\/\/arantv.az\/?author=2"},"rttpg_comment":0,"rttpg_category":"<a href=\"https:\/\/arantv.az\/?cat=19\" rel=\"category\">G\u00fcnd\u0259m<\/a>","rttpg_excerpt":"\u00dc\u00e7 il bundan \u0259vv\u0259l-10 dekabr 2020-ci ild\u0259 Bak\u0131n\u0131n Azadl\u0131q meydan\u0131nda ke\u00e7iril\u0259n\u00a0 Z\u0259f\u0259r parad\u0131 h\u0259r birimizi q\u00fcrurland\u0131rd\u0131, \u00fcr\u0259yimizi f\u0259r\u0259h hissi il\u0259 doldurdu. Bu Z\u0259f\u0259r parad\u0131 M\u00fcz\u0259ff\u0259r Prezident, Ali Ba\u015f Komandan \u0130lham \u018fliyevin, Az\u0259rbaycan Ordusunun, xalq-ordu birliyinin v\u0259 h\u0259mr\u0259yliyinin t\u0259nt\u0259n\u0259si, V\u0259t\u0259n m\u00fcharib\u0259sind\u0259ki Z\u0259f\u0259rimizin n\u00fcmayi\u015fi idi. Bu, 200 ilin \u0259n m\u00f6ht\u0259\u015f\u0259m, \u0259n parlaq h\u0259rb tarixini yazan Az\u0259rbaycan Ordusunun&hellip;","_links":{"self":[{"href":"https:\/\/arantv.az\/index.php?rest_route=\/wp\/v2\/posts\/665241"}],"collection":[{"href":"https:\/\/arantv.az\/index.php?rest_route=\/wp\/v2\/posts"}],"about":[{"href":"https:\/\/arantv.az\/index.php?rest_route=\/wp\/v2\/types\/post"}],"author":[{"embeddable":true,"href":"https:\/\/arantv.az\/index.php?rest_route=\/wp\/v2\/users\/2"}],"replies":[{"embeddable":true,"href":"https:\/\/arantv.az\/index.php?rest_route=%2Fwp%2Fv2%2Fcomments&post=665241"}],"version-history":[{"count":0,"href":"https:\/\/arantv.az\/index.php?rest_route=\/wp\/v2\/posts\/665241\/revisions"}],"wp:featuredmedia":[{"embeddable":true,"href":"https:\/\/arantv.az\/index.php?rest_route=\/wp\/v2\/media\/665242"}],"wp:attachment":[{"href":"https:\/\/arantv.az\/index.php?rest_route=%2Fwp%2Fv2%2Fmedia&parent=665241"}],"wp:term":[{"taxonomy":"category","embeddable":true,"href":"https:\/\/arantv.az\/index.php?rest_route=%2Fwp%2Fv2%2Fcategories&post=665241"},{"taxonomy":"post_tag","embeddable":true,"href":"https:\/\/arantv.az\/index.php?rest_route=%2Fwp%2Fv2%2Ftags&post=665241"}],"curies":[{"name":"wp","href":"https:\/\/api.w.org\/{rel}","templated":true}]}}