{"id":665244,"date":"2023-12-06T09:57:18","date_gmt":"2023-12-06T05:57:18","guid":{"rendered":"https:\/\/arantv.az\/?p=665244"},"modified":"2023-12-06T09:57:18","modified_gmt":"2023-12-06T05:57:18","slug":"bizim-polisl%c9%99r-bizd%c9%99n-olmayan-t%c9%99xribatcilar","status":"publish","type":"post","link":"https:\/\/arantv.az\/?p=665244","title":{"rendered":"Bizim polisl\u0259r, bizd\u0259n olmayan t\u0259xribat\u00e7\u0131lar"},"content":{"rendered":"<p><u><strong>K\u00fcnc z\u0259rb\u0259si<\/strong><\/u><\/p>\n<p><em><strong>Radikal m\u00fcxalif\u0259t \u00f6lk\u0259mizd\u0259ki sabitlikd\u0259n niy\u0259 narahatd\u0131r?<\/strong><\/em><\/p>\n<p>Az\u0259rbaycan\u0131n ist\u0259r sosial-iqtisadi sah\u0259d\u0259 \u0259ld\u0259 etdiyi u\u011furlar\u0131, ist\u0259rs\u0259 d\u0259 V\u0259t\u0259n m\u00fcharib\u0259sind\u0259 qazand\u0131\u011f\u0131 Q\u0259l\u0259b\u0259ni \u015f\u0259rtl\u0259ndir\u0259n \u0259n m\u00fch\u00fcm amill\u0259rd\u0259n biri d\u0259 \u00f6lk\u0259mizd\u0259 kriminogen durumun n\u0259zar\u0259td\u0259 saxlan\u0131lmas\u0131 v\u0259 sabitliyin m\u00f6vcudlu\u011fudur. Bu sah\u0259d\u0259ki stabillik bax\u0131m\u0131ndan Az\u0259rbaycan t\u0259kc\u0259 regionda deyil, d\u00fcnyada n\u00fcmun\u0259 g\u00f6st\u0259ril\u0259 bil\u0259c\u0259k d\u00f6vl\u0259tl\u0259r s\u0131ras\u0131ndad\u0131r. T\u0259sad\u00fcfi deyil ki, \u00f6lk\u0259d\u0259ki sabitlik paytaxt Bak\u0131ya v\u0259 regionlar\u0131m\u0131za g\u0259l\u0259n qonaqlar\u0131, turistl\u0259ri yax\u015f\u0131 m\u0259nada t\u0259\u0259cc\u00fcbl\u0259ndirir. Ax\u0131 indiki vaxtda h\u0259tta AB\u015e v\u0259 Avropan\u0131n meqapolisl\u0259rind\u0259 bel\u0259 bizd\u0259ki kimi x\u00fcsusil\u0259 gec\u0259 saatlar\u0131ndak\u00fc\u00e7\u0259 v\u0259 meydanlarda rahat, t\u0259hl\u00fck\u0259siz dola\u015fmaq m\u00fcmk\u00fcn deyil. Bu sabitliyin t\u0259minat\u00e7\u0131lar\u0131, qanunlar\u0131n qoruyucular\u0131 olan polisl\u0259rimizi \u015f\u0259r v\u0259 b\u00f6htandan, iftiralardan qorumaq da bizim, y\u0259ni, c\u0259miyy\u0259timizin h\u0259r bir f\u0259rdinin borcudur. Az\u0259rbaycanda \u00f6t\u0259n \u0259srin doxsan\u0131nc\u0131 ill\u0259rind\u0259 oldu\u011fu kimi xaos, qar\u0131\u015f\u0131ql\u0131q, qanunlara qar\u015f\u0131 h\u00f6rm\u0259tsizlik v\u0259 ita\u0259tsizlik arzulayan t\u0259xribat\u00e7\u0131lar is\u0259 bizl\u0259rd\u0259n deyil, ya d\u00fc\u015fm\u0259n, ya da satq\u0131nd\u0131rlar.<\/p>\n<p>Son g\u00fcnl\u0259r asayi\u015f ke\u015fik\u00e7il\u0259rimiz\u0259 qar\u015f\u0131 \u201cqara piar\u201d kampaniyas\u0131na ba\u015flayan, polisin qanuni t\u0259l\u0259bl\u0259rin\u0259 tabe olmayanlara qar\u015f\u0131 g\u00f6rd\u00fcy\u00fc t\u0259dbirl\u0259ri m\u0259qs\u0259dli \u015f\u0259kild\u0259 ba\u015fqa c\u00fcr t\u0259qdim etm\u0259y\u0259 \u00e7al\u0131\u015fan ba\u015fda AXCP s\u0259dri \u018fli K\u0259rimli olmaqla radikal m\u00fcxalif\u0259tin t\u0259msil\u00e7il\u0259ri kimi. A\u00e7\u0131q g\u00f6r\u00fcn\u00fcr ki, onlara bu q\u0259r\u0259zli t\u0259bli\u011fat\u0131 geni\u015fl\u0259ndirm\u0259k, xalqla polis aras\u0131nda ayr\u0131-se\u00e7kilik salmaq sifari\u015fi verilib. M\u0259qs\u0259d d\u0259 ayd\u0131nd\u0131r: \u00d6z eloktorat\u0131n\u0131, n\u00fcfuzunu tamamil\u0259 itirmi\u015f, siyasi m\u00fcbariz\u0259 vasit\u0259sil\u0259 he\u00e7 n\u0259y\u0259 nail ola bilm\u0259y\u0259c\u0259yini yax\u015f\u0131 ba\u015fa d\u00fc\u015f\u0259n, xalq\u0131n g\u00f6z\u00fcnd\u0259n d\u00fc\u015fm\u00fc\u015f bu xainl\u0259r n\u0259 yolla olursa-olsun Az\u0259rbaycan\u0131n imicini z\u0259d\u0259l\u0259m\u0259y\u0259 \u00e7al\u0131\u015f\u0131rlar. Eynil\u0259 bir m\u00fcdd\u0259t \u0259vv\u0259l G\u0259d\u0259b\u0259y rayonunun S\u00f6y\u00fcdl\u00fc k\u0259ndind\u0259 ba\u015f ver\u0259n hadis\u0259l\u0259r zaman\u0131 oldu\u011fu kimi, bu d\u0259f\u0259 d\u0259 h\u0259d\u0259f polisl\u0259rimizdir. \u018fli k\u0259rimlil\u0259rin, tofiq yaqublular\u0131n, fuad q\u0259hr\u0259manl\u0131lar\u0131n gah \u0259slind\u0259 jurnalistikaya aidiyy\u0259ti olmayanlar\u0131 \u201cjurnalist\u201d kimi t\u0259qdim ed\u0259r\u0259k guya polisl\u0259rin onlar\u0131n \u201cpe\u015f\u0259 f\u0259aliyy\u0259tin\u0259\u201d mane\u0259 yaratd\u0131qlar\u0131n\u0131 b\u0259yan etm\u0259l\u0259ri, gah Q\u0259b\u0259l\u0259d\u0259 ba\u015f vermi\u015f adi hadis\u0259ni b\u00f6y\u00fcd\u00fcb, \u015fi\u015firdib \u201cmilli faci\u0259\u201d s\u0259viyy\u0259sin\u0259 qald\u0131rmalar\u0131 xo\u015f niyy\u0259td\u0259n qaynaqlanm\u0131r h\u0259r halda.<\/p>\n<p>\u018flb\u0259td\u0259, b\u00fct\u00fcn sah\u0259l\u0259rd\u0259 oldu\u011fu kimi, Daxili \u0130\u015fl\u0259r Nazirliyinin (D\u0130N) \u00e7oxminlik \u015f\u0259xsi hey\u0259ti i\u00e7\u0259risind\u0259 \u00f6z i\u015fin\u0259 vicdanla, pe\u015f\u0259karl\u0131qla yana\u015fmayan \u0259m\u0259kda\u015flar\u0131n\u0131n olmas\u0131 m\u00fcmk\u00fcnd\u00fcr v\u0259 bu, tamamil\u0259 t\u0259bii hald\u0131r. Yeri g\u0259lmi\u015fk\u0259n, bel\u0259 neqativ hallar a\u015fkar olunduqda nazirliyin r\u0259hb\u0259rliyi t\u0259r\u0259find\u0259n d\u0259rhal laz\u0131mi \u00f6l\u00e7\u00fc g\u00f6t\u00fcr\u00fcl\u00fcr, h\u0259min \u0259m\u0259kda\u015f qanunvericiliy\u0259 uy\u011fun c\u0259zaland\u0131r\u0131l\u0131r. Ancaq radikal m\u00fcxalif\u0259tin \u201ch\u0259d\u0259fi\u201d f\u0259rdi polis n\u0259f\u0259rl\u0259ri deyil. Onlar qanun ke\u015fik\u00e7il\u0259rimiz haqq\u0131nda \u015f\u0259r, b\u00f6htan dolu h\u0259dyanlar yaymaqla b\u00fct\u00fcn bir g\u00fcc strukturunu, bununla da d\u00f6vl\u0259timizi n\u00fcfuzdan salma\u011fa \u00e7al\u0131\u015f\u0131rlar. \u00c7\u00fcnki onlara bel\u0259 tap\u015f\u0131r\u0131q verilib, onlar bel\u0259 xain add\u0131mlar atmalar\u0131 \u00fc\u00e7\u00fcn maliyy\u0259l\u0259\u015fdirilir.<\/p>\n<p>Sifari\u015f yerin\u0259 yetir\u0259n bu antimilli \u00fcns\u00fcrl\u0259r guya bilmirl\u0259r ki, onlar\u0131n a\u011falar\u0131n\u0131n \u00f6z \u00f6lk\u0259l\u0259rind\u0259 polis dinc n\u00fcmayi\u015f\u00e7il\u0259r\u0259 nec\u0259 q\u0259ddarl\u0131qla divan tutur, rahatl\u0131qla, \u00f6z kefl\u0259rin\u0259 uy\u011fun silahlar\u0131n\u0131 \u00e7\u0259kib xo\u015flar\u0131 g\u0259lm\u0259y\u0259nl\u0259ti g\u00fcll\u0259l\u0259yir, insanlar\u0131 atlar\u0131n tapda\u011f\u0131 alt\u0131nda \u0259zirl\u0259r? B\u0259lk\u0259 AB\u015e-da s\u0131rf qarad\u0259rili oldu\u011fu \u00fc\u00e7\u00fcn polis t\u0259r\u0259find\u0259n q\u0259tl\u0259 yetiril\u0259n \u201cdemokratiya \u00f6lk\u0259si\u201d v\u0259t\u0259nda\u015flar\u0131ndan x\u0259b\u0259rl\u0259ri yoxdur? Ya \u018fli K\u0259rimlinin v\u0259 d\u0259st\u0259sinin d\u00f6rd\u0259lli m\u00fcdafi\u0259 etdikl\u0259ri Fransada pensiya islahatlar\u0131na etiraz ed\u0259n t\u0259qa\u00fcd\u00e7\u00fcl\u0259r\u0259 qar\u015f\u0131 polisin davran\u0131\u015flar\u0131n\u0131 unutmu\u015fuq?<\/p>\n<p>Kimdir Az\u0259rbaycan polisi? B\u0259lk\u0259 haradansa k\u0259nardan g\u0259libl\u0259r? Ax\u0131 onlar bizim \u00f6z qarda\u015flar\u0131m\u0131z, \u00f6z \u00f6vladlar\u0131m\u0131zd\u0131r. Hans\u0131m\u0131z\u0131nsa \u0259misi o\u011flu, day\u0131s\u0131 o\u011flu, yax\u0131n qohumudur. Onlar torpaqlar\u0131m\u0131z\u0131n azadl\u0131\u011f\u0131 u\u011frunda d\u00f6y\u00fc\u015fl\u0259r\u0259 qat\u0131lm\u0131\u015f, ne\u00e7\u0259si \u015f\u0259hidlik zirv\u0259sin\u0259 ucalm\u0131\u015f q\u0259hr\u0259man o\u011fullar\u0131m\u0131zd\u0131r. Dem\u0259li, bu g\u00fcn \u0259li k\u0259rimlil\u0259rin, tofiq yaqublular\u0131n, fuad q\u0259hr\u0259manl\u0131lar\u0131n v\u0259 dig\u0259r bel\u0259 \u00fcns\u00fcrl\u0259rin polisl\u0259rimiz\u0259 qar\u015f\u0131 h\u0259r hans\u0131 q\u0259r\u0259z, kin dolu fikirl\u0259ri qarda\u015f\u0131m\u0131za, \u00f6vlad\u0131m\u0131za, \u0259mimiz o\u011fluna, day\u0131m\u0131z o\u011fluna, dolay\u0131s\u0131 il\u0259 biz\u0259, h\u0259r birimiz\u0259 v\u0259 b\u00fct\u00fcn xalq\u0131m\u0131za qar\u015f\u0131 y\u00f6n\u0259lib. Dem\u0259li, d\u00fc\u015fm\u0259n ham\u0131m\u0131z\u0131 h\u0259d\u0259f alma\u011fa \u00e7al\u0131\u015f\u0131r. Cavablar\u0131n\u0131 da h\u0259mi\u015f\u0259 oldu\u011fu kimi, birlikd\u0259 verm\u0259liyik. Ver\u0259c\u0259yik d\u0259&#8230;<\/p>\n","protected":false},"excerpt":{"rendered":"<p>K\u00fcnc z\u0259rb\u0259si Radikal m\u00fcxalif\u0259t \u00f6lk\u0259mizd\u0259ki sabitlikd\u0259n niy\u0259 narahatd\u0131r? Az\u0259rbaycan\u0131n ist\u0259r sosial-iqtisadi sah\u0259d\u0259 \u0259ld\u0259 etdiyi u\u011furlar\u0131, ist\u0259rs\u0259 d\u0259 V\u0259t\u0259n m\u00fcharib\u0259sind\u0259 qazand\u0131\u011f\u0131 Q\u0259l\u0259b\u0259ni \u015f\u0259rtl\u0259ndir\u0259n \u0259n m\u00fch\u00fcm amill\u0259rd\u0259n biri d\u0259 \u00f6lk\u0259mizd\u0259 kriminogen durumun n\u0259zar\u0259td\u0259 saxlan\u0131lmas\u0131 v\u0259 sabitliyin m\u00f6vcudlu\u011fudur. Bu sah\u0259d\u0259ki stabillik bax\u0131m\u0131ndan Az\u0259rbaycan t\u0259kc\u0259 regionda deyil, d\u00fcnyada n\u00fcmun\u0259 g\u00f6st\u0259ril\u0259 bil\u0259c\u0259k d\u00f6vl\u0259tl\u0259r s\u0131ras\u0131ndad\u0131r. T\u0259sad\u00fcfi deyil ki, \u00f6lk\u0259d\u0259ki sabitlik paytaxt Bak\u0131ya v\u0259 regionlar\u0131m\u0131za g\u0259l\u0259n qonaqlar\u0131, turistl\u0259ri yax\u015f\u0131 m\u0259nada t\u0259\u0259cc\u00fcbl\u0259ndirir. Ax\u0131 indiki vaxtda h\u0259tta AB\u015e v\u0259 Avropan\u0131n meqapolisl\u0259rind\u0259 bel\u0259 bizd\u0259ki kimi x\u00fcsusil\u0259 gec\u0259 saatlar\u0131ndak\u00fc\u00e7\u0259 v\u0259 meydanlarda rahat, t\u0259hl\u00fck\u0259siz dola\u015fmaq m\u00fcmk\u00fcn deyil. Bu sabitliyin t\u0259minat\u00e7\u0131lar\u0131, qanunlar\u0131n qoruyucular\u0131&hellip;<\/p>\n","protected":false},"author":2,"featured_media":665245,"comment_status":"closed","ping_status":"closed","sticky":false,"template":"","format":"standard","meta":{"om_disable_all_campaigns":false,"_monsterinsights_skip_tracking":false,"_monsterinsights_sitenote_active":false,"_monsterinsights_sitenote_note":"","_monsterinsights_sitenote_category":0},"categories":[1],"tags":[],"aioseo_notices":[],"gutentor_comment":0,"rttpg_featured_image_url":{"full":["https:\/\/arantv.az\/wp-content\/uploads\/2023\/12\/92a08bf9170179333883431212310233719.jpg",975,540,false],"landscape":["https:\/\/arantv.az\/wp-content\/uploads\/2023\/12\/92a08bf9170179333883431212310233719.jpg",975,540,false],"portraits":["https:\/\/arantv.az\/wp-content\/uploads\/2023\/12\/92a08bf9170179333883431212310233719.jpg",975,540,false],"thumbnail":["https:\/\/arantv.az\/wp-content\/uploads\/2023\/12\/92a08bf9170179333883431212310233719-500x280.jpg",500,280,true],"medium":["https:\/\/arantv.az\/wp-content\/uploads\/2023\/12\/92a08bf9170179333883431212310233719-660x365.jpg",660,365,true],"large":["https:\/\/arantv.az\/wp-content\/uploads\/2023\/12\/92a08bf9170179333883431212310233719-840x465.jpg",640,354,true],"1536x1536":["https:\/\/arantv.az\/wp-content\/uploads\/2023\/12\/92a08bf9170179333883431212310233719.jpg",975,540,false],"2048x2048":["https:\/\/arantv.az\/wp-content\/uploads\/2023\/12\/92a08bf9170179333883431212310233719.jpg",975,540,false],"post-thumbnail":["https:\/\/arantv.az\/wp-content\/uploads\/2023\/12\/92a08bf9170179333883431212310233719-240x172.jpg",240,172,true],"advps-thumb-one":["https:\/\/arantv.az\/wp-content\/uploads\/2023\/12\/92a08bf9170179333883431212310233719.jpg",975,540,false]},"rttpg_author":{"display_name":"V\u00fcsal Rafiqo\u011flu","author_link":"https:\/\/arantv.az\/?author=2"},"rttpg_comment":0,"rttpg_category":"<a href=\"https:\/\/arantv.az\/?cat=1\" rel=\"category\">C\u0259miyy\u0259t<\/a>","rttpg_excerpt":"K\u00fcnc z\u0259rb\u0259si Radikal m\u00fcxalif\u0259t \u00f6lk\u0259mizd\u0259ki sabitlikd\u0259n niy\u0259 narahatd\u0131r? Az\u0259rbaycan\u0131n ist\u0259r sosial-iqtisadi sah\u0259d\u0259 \u0259ld\u0259 etdiyi u\u011furlar\u0131, ist\u0259rs\u0259 d\u0259 V\u0259t\u0259n m\u00fcharib\u0259sind\u0259 qazand\u0131\u011f\u0131 Q\u0259l\u0259b\u0259ni \u015f\u0259rtl\u0259ndir\u0259n \u0259n m\u00fch\u00fcm amill\u0259rd\u0259n biri d\u0259 \u00f6lk\u0259mizd\u0259 kriminogen durumun n\u0259zar\u0259td\u0259 saxlan\u0131lmas\u0131 v\u0259 sabitliyin m\u00f6vcudlu\u011fudur. Bu sah\u0259d\u0259ki stabillik bax\u0131m\u0131ndan Az\u0259rbaycan t\u0259kc\u0259 regionda deyil, d\u00fcnyada n\u00fcmun\u0259 g\u00f6st\u0259ril\u0259 bil\u0259c\u0259k d\u00f6vl\u0259tl\u0259r s\u0131ras\u0131ndad\u0131r. T\u0259sad\u00fcfi deyil ki, \u00f6lk\u0259d\u0259ki sabitlik paytaxt&hellip;","_links":{"self":[{"href":"https:\/\/arantv.az\/index.php?rest_route=\/wp\/v2\/posts\/665244"}],"collection":[{"href":"https:\/\/arantv.az\/index.php?rest_route=\/wp\/v2\/posts"}],"about":[{"href":"https:\/\/arantv.az\/index.php?rest_route=\/wp\/v2\/types\/post"}],"author":[{"embeddable":true,"href":"https:\/\/arantv.az\/index.php?rest_route=\/wp\/v2\/users\/2"}],"replies":[{"embeddable":true,"href":"https:\/\/arantv.az\/index.php?rest_route=%2Fwp%2Fv2%2Fcomments&post=665244"}],"version-history":[{"count":0,"href":"https:\/\/arantv.az\/index.php?rest_route=\/wp\/v2\/posts\/665244\/revisions"}],"wp:featuredmedia":[{"embeddable":true,"href":"https:\/\/arantv.az\/index.php?rest_route=\/wp\/v2\/media\/665245"}],"wp:attachment":[{"href":"https:\/\/arantv.az\/index.php?rest_route=%2Fwp%2Fv2%2Fmedia&parent=665244"}],"wp:term":[{"taxonomy":"category","embeddable":true,"href":"https:\/\/arantv.az\/index.php?rest_route=%2Fwp%2Fv2%2Fcategories&post=665244"},{"taxonomy":"post_tag","embeddable":true,"href":"https:\/\/arantv.az\/index.php?rest_route=%2Fwp%2Fv2%2Ftags&post=665244"}],"curies":[{"name":"wp","href":"https:\/\/api.w.org\/{rel}","templated":true}]}}