{"id":665362,"date":"2023-12-06T11:58:08","date_gmt":"2023-12-06T07:58:08","guid":{"rendered":"https:\/\/arantv.az\/?p=665362"},"modified":"2023-12-06T11:58:08","modified_gmt":"2023-12-06T07:58:08","slug":"az%c9%99rbaycan-turkiy%c9%99-arasinda-h%c9%99rbi-%c9%99m%c9%99kdasliq-m%c9%99s%c9%99l%c9%99l%c9%99ri-muzakir%c9%99-edilib-foto","status":"publish","type":"post","link":"https:\/\/arantv.az\/?p=665362","title":{"rendered":"Az\u0259rbaycan-T\u00fcrkiy\u0259 aras\u0131nda h\u0259rbi \u0259m\u0259kda\u015fl\u0131q m\u0259s\u0259l\u0259l\u0259ri m\u00fczakir\u0259 edilib &#8211; FOTO"},"content":{"rendered":"<p>Az\u0259rbaycan\u0131n m\u00fcdafi\u0259 naziri general-polkovnik Zakir H\u0259s\u0259nov 15-ci Az\u0259rbaycan-T\u00fcrkiy\u0259 Y\u00fcks\u0259ks\u0259viyy\u0259li H\u0259rbi Dialoq \u0130clas\u0131nda i\u015ftirak etm\u0259k \u00fc\u00e7\u00fcn \u00f6lk\u0259mizd\u0259 r\u0259smi s\u0259f\u0259rd\u0259 olan T\u00fcrkiy\u0259 Respublikas\u0131 Silahl\u0131 Q\u00fcvv\u0259l\u0259rinin Ba\u015f Q\u0259rargah\u0131n\u0131n 2-ci r\u0259isi ordu general\u0131 \u0130rfan \u00d6zsert il\u0259 g\u00f6r\u00fc\u015f\u00fcb.<\/p>\n<p>Bu bar\u0259d\u0259 M\u00fcdafi\u0259 Nazirliyind\u0259n m\u0259lumat verilib.<\/p>\n<p>G\u00f6r\u00fc\u015fd\u0259n \u0259vv\u0259l t\u00fcrkiy\u0259li n\u00fcmay\u0259nd\u0259 hey\u0259ti F\u0259xri xiyabanda xalq\u0131m\u0131z\u0131n \u00fcmummilli lideri Heyd\u0259r \u018fliyevin v\u0259 g\u00f6rk\u0259mli oftalmoloq-alim, akademik Z\u0259rif\u0259 \u018fliyevan\u0131n m\u0259zarlar\u0131n\u0131, h\u0259m\u00e7inin \u015e\u0259hidl\u0259r xiyaban\u0131 v\u0259 T\u00fcrk \u015e\u0259hidliyini ziyar\u0259t ed\u0259r\u0259k \u0259klil v\u0259 g\u00fcl d\u0259st\u0259l\u0259ri qoyub, xatir\u0259l\u0259rin\u0259 d\u0259rin ehtiram n\u00fcmayi\u015f etdirib.<\/p>\n<p>Sonra M\u00fcdafi\u0259 Nazirliyind\u0259 g\u00f6r\u00fc\u015f ke\u00e7irilib.<\/p>\n<p>General-polkovnik Z.H\u0259s\u0259nov qonaqlar\u0131 salamlayaraq onlar\u0131 \u00f6lk\u0259mizd\u0259 g\u00f6rm\u0259kd\u0259n m\u0259mnun oldu\u011funu bildirib. Az\u0259rbaycanla T\u00fcrkiy\u0259 aras\u0131nda h\u0259rbi \u0259m\u0259kda\u015fl\u0131\u011f\u0131n y\u00fcks\u0259k s\u0259viyy\u0259d\u0259 oldu\u011funu x\u00fcsusi vur\u011fulayan nazir bu istiqam\u0259td\u0259 g\u00f6r\u00fcl\u0259n i\u015fl\u0259rin bundan sonra da davam etdirilm\u0259sinin \u0259h\u0259miyy\u0259tini vur\u011fulay\u0131b.<\/p>\n<p>Az\u0259rbaycana s\u0259f\u0259rind\u0259n m\u0259mnunlu\u011funu ifad\u0259 ed\u0259n ordu general\u0131 \u0130.\u00d6zsert g\u00f6st\u0259ril\u0259n qonaqp\u0259rv\u0259rliy\u0259 v\u0259 s\u0259mimi m\u00fcnasib\u0259t\u0259, el\u0259c\u0259 d\u0259 h\u0259r iki qarda\u015f \u00f6lk\u0259nin h\u0259rb\u00e7il\u0259rinin Bak\u0131da n\u00f6vb\u0259ti g\u00f6r\u00fc\u015f\u00fcn\u00fcn t\u0259\u015fkilin\u0259 g\u00f6r\u0259 general-polkovnik Z.H\u0259s\u0259nova minn\u0259tdarl\u0131\u011f\u0131n\u0131 bildirib.<\/p>\n<p>\u00d6lk\u0259l\u0259rimiz aras\u0131nda qar\u015f\u0131l\u0131ql\u0131 inam, etimad v\u0259 d\u0259st\u0259y\u0259 \u0259saslanan \u0259m\u0259kda\u015fl\u0131\u011f\u0131n bundan sonra da u\u011furla inki\u015faf etdiril\u0259c\u0259yin\u0259 \u0259minlik ifad\u0259 olunub. Az\u0259rbaycan v\u0259 T\u00fcrkiy\u0259 aras\u0131nda strateji m\u00fctt\u0259fiqliyin dostluq v\u0259 qarda\u015fl\u0131q m\u00fcnasib\u0259tl\u0259ri \u00fcz\u0259rind\u0259 quruldu\u011fu qeyd edilib.<\/p>\n<p>G\u00f6r\u00fc\u015fd\u0259 Az\u0259rbaycan v\u0259 T\u00fcrkiy\u0259 respublikalar\u0131 aras\u0131nda h\u0259rbi, h\u0259rbi-texniki, h\u0259rbi-t\u0259hsil v\u0259 dig\u0259r sah\u0259l\u0259rd\u0259 \u0259m\u0259kda\u015fl\u0131\u011f\u0131n inki\u015faf perspektivl\u0259ri, h\u0259m\u00e7inin regional t\u0259hl\u00fck\u0259sizlik v\u0259 qar\u015f\u0131l\u0131ql\u0131 maraq do\u011furan bir s\u0131ra m\u0259s\u0259l\u0259l\u0259r m\u00fczakir\u0259 olunub.<\/p>\n<p>Sonra m\u00fcdafi\u0259 nazirinin birinci m\u00fcavini, Az\u0259rbaycan Ordusunun Ba\u015f Q\u0259rargah r\u0259isi general-polkovnik K\u0259rim V\u0259liyev T\u00fcrkiy\u0259 n\u00fcmay\u0259nd\u0259 hey\u0259ti il\u0259 g\u00f6r\u00fc\u015f\u00fcb.<\/p>\n<p>Ba\u015f Q\u0259rargahda ke\u00e7iril\u0259n g\u00f6r\u00fc\u015fd\u0259 Az\u0259rbaycan v\u0259 T\u00fcrkiy\u0259 aras\u0131nda strateji t\u0259r\u0259fda\u015fl\u0131\u011f\u0131n y\u00fcks\u0259l\u0259n x\u0259tl\u0259 inki\u015faf etdiyi qeyd olunub. H\u0259r iki \u00f6lk\u0259nin h\u0259rbi qulluq\u00e7ular\u0131n\u0131n bilik v\u0259 bacar\u0131qlar\u0131n\u0131n daha da t\u0259kmill\u0259\u015fdirilm\u0259si m\u0259qs\u0259dil\u0259 ke\u00e7iril\u0259n birg\u0259 t\u0259liml\u0259rin intensivliyinin art\u0131r\u0131lmas\u0131n\u0131n \u0259h\u0259miyy\u0259ti x\u00fcsusi vur\u011fulan\u0131b.<\/p>\n<p>&nbsp;<\/p>\n<div class=\"gallery\">\n<div class=\"gallery-i\"><img src=\"https:\/\/cdn.oxu.az\/uploads\/W1siZiIsIjIwMjMvMTIvMDYvMTEvNDEvMzYvZGMwNWYxNTMtMWM3ZC00ZmQzLWI5NjUtZWU3N2E1ZTEyZmVlLzlkNjMzOGMyZmUxYjhiOWI5NzMzMDAzYjdkMjE4NGY0LmpwZyJdLFsicCIsImVuY29kZSIsImpwZyIsIi1xdWFsaXR5IDgwIl0sWyJwIiwidGh1bWIiLCI1OTB4NTkwXHUwMDNlIl1d?sha=cd1705e492b9c5c4\" alt=\"\" \/><\/p>\n<div class=\"gallery-i-caption\"><\/div>\n<\/div>\n<div class=\"gallery-i\"><img src=\"https:\/\/cdn.oxu.az\/uploads\/W1siZiIsIjIwMjMvMTIvMDYvMTEvNDEvMzYvMDM5ZWYwYjMtODFiMS00OGViLTkyMDktOTNjNWNkM2YwM2JiLzQ3M2Q3NTMzYjU4YTAwMjAxNGVkNGRlYzMxODAzOWNiLmpwZyJdLFsicCIsImVuY29kZSIsImpwZyIsIi1xdWFsaXR5IDgwIl0sWyJwIiwidGh1bWIiLCI1OTB4NTkwXHUwMDNlIl1d?sha=263c56c265045b3b\" alt=\"\" \/><\/p>\n<div class=\"gallery-i-caption\"><\/div>\n<\/div>\n<div class=\"gallery-i\"><img src=\"https:\/\/cdn.oxu.az\/uploads\/W1siZiIsIjIwMjMvMTIvMDYvMTEvNDEvMzUvNjc3MmMzZGUtMTcwOS00MjVkLWExZmMtMmI2ZjQwOGZjMDgyL2FhY2JlNDJhOTM5MTRkNWJlYjAzZThlYTliOWYxN2QyLmpwZyJdLFsicCIsImVuY29kZSIsImpwZyIsIi1xdWFsaXR5IDgwIl0sWyJwIiwidGh1bWIiLCI1OTB4NTkwXHUwMDNlIl1d?sha=df04ea9ad75bc654\" alt=\"\" \/><\/p>\n<div class=\"gallery-i-caption\"><\/div>\n<\/div>\n<div class=\"gallery-i\"><img src=\"https:\/\/cdn.oxu.az\/uploads\/W1siZiIsIjIwMjMvMTIvMDYvMTEvNDEvMzUvN2I1YzQzOWItNTUzMS00ZDk0LTkxYzAtNjMyN2EyMTgzZDEyL2ViNWNiY2QzNWY1YzQwMzViZGM2N2NiNmM1NTE2OGQ1LmpwZyJdLFsicCIsImVuY29kZSIsImpwZyIsIi1xdWFsaXR5IDgwIl0sWyJwIiwidGh1bWIiLCI1OTB4NTkwXHUwMDNlIl1d?sha=4f042e380ac7bdeb\" alt=\"\" \/><\/p>\n<div class=\"gallery-i-caption\"><\/div>\n<\/div>\n<div class=\"gallery-i\"><img src=\"https:\/\/cdn.oxu.az\/uploads\/W1siZiIsIjIwMjMvMTIvMDYvMTEvNDEvMzUvY2RkY2ZiMWQtZjliZi00MjhjLTkxNTgtYWRjN2RmZDE5YjI3L2Y5ZWU4ODg5MzIyNWJhZGZlZWFmZWM4MjMyZjVkYWYxLmpwZyJdLFsicCIsImVuY29kZSIsImpwZyIsIi1xdWFsaXR5IDgwIl0sWyJwIiwidGh1bWIiLCI1OTB4NTkwXHUwMDNlIl1d?sha=94459eb9de8e0af4\" alt=\"\" \/><\/p>\n<div class=\"gallery-i-caption\"><\/div>\n<\/div>\n<div class=\"gallery-i\"><img src=\"https:\/\/cdn.oxu.az\/uploads\/W1siZiIsIjIwMjMvMTIvMDYvMTEvNDEvMzUvMjcxNGQ3ZjctNzRkMC00MjBlLTljZTYtMDZjZjVlZmU5MDU5LzU3ZTVjZWYwZGQ0MDIzZDQyYmJjNDMxZTdiZjY5NTIxLmpwZyJdLFsicCIsImVuY29kZSIsImpwZyIsIi1xdWFsaXR5IDgwIl0sWyJwIiwidGh1bWIiLCI1OTB4NTkwXHUwMDNlIl1d?sha=745e6bf47039e0f1\" alt=\"\" \/><\/div>\n<\/div>\n","protected":false},"excerpt":{"rendered":"<p>Az\u0259rbaycan\u0131n m\u00fcdafi\u0259 naziri general-polkovnik Zakir H\u0259s\u0259nov 15-ci Az\u0259rbaycan-T\u00fcrkiy\u0259 Y\u00fcks\u0259ks\u0259viyy\u0259li H\u0259rbi Dialoq \u0130clas\u0131nda i\u015ftirak etm\u0259k \u00fc\u00e7\u00fcn \u00f6lk\u0259mizd\u0259 r\u0259smi s\u0259f\u0259rd\u0259 olan T\u00fcrkiy\u0259 Respublikas\u0131 Silahl\u0131 Q\u00fcvv\u0259l\u0259rinin Ba\u015f Q\u0259rargah\u0131n\u0131n 2-ci r\u0259isi ordu general\u0131 \u0130rfan \u00d6zsert il\u0259 g\u00f6r\u00fc\u015f\u00fcb. Bu bar\u0259d\u0259 M\u00fcdafi\u0259 Nazirliyind\u0259n m\u0259lumat verilib. G\u00f6r\u00fc\u015fd\u0259n \u0259vv\u0259l t\u00fcrkiy\u0259li n\u00fcmay\u0259nd\u0259 hey\u0259ti F\u0259xri xiyabanda xalq\u0131m\u0131z\u0131n \u00fcmummilli lideri Heyd\u0259r \u018fliyevin v\u0259 g\u00f6rk\u0259mli oftalmoloq-alim, akademik Z\u0259rif\u0259 \u018fliyevan\u0131n m\u0259zarlar\u0131n\u0131, h\u0259m\u00e7inin \u015e\u0259hidl\u0259r xiyaban\u0131 v\u0259 T\u00fcrk \u015e\u0259hidliyini ziyar\u0259t ed\u0259r\u0259k \u0259klil v\u0259 g\u00fcl d\u0259st\u0259l\u0259ri qoyub, xatir\u0259l\u0259rin\u0259 d\u0259rin ehtiram n\u00fcmayi\u015f etdirib. Sonra M\u00fcdafi\u0259 Nazirliyind\u0259 g\u00f6r\u00fc\u015f ke\u00e7irilib. General-polkovnik Z.H\u0259s\u0259nov qonaqlar\u0131 salamlayaraq onlar\u0131 \u00f6lk\u0259mizd\u0259 g\u00f6rm\u0259kd\u0259n m\u0259mnun oldu\u011funu&hellip;<\/p>\n","protected":false},"author":2,"featured_media":665363,"comment_status":"closed","ping_status":"closed","sticky":false,"template":"","format":"standard","meta":{"om_disable_all_campaigns":false,"_monsterinsights_skip_tracking":false,"_monsterinsights_sitenote_active":false,"_monsterinsights_sitenote_note":"","_monsterinsights_sitenote_category":0},"categories":[10],"tags":[],"aioseo_notices":[],"gutentor_comment":0,"rttpg_featured_image_url":{"full":["https:\/\/arantv.az\/wp-content\/uploads\/2023\/12\/83793574-64f1-3e4a-8c42-eadaec6650b7_850.jpg",620,413,false],"landscape":["https:\/\/arantv.az\/wp-content\/uploads\/2023\/12\/83793574-64f1-3e4a-8c42-eadaec6650b7_850.jpg",620,413,false],"portraits":["https:\/\/arantv.az\/wp-content\/uploads\/2023\/12\/83793574-64f1-3e4a-8c42-eadaec6650b7_850.jpg",620,413,false],"thumbnail":["https:\/\/arantv.az\/wp-content\/uploads\/2023\/12\/83793574-64f1-3e4a-8c42-eadaec6650b7_850-500x280.jpg",500,280,true],"medium":["https:\/\/arantv.az\/wp-content\/uploads\/2023\/12\/83793574-64f1-3e4a-8c42-eadaec6650b7_850-548x365.jpg",548,365,true],"large":["https:\/\/arantv.az\/wp-content\/uploads\/2023\/12\/83793574-64f1-3e4a-8c42-eadaec6650b7_850.jpg",620,413,false],"1536x1536":["https:\/\/arantv.az\/wp-content\/uploads\/2023\/12\/83793574-64f1-3e4a-8c42-eadaec6650b7_850.jpg",620,413,false],"2048x2048":["https:\/\/arantv.az\/wp-content\/uploads\/2023\/12\/83793574-64f1-3e4a-8c42-eadaec6650b7_850.jpg",620,413,false],"post-thumbnail":["https:\/\/arantv.az\/wp-content\/uploads\/2023\/12\/83793574-64f1-3e4a-8c42-eadaec6650b7_850-240x172.jpg",240,172,true],"advps-thumb-one":["https:\/\/arantv.az\/wp-content\/uploads\/2023\/12\/83793574-64f1-3e4a-8c42-eadaec6650b7_850.jpg",620,413,false]},"rttpg_author":{"display_name":"V\u00fcsal Rafiqo\u011flu","author_link":"https:\/\/arantv.az\/?author=2"},"rttpg_comment":0,"rttpg_category":"<a href=\"https:\/\/arantv.az\/?cat=10\" rel=\"category\">C\u0259bh\u0259d\u0259n X\u0259b\u0259r<\/a>","rttpg_excerpt":"Az\u0259rbaycan\u0131n m\u00fcdafi\u0259 naziri general-polkovnik Zakir H\u0259s\u0259nov 15-ci Az\u0259rbaycan-T\u00fcrkiy\u0259 Y\u00fcks\u0259ks\u0259viyy\u0259li H\u0259rbi Dialoq \u0130clas\u0131nda i\u015ftirak etm\u0259k \u00fc\u00e7\u00fcn \u00f6lk\u0259mizd\u0259 r\u0259smi s\u0259f\u0259rd\u0259 olan T\u00fcrkiy\u0259 Respublikas\u0131 Silahl\u0131 Q\u00fcvv\u0259l\u0259rinin Ba\u015f Q\u0259rargah\u0131n\u0131n 2-ci r\u0259isi ordu general\u0131 \u0130rfan \u00d6zsert il\u0259 g\u00f6r\u00fc\u015f\u00fcb. Bu bar\u0259d\u0259 M\u00fcdafi\u0259 Nazirliyind\u0259n m\u0259lumat verilib. G\u00f6r\u00fc\u015fd\u0259n \u0259vv\u0259l t\u00fcrkiy\u0259li n\u00fcmay\u0259nd\u0259 hey\u0259ti F\u0259xri xiyabanda xalq\u0131m\u0131z\u0131n \u00fcmummilli lideri Heyd\u0259r \u018fliyevin v\u0259 g\u00f6rk\u0259mli oftalmoloq-alim, akademik&hellip;","_links":{"self":[{"href":"https:\/\/arantv.az\/index.php?rest_route=\/wp\/v2\/posts\/665362"}],"collection":[{"href":"https:\/\/arantv.az\/index.php?rest_route=\/wp\/v2\/posts"}],"about":[{"href":"https:\/\/arantv.az\/index.php?rest_route=\/wp\/v2\/types\/post"}],"author":[{"embeddable":true,"href":"https:\/\/arantv.az\/index.php?rest_route=\/wp\/v2\/users\/2"}],"replies":[{"embeddable":true,"href":"https:\/\/arantv.az\/index.php?rest_route=%2Fwp%2Fv2%2Fcomments&post=665362"}],"version-history":[{"count":0,"href":"https:\/\/arantv.az\/index.php?rest_route=\/wp\/v2\/posts\/665362\/revisions"}],"wp:featuredmedia":[{"embeddable":true,"href":"https:\/\/arantv.az\/index.php?rest_route=\/wp\/v2\/media\/665363"}],"wp:attachment":[{"href":"https:\/\/arantv.az\/index.php?rest_route=%2Fwp%2Fv2%2Fmedia&parent=665362"}],"wp:term":[{"taxonomy":"category","embeddable":true,"href":"https:\/\/arantv.az\/index.php?rest_route=%2Fwp%2Fv2%2Fcategories&post=665362"},{"taxonomy":"post_tag","embeddable":true,"href":"https:\/\/arantv.az\/index.php?rest_route=%2Fwp%2Fv2%2Ftags&post=665362"}],"curies":[{"name":"wp","href":"https:\/\/api.w.org\/{rel}","templated":true}]}}