{"id":665370,"date":"2023-12-06T12:00:00","date_gmt":"2023-12-06T08:00:00","guid":{"rendered":"https:\/\/arantv.az\/?p=665370"},"modified":"2023-12-06T12:00:00","modified_gmt":"2023-12-06T08:00:00","slug":"must%c9%99ri-s%c9%99hv-unvana-ged%c9%99n-prius-surucusunun-qarnini-disl%c9%99di-sonra-is%c9%99-bicaqladi","status":"publish","type":"post","link":"https:\/\/arantv.az\/?p=665370","title":{"rendered":"M\u00fc\u015ft\u0259ri s\u0259hv \u00fcnvana ged\u0259n \u201cPrius\u201d s\u00fcr\u00fcc\u00fcs\u00fcn\u00fcn qarn\u0131n\u0131 di\u015fl\u0259di, sonra is\u0259 b\u0131\u00e7aqlad\u0131"},"content":{"rendered":"<div class=\"text-content\" data-id=\"\" data-url=\"\">\n<p><strong>Bak\u0131 A\u011f\u0131r Cinay\u0259tl\u0259r M\u0259hk\u0259m\u0259sind\u0259 q\u0259sd\u0259n sa\u011flaml\u0131\u011fa a\u011f\u0131r z\u0259r\u0259r vurmada t\u0259qsirl\u0259ndiril\u0259n Mahir P\u0259nahovun (\u015f\u0259rti) cinay\u0259t i\u015fi \u00fczr\u0259 m\u0259hk\u0259m\u0259 iclas\u0131 ba\u015fa \u00e7at\u0131b.<\/strong><\/p>\n<p>Sonuncu ke\u00e7iril\u0259n prosesd\u0259 h\u00f6km oxunub.<\/p>\n<p>M\u0259hk\u0259m\u0259nin h\u00f6km\u00fc il\u0259 o, 4 il 6 ay m\u00fcdd\u0259tin\u0259 azadl\u0131qdan m\u0259hrum edilib.<\/p>\n<p>\u0130ttihama g\u00f6r\u0259, 8 may 2023-c\u00fc il tarixd\u0259, saat 23:40-da paytaxt\u0131n Sabun\u00e7u rayonu, Ma\u015fta\u011fa q\u0259s\u0259b\u0259sind\u0259 yerl\u0259\u015f\u0259n \u201cHumay\u201d marketin yax\u0131nl\u0131\u011f\u0131nda qeyd\u0259 al\u0131n\u0131b.<\/p>\n<p>Bel\u0259 ki, Mahir P\u0259nahov m\u00fc\u015ft\u0259ri qismind\u0259 taksi s\u00fcr\u00fcc\u00fcs\u00fc, z\u0259r\u0259r\u00e7\u0259kmi\u015f Da\u015fq\u0131n Babayevin (\u015f\u0259rti) idar\u0259 etdiyi \u201cToyota Prius\u201d markal\u0131 avtomobilin\u0259 \u0259yl\u0259\u015fib. S\u00f6z\u00fcged\u0259n \u0259razid\u0259 t\u0259qsirl\u0259ndiril\u0259n \u015f\u0259xs z\u0259r\u0259r\u00e7\u0259kmi\u015f\u0259 sifari\u015f verdiyi \u00fcnvana d\u00fczg\u00fcn aparmad\u0131\u011f\u0131na g\u00f6r\u0259 irad bildirib. Bu zaman onlar\u0131n aras\u0131nda m\u00fcbahis\u0259 yaran\u0131b. Sonra Da\u015fq\u0131n onu yumruqla vuraraq \u00fcst doda\u011f\u0131na x\u0259sar\u0259tl\u0259r yetirib. Daha sonra Mahir z\u0259r\u0259r\u00e7\u0259kmi\u015f \u015f\u0259xsin sol qolundan, sin\u0259sind\u0259n v\u0259 qar\u0131n nahiy\u0259sind\u0259n di\u015fl\u0259yib. Eyni zamanda o, cibind\u0259n \u00e7\u0131xartd\u0131\u011f\u0131 b\u0131\u00e7aqla Da\u015fq\u0131n\u0131n sin\u0259sinin sol nahiy\u0259sind\u0259n q\u0259sd\u0259n bir d\u0259f\u0259 z\u0259rb\u0259 endir\u0259r\u0259k ona x\u0259sar\u0259t yetirib.<\/p>\n<p>Onun bar\u0259sind\u0259 Cinay\u0259t M\u0259c\u0259ll\u0259sinin 126.1-ci (q\u0259sd\u0259n sa\u011flaml\u0131\u011fa a\u011f\u0131r z\u0259r\u0259r vurma) madd\u0259si il\u0259 ittiham ir\u0259li s\u00fcr\u00fcl\u00fcb. (Pravda.az)<\/p>\n<\/div>\n<div><\/div>\n<div>\n<div class=\"banner banner-6cdd60ea0045eb7a6ec44c54d29ed402\" data-banner=\"MTg0\"><\/div>\n<\/div>\n","protected":false},"excerpt":{"rendered":"<p>Bak\u0131 A\u011f\u0131r Cinay\u0259tl\u0259r M\u0259hk\u0259m\u0259sind\u0259 q\u0259sd\u0259n sa\u011flaml\u0131\u011fa a\u011f\u0131r z\u0259r\u0259r vurmada t\u0259qsirl\u0259ndiril\u0259n Mahir P\u0259nahovun (\u015f\u0259rti) cinay\u0259t i\u015fi \u00fczr\u0259 m\u0259hk\u0259m\u0259 iclas\u0131 ba\u015fa \u00e7at\u0131b. Sonuncu ke\u00e7iril\u0259n prosesd\u0259 h\u00f6km oxunub. M\u0259hk\u0259m\u0259nin h\u00f6km\u00fc il\u0259 o, 4 il 6 ay m\u00fcdd\u0259tin\u0259 azadl\u0131qdan m\u0259hrum edilib. \u0130ttihama g\u00f6r\u0259, 8 may 2023-c\u00fc il tarixd\u0259, saat 23:40-da paytaxt\u0131n Sabun\u00e7u rayonu, Ma\u015fta\u011fa q\u0259s\u0259b\u0259sind\u0259 yerl\u0259\u015f\u0259n \u201cHumay\u201d marketin yax\u0131nl\u0131\u011f\u0131nda qeyd\u0259 al\u0131n\u0131b. Bel\u0259 ki, Mahir P\u0259nahov m\u00fc\u015ft\u0259ri qismind\u0259 taksi s\u00fcr\u00fcc\u00fcs\u00fc, z\u0259r\u0259r\u00e7\u0259kmi\u015f Da\u015fq\u0131n Babayevin (\u015f\u0259rti) idar\u0259 etdiyi \u201cToyota Prius\u201d markal\u0131 avtomobilin\u0259 \u0259yl\u0259\u015fib. S\u00f6z\u00fcged\u0259n \u0259razid\u0259 t\u0259qsirl\u0259ndiril\u0259n \u015f\u0259xs z\u0259r\u0259r\u00e7\u0259kmi\u015f\u0259 sifari\u015f verdiyi \u00fcnvana d\u00fczg\u00fcn aparmad\u0131\u011f\u0131na g\u00f6r\u0259 irad bildirib. Bu&hellip;<\/p>\n","protected":false},"author":2,"featured_media":665371,"comment_status":"closed","ping_status":"closed","sticky":false,"template":"","format":"standard","meta":{"om_disable_all_campaigns":false,"_monsterinsights_skip_tracking":false,"_monsterinsights_sitenote_active":false,"_monsterinsights_sitenote_note":"","_monsterinsights_sitenote_category":0},"categories":[5],"tags":[],"aioseo_notices":[],"gutentor_comment":0,"rttpg_featured_image_url":{"full":["https:\/\/arantv.az\/wp-content\/uploads\/2023\/12\/11491d1324f4ef3bacd8e2a756c9ce91.jpg",620,413,false],"landscape":["https:\/\/arantv.az\/wp-content\/uploads\/2023\/12\/11491d1324f4ef3bacd8e2a756c9ce91.jpg",620,413,false],"portraits":["https:\/\/arantv.az\/wp-content\/uploads\/2023\/12\/11491d1324f4ef3bacd8e2a756c9ce91.jpg",620,413,false],"thumbnail":["https:\/\/arantv.az\/wp-content\/uploads\/2023\/12\/11491d1324f4ef3bacd8e2a756c9ce91-500x280.jpg",500,280,true],"medium":["https:\/\/arantv.az\/wp-content\/uploads\/2023\/12\/11491d1324f4ef3bacd8e2a756c9ce91-548x365.jpg",548,365,true],"large":["https:\/\/arantv.az\/wp-content\/uploads\/2023\/12\/11491d1324f4ef3bacd8e2a756c9ce91.jpg",620,413,false],"1536x1536":["https:\/\/arantv.az\/wp-content\/uploads\/2023\/12\/11491d1324f4ef3bacd8e2a756c9ce91.jpg",620,413,false],"2048x2048":["https:\/\/arantv.az\/wp-content\/uploads\/2023\/12\/11491d1324f4ef3bacd8e2a756c9ce91.jpg",620,413,false],"post-thumbnail":["https:\/\/arantv.az\/wp-content\/uploads\/2023\/12\/11491d1324f4ef3bacd8e2a756c9ce91-240x172.jpg",240,172,true],"advps-thumb-one":["https:\/\/arantv.az\/wp-content\/uploads\/2023\/12\/11491d1324f4ef3bacd8e2a756c9ce91.jpg",620,413,false]},"rttpg_author":{"display_name":"V\u00fcsal Rafiqo\u011flu","author_link":"https:\/\/arantv.az\/?author=2"},"rttpg_comment":0,"rttpg_category":"<a href=\"https:\/\/arantv.az\/?cat=5\" rel=\"category\">Hadis\u0259<\/a>","rttpg_excerpt":"Bak\u0131 A\u011f\u0131r Cinay\u0259tl\u0259r M\u0259hk\u0259m\u0259sind\u0259 q\u0259sd\u0259n sa\u011flaml\u0131\u011fa a\u011f\u0131r z\u0259r\u0259r vurmada t\u0259qsirl\u0259ndiril\u0259n Mahir P\u0259nahovun (\u015f\u0259rti) cinay\u0259t i\u015fi \u00fczr\u0259 m\u0259hk\u0259m\u0259 iclas\u0131 ba\u015fa \u00e7at\u0131b. Sonuncu ke\u00e7iril\u0259n prosesd\u0259 h\u00f6km oxunub. M\u0259hk\u0259m\u0259nin h\u00f6km\u00fc il\u0259 o, 4 il 6 ay m\u00fcdd\u0259tin\u0259 azadl\u0131qdan m\u0259hrum edilib. \u0130ttihama g\u00f6r\u0259, 8 may 2023-c\u00fc il tarixd\u0259, saat 23:40-da paytaxt\u0131n Sabun\u00e7u rayonu, Ma\u015fta\u011fa q\u0259s\u0259b\u0259sind\u0259 yerl\u0259\u015f\u0259n \u201cHumay\u201d marketin yax\u0131nl\u0131\u011f\u0131nda&hellip;","_links":{"self":[{"href":"https:\/\/arantv.az\/index.php?rest_route=\/wp\/v2\/posts\/665370"}],"collection":[{"href":"https:\/\/arantv.az\/index.php?rest_route=\/wp\/v2\/posts"}],"about":[{"href":"https:\/\/arantv.az\/index.php?rest_route=\/wp\/v2\/types\/post"}],"author":[{"embeddable":true,"href":"https:\/\/arantv.az\/index.php?rest_route=\/wp\/v2\/users\/2"}],"replies":[{"embeddable":true,"href":"https:\/\/arantv.az\/index.php?rest_route=%2Fwp%2Fv2%2Fcomments&post=665370"}],"version-history":[{"count":0,"href":"https:\/\/arantv.az\/index.php?rest_route=\/wp\/v2\/posts\/665370\/revisions"}],"wp:featuredmedia":[{"embeddable":true,"href":"https:\/\/arantv.az\/index.php?rest_route=\/wp\/v2\/media\/665371"}],"wp:attachment":[{"href":"https:\/\/arantv.az\/index.php?rest_route=%2Fwp%2Fv2%2Fmedia&parent=665370"}],"wp:term":[{"taxonomy":"category","embeddable":true,"href":"https:\/\/arantv.az\/index.php?rest_route=%2Fwp%2Fv2%2Fcategories&post=665370"},{"taxonomy":"post_tag","embeddable":true,"href":"https:\/\/arantv.az\/index.php?rest_route=%2Fwp%2Fv2%2Ftags&post=665370"}],"curies":[{"name":"wp","href":"https:\/\/api.w.org\/{rel}","templated":true}]}}