{"id":665376,"date":"2023-12-06T12:03:32","date_gmt":"2023-12-06T08:03:32","guid":{"rendered":"https:\/\/arantv.az\/?p=665376"},"modified":"2023-12-06T15:10:12","modified_gmt":"2023-12-06T11:10:12","slug":"19-dekabr-z%c9%99f%c9%99r-paradi-h%c9%99m-d%c9%99-az%c9%99rbaycan-turkiy%c9%99-qardasliginin-%c9%99n-goz%c9%99l-t%c9%99qdimati-oldu","status":"publish","type":"post","link":"https:\/\/arantv.az\/?p=665376","title":{"rendered":"10 dekabr Z\u018fF\u018fR parad\u0131 h\u0259m d\u0259 Az\u0259rbaycan T\u00fcrkiy\u0259 qarda\u015fl\u0131\u011f\u0131n\u0131n \u0259n g\u00f6z\u0259l t\u0259qdimat\u0131 oldu."},"content":{"rendered":"<div class=\"xdj266r x11i5rnm xat24cr x1mh8g0r x1vvkbs x126k92a\">\n<div dir=\"auto\">\n<p><strong>F\u0259q\u0259t \u015eadlinskaya<\/strong><\/p>\n<p><strong>YAP B\u0259rd\u0259 rayon t\u0259\u015fkilat\u0131n\u0131n s\u0259dri<\/strong><\/p>\n<\/div>\n<div dir=\"auto\">Az\u0259rbaycan-T\u00fcrkiy\u0259 qarda\u015fl\u0131\u011f\u0131n\u0131n t\u0259qdimat\u0131nda \u00f6z s\u00f6z\u00fcn\u00fc dey\u0259n 10 dekabr 2020-ci il tarixind\u0259 ke\u00e7iril\u0259n Z\u0259f\u0259r parad\u0131ndan \u00f6t\u0259n \u00fc\u00e7 il iki dost \u00f6lk\u0259nin m\u00fcnasib\u0259tl\u0259rinin daha da m\u00f6hk\u0259ml\u0259nm\u0259si il\u0259 xarakteriz\u0259 olunur. D\u00f6vl\u0259t ba\u015f\u00e7\u0131s\u0131, M\u00fcz\u0259ff\u0259r Ali Ba\u015f Komandan \u0130lham \u018fliyev Z\u0259f\u0259r parad\u0131ndak\u0131 \u00e7\u0131x\u0131\u015f\u0131nda \u201cBu g\u00fcn tarixi bir g\u00fcnd\u00fcr. Bu g\u00fcn Azadl\u0131q meydan\u0131nda Z\u0259f\u0259r parad\u0131 ke\u00e7irilir. M\u0259n \u00e7ox \u015fadam ki, bu paradda m\u0259nim d\u0259v\u0259timi q\u0259bul ed\u0259r\u0259k T\u00fcrkiy\u0259 C\u00fcmhuriyy\u0259tinin C\u00fcmhurba\u015fqan\u0131, \u0259ziz qarda\u015f\u0131m R\u0259c\u0259b Tayyib \u018frdo\u011fan i\u015ftirak edir. Eyni zamanda, T\u00fcrkiy\u0259d\u0259n g\u0259lmi\u015f b\u00f6y\u00fck n\u00fcmay\u0259nd\u0259 hey\u0259ti, t\u00fcrk \u0259sg\u0259r v\u0259 zabitl\u0259ri i\u015ftirak edirl\u0259r. Bu, bir daha bizim birliyimizi, dostlu\u011fumuzu v\u0259 qarda\u015fl\u0131\u011f\u0131m\u0131z\u0131 g\u00f6st\u0259rir\u201d fikirl\u0259rinin davam\u0131 olaraq onu da bildirmi\u015fdir ki, V\u0259t\u0259n m\u00fcharib\u0259sinin ilk g\u00fcnl\u0259rind\u0259n, daha do\u011frusu, ilk saatlar\u0131ndan T\u00fcrkiy\u0259nin d\u0259st\u0259yini hiss edirdik. T\u00fcrkiy\u0259nin C\u00fcmhurba\u015fqan\u0131 R\u0259c\u0259b Tayyib \u018frdo\u011fan ilk saatlardan Az\u0259rbaycan\u0131n haqq i\u015fin\u0259 \u00f6z d\u0259st\u0259yini verdi. Onun a\u00e7\u0131q, birm\u0259nal\u0131 v\u0259 s\u0259rt a\u00e7\u0131qlamalar\u0131 Az\u0259rbaycan xalq\u0131n\u0131 \u00e7ox sevindirdi: \u201cM\u0259nim qarda\u015f\u0131m demi\u015fdir ki, bu m\u00fcharib\u0259d\u0259 Az\u0259rbaycan haql\u0131d\u0131r, demi\u015fdir ki, Az\u0259rbaycan t\u0259k deyil v\u0259 T\u00fcrkiy\u0259 h\u0259r zaman Az\u0259rbaycan\u0131n yan\u0131ndad\u0131r. Bu, birliyimizin, qarda\u015fl\u0131\u011f\u0131m\u0131z\u0131n t\u0259zah\u00fcr\u00fcd\u00fcr. T\u00fcrkiy\u0259nin Az\u0259rbaycana verdiyi siyasi v\u0259 m\u0259n\u0259vi d\u0259st\u0259k h\u0259r bir Az\u0259rbaycan v\u0259t\u0259nda\u015f\u0131n\u0131 q\u00fcrurland\u0131r\u0131r, sevindirir. Bu g\u00fcn biz birlikd\u0259 Z\u0259f\u0259r parad\u0131nda i\u015ftirak ed\u0259rk\u0259n, bir daha bizim birliyimizi h\u0259m xalqlar\u0131m\u0131za, eyni zamanda, b\u00fct\u00fcn d\u00fcnyaya g\u00f6st\u0259ririk.\u201d<\/div>\n<\/div>\n<div class=\"x11i5rnm xat24cr x1mh8g0r x1vvkbs xtlvy1s x126k92a\">\n<div dir=\"auto\">Z\u0259f\u0259r parad\u0131nda 3000 \u0259sg\u0259r v\u0259 zabitimizl\u0259 yana\u015f\u0131, qarda\u015f, dost T\u00fcrkiy\u0259nin qo\u015fun birl\u0259\u015fm\u0259l\u0259rinin n\u00fcmay\u0259nd\u0259l\u0259rinin d\u0259 i\u015ftirak etm\u0259si Erm\u0259nistana v\u0259 30 il i\u015f\u011fal\u00e7\u0131 d\u00f6vl\u0259t\u0259 havadarl\u0131q ed\u0259r\u0259k m\u0259s\u0259l\u0259nin h\u0259lli prosesinin uzanmas\u0131na s\u0259b\u0259b olan d\u00f6vl\u0259tl\u0259r\u0259 ciddi mesaj idi. Parad\u0131 Az\u0259rbaycan Silahl\u0131 Q\u00fcvv\u0259l\u0259rinin M\u00fcz\u0259ff\u0259r Ali Ba\u015f Komandan\u0131, Prezident \u0130lham \u018fliyev v\u0259 f\u0259xri qonaq qismind\u0259 d\u0259v\u0259t olunmu\u015f T\u00fcrkiy\u0259 Prezidenti R\u0259c\u0259b Tayyib \u018frdo\u011fan q\u0259bul etdi. \u0130ki qarda\u015f \u00f6lk\u0259nin r\u0259hb\u0259rinin parad\u0131 birg\u0259 q\u0259bul etm\u0259si beyn\u0259lxalq ictimaiyy\u0259t\u0259 verilmi\u015f ciddi mesaj idi. B\u00fct\u00fcn k\u00fc\u00e7\u0259 v\u0259 meydanlar\u0131m\u0131z\u0131 b\u0259z\u0259y\u0259n Az\u0259rbaycan v\u0259 T\u00fcrkiy\u0259 bayraqlar\u0131 iki qarda\u015f \u00f6lk\u0259nin dostlu\u011funun, qarda\u015fl\u0131\u011f\u0131n\u0131n t\u0259zah\u00fcr\u00fc idi.<\/div>\n<\/div>\n<div class=\"x11i5rnm xat24cr x1mh8g0r x1vvkbs xtlvy1s x126k92a\">\n<div dir=\"auto\">\u0130kinci Qaraba\u011f m\u00fcharib\u0259sinin ba\u015fland\u0131\u011f\u0131 g\u00fcnd\u0259n T\u00fcrkiy\u0259 Prezidenti R\u0259c\u0259b Tayyib \u018frdo\u011fan Az\u0259rbaycan t\u0259k olmad\u0131\u011f\u0131n\u0131 d\u0259f\u0259l\u0259rl\u0259 b\u0259yan etdi. M\u00fcharib\u0259nin sonunad\u0259k \u00f6lk\u0259miz\u0259 siyasi v\u0259 m\u0259n\u0259vi d\u0259st\u0259yini g\u00f6st\u0259r\u0259n qarda\u015f \u00f6lk\u0259 h\u0259r an\u0131n reall\u0131qlar\u0131n\u0131 Az\u0259rbaycanla eyni ya\u015fad\u0131. C\u0259bh\u0259d\u0259n g\u0259l\u0259n q\u0259l\u0259b\u0259 x\u0259b\u0259rl\u0259ri T\u00fcrkiy\u0259 m\u0259tbuat\u0131n\u0131n da man\u015fetini b\u0259z\u0259di. T\u00fcrkiy\u0259 Prezidenti R\u0259c\u0259b Tayyib \u018frdo\u011fan Z\u0259f\u0259r parad\u0131ndak\u0131 \u00e7\u0131x\u0131\u015f\u0131nda bir daha diqq\u0259ti h\u0259min m\u0259qamlara y\u00f6n\u0259ld\u0259r\u0259k b\u00f6y\u00fck q\u00fcrur v\u0259 sevinc hissi il\u0259 bildirmi\u015fdi: \u201cR\u0259bbim\u0259 bizl\u0259r\u0259 bu g\u00fcnl\u0259ri ya\u015fatd\u0131\u011f\u0131 \u00fc\u00e7\u00fcn sonsuz \u015f\u00fck\u00fcr edir\u0259m. Bu g\u00fcn burada b\u00fct\u00fcn q\u0259lbiml\u0259 bir daha t\u0259krarlamaq ist\u0259yir\u0259m: Qaraba\u011f Az\u0259rbaycand\u0131r! Qaraba\u011f art\u0131q Ana V\u0259t\u0259nin\u0259 qovu\u015fmu\u015f, otuz illik h\u0259sr\u0259t sona \u00e7atm\u0131\u015fd\u0131r. T\u00fcrkiy\u0259 v\u0259 Az\u0259rbaycan olaraq bundan sonrak\u0131 h\u0259d\u0259fimiz bu torpaqlar\u0131 daha abad, daha inki\u015faf etmi\u015f, u\u015faqlar\u0131m\u0131z\u0131n daha yax\u015f\u0131 ya\u015fayaca\u011f\u0131 bir yer\u0259 \u00e7evirm\u0259k \u00fc\u00e7\u00fcn m\u00fcbariz\u0259 aparmaqd\u0131r. T\u00fcrkiy\u0259 v\u0259 Az\u0259rbaycan k\u00fcr\u0259k-k\u00fcr\u0259y\u0259 verdikc\u0259 Allah\u0131n izni il\u0259 \u00e7\u0259tinlikl\u0259rin \u00f6hd\u0259sind\u0259n g\u0259lm\u0259y\u0259, u\u011furdan-u\u011fura \u00e7atma\u011fa davam ed\u0259c\u0259kdir.\u201d<\/div>\n<\/div>\n<div class=\"x11i5rnm xat24cr x1mh8g0r x1vvkbs xtlvy1s x126k92a\">\n<div dir=\"auto\">Son \u00fc\u00e7 ild\u0259 Az\u0259rbaycan-T\u00fcrkiy\u0259 qarda\u015fl\u0131\u011f\u0131n\u0131n fonunda at\u0131lan add\u0131mlar h\u0259r birimizd\u0259 b\u00f6y\u00fck q\u00fcrur hissi yarad\u0131r. 2021-ci il 15 iyun &#8211; Milli Qurtulu\u015f G\u00fcn\u00fcnd\u0259 m\u00fcnasib\u0259tl\u0259rimizin g\u0259l\u0259c\u0259k inki\u015faf\u0131n\u0131n ayd\u0131n m\u0259nz\u0259r\u0259sini yaradan \u015eu\u015fa B\u0259yannam\u0259si imzaland\u0131. T\u0259bii ki, h\u0259r bir s\u0259n\u0259d mahiyy\u0259ti il\u0259 yana\u015f\u0131, imzaland\u0131\u011f\u0131 m\u0259kan bax\u0131m\u0131ndan x\u00fcsusi diqq\u0259t \u00e7\u0259kir. Qaraba\u011f\u0131n tac\u0131, b\u00fct\u00fcn t\u00fcrk d\u00fcnyas\u0131n\u0131n m\u0259d\u0259niyy\u0259t paytaxt\u0131 \u015eu\u015fa Az\u0259rbaycan-T\u00fcrkiy\u0259 m\u00fcnasib\u0259tl\u0259rinin g\u0259l\u0259c\u0259yini m\u00fc\u0259yy\u0259nl\u0259\u015fdir\u0259n s\u0259n\u0259din imzalanmas\u0131na \u015fahidlik etdi. \u0130\u015f\u011faldan azad edilmi\u015f bu torpaqdan d\u00fcnyaya birliyimizi, h\u0259mr\u0259yliyimizi, daha d\u0259qiq des\u0259k, qarda\u015fl\u0131\u011f\u0131n n\u00fcmun\u0259sini t\u0259qdim etdik. S\u00fcbut olundu ki, iki dost \u00f6lk\u0259 h\u0259r zaman bir yerd\u0259dir. D\u00fcnya miqyas\u0131nda Az\u0259rbaycanla T\u00fcrkiy\u0259 q\u0259d\u0259r biri-birin\u0259 yax\u0131n olan ikinci \u00f6lk\u0259l\u0259r yoxdur. Birliyimiz \u0259b\u0259di v\u0259 sars\u0131lmazd\u0131r.<\/div>\n<\/div>\n<div class=\"x11i5rnm xat24cr x1mh8g0r x1vvkbs xtlvy1s x126k92a\">\n<div dir=\"auto\">T\u00fcrkiy\u0259 Prezidenti R\u0259c\u0259b Tayyib \u018frdo\u011fan i\u015f\u011faldan azad edilmi\u015f \u0259razil\u0259rimiz\u0259 ilk s\u0259f\u0259r ed\u0259n d\u00f6vl\u0259t ba\u015f\u00e7\u0131s\u0131d\u0131r. Bu m\u00fch\u00fcm m\u0259qamlar\u0131 da x\u00fcsusi qeyd etm\u0259liyik ki, d\u00f6vl\u0259t ba\u015f\u00e7\u0131s\u0131 \u0130lham \u018fliyev Qaraba\u011f\u0131n v\u0259 \u015e\u0259rqi Z\u0259ng\u0259zurun hava qap\u0131lar\u0131 olan F\u00fczuli v\u0259 Z\u0259ngilan Beyn\u0259lxalq Hava limanlar\u0131n\u0131 qarda\u015f \u00f6lk\u0259nin Prezidenti R\u0259c\u0259b Tayyib \u018frdo\u011fan il\u0259 birg\u0259 d\u00fcnyaya a\u00e7d\u0131. Son \u00fc\u00e7 ild\u0259 dost \u00f6lk\u0259l\u0259rin r\u0259hb\u0259rl\u0259rinin qar\u015f\u0131l\u0131ql\u0131 s\u0259f\u0259rl\u0259rinin, imzalanan s\u0259n\u0259dl\u0259rin say t\u0259rkibin\u0259 diqq\u0259t yetirm\u0259k kifay\u0259tdir. Xat\u0131rlasaq, Z\u0259f\u0259r parad\u0131nda i\u015ftirak etm\u0259k \u00fc\u00e7\u00fcn Az\u0259rbaycanda olan T\u00fcrkiy\u0259 Prezidentinin i\u015ftirak\u0131 il\u0259 bir s\u0131ra s\u0259n\u0259dl\u0259rin imzalanmas\u0131 m\u0259rasimi d\u0259 ke\u00e7irilmi\u015fdir. S\u0259f\u0259rin yekunu olaraq m\u0259tbuata birg\u0259 b\u0259yanatlar\u0131nda c\u0259nab R\u0259c\u0259b Tayyib \u018frdo\u011fan bildirmi\u015fdir ki, bu g\u00fcn at\u0131lan imzalar, \u0259slind\u0259, simvolik imzalard\u0131r: \u201cAt\u0131lacaq daha \u00e7ox imzalar var. Bu imzalarla birlikd\u0259 in\u015fallah, Az\u0259rbaycan Qaraba\u011f\u0131n tamamil\u0259 f\u0259rqli \u015f\u0259kild\u0259 y\u00fcks\u0259li\u015fin\u0259 davam ed\u0259c\u0259kdir.\u201d<\/div>\n<\/div>\n<div class=\"x11i5rnm xat24cr x1mh8g0r x1vvkbs xtlvy1s x126k92a\">\n<div dir=\"auto\">Az\u0259rbaycan son \u00fc\u00e7 ild\u0259 d\u00fcnyaya t\u0259kmil dir\u00e7\u0259li\u015f modelini t\u0259qdim edir. \u0130\u015f\u011faldan azad edilmi\u015f \u015f\u0259h\u0259rl\u0259rimizin, k\u0259ndl\u0259rimizin b\u0259rpas\u0131, yenid\u0259n qurulmas\u0131 istiqam\u0259tind\u0259 g\u00f6r\u00fcl\u0259n i\u015fl\u0259rin fonunda \u00f6lk\u0259mizin \u015f\u0259h\u0259rsalma t\u0259cr\u00fcb\u0259si t\u0259qdir edilir v\u0259 \u00f6yr\u0259nilm\u0259sinin vacibliyi vur\u011fulan\u0131r.<\/div>\n<\/div>\n","protected":false},"excerpt":{"rendered":"<p>F\u0259q\u0259t \u015eadlinskaya YAP B\u0259rd\u0259 rayon t\u0259\u015fkilat\u0131n\u0131n s\u0259dri Az\u0259rbaycan-T\u00fcrkiy\u0259 qarda\u015fl\u0131\u011f\u0131n\u0131n t\u0259qdimat\u0131nda \u00f6z s\u00f6z\u00fcn\u00fc dey\u0259n 10 dekabr 2020-ci il tarixind\u0259 ke\u00e7iril\u0259n Z\u0259f\u0259r parad\u0131ndan \u00f6t\u0259n \u00fc\u00e7 il iki dost \u00f6lk\u0259nin m\u00fcnasib\u0259tl\u0259rinin daha da m\u00f6hk\u0259ml\u0259nm\u0259si il\u0259 xarakteriz\u0259 olunur. D\u00f6vl\u0259t ba\u015f\u00e7\u0131s\u0131, M\u00fcz\u0259ff\u0259r Ali Ba\u015f Komandan \u0130lham \u018fliyev Z\u0259f\u0259r parad\u0131ndak\u0131 \u00e7\u0131x\u0131\u015f\u0131nda \u201cBu g\u00fcn tarixi bir g\u00fcnd\u00fcr. Bu g\u00fcn Azadl\u0131q meydan\u0131nda Z\u0259f\u0259r parad\u0131 ke\u00e7irilir. M\u0259n \u00e7ox \u015fadam ki, bu paradda m\u0259nim d\u0259v\u0259timi q\u0259bul ed\u0259r\u0259k T\u00fcrkiy\u0259 C\u00fcmhuriyy\u0259tinin C\u00fcmhurba\u015fqan\u0131, \u0259ziz qarda\u015f\u0131m R\u0259c\u0259b Tayyib \u018frdo\u011fan i\u015ftirak edir. Eyni zamanda, T\u00fcrkiy\u0259d\u0259n g\u0259lmi\u015f b\u00f6y\u00fck n\u00fcmay\u0259nd\u0259 hey\u0259ti, t\u00fcrk \u0259sg\u0259r v\u0259 zabitl\u0259ri i\u015ftirak edirl\u0259r.&hellip;<\/p>\n","protected":false},"author":2,"featured_media":599337,"comment_status":"closed","ping_status":"closed","sticky":false,"template":"","format":"standard","meta":{"om_disable_all_campaigns":false,"_monsterinsights_skip_tracking":false,"_monsterinsights_sitenote_active":false,"_monsterinsights_sitenote_note":"","_monsterinsights_sitenote_category":0},"categories":[2],"tags":[],"aioseo_notices":[],"gutentor_comment":0,"rttpg_featured_image_url":{"full":["https:\/\/arantv.az\/wp-content\/uploads\/2023\/05\/thumb-1.jpg",360,238,false],"landscape":["https:\/\/arantv.az\/wp-content\/uploads\/2023\/05\/thumb-1.jpg",360,238,false],"portraits":["https:\/\/arantv.az\/wp-content\/uploads\/2023\/05\/thumb-1.jpg",360,238,false],"thumbnail":["https:\/\/arantv.az\/wp-content\/uploads\/2023\/05\/thumb-1.jpg",360,238,false],"medium":["https:\/\/arantv.az\/wp-content\/uploads\/2023\/05\/thumb-1.jpg",360,238,false],"large":["https:\/\/arantv.az\/wp-content\/uploads\/2023\/05\/thumb-1.jpg",360,238,false],"1536x1536":["https:\/\/arantv.az\/wp-content\/uploads\/2023\/05\/thumb-1.jpg",360,238,false],"2048x2048":["https:\/\/arantv.az\/wp-content\/uploads\/2023\/05\/thumb-1.jpg",360,238,false],"post-thumbnail":["https:\/\/arantv.az\/wp-content\/uploads\/2023\/05\/thumb-1-240x172.jpg",240,172,true],"advps-thumb-one":["https:\/\/arantv.az\/wp-content\/uploads\/2023\/05\/thumb-1.jpg",360,238,false]},"rttpg_author":{"display_name":"V\u00fcsal Rafiqo\u011flu","author_link":"https:\/\/arantv.az\/?author=2"},"rttpg_comment":0,"rttpg_category":"<a href=\"https:\/\/arantv.az\/?cat=2\" rel=\"category\">Region X\u0259b\u0259rl\u0259ri<\/a>","rttpg_excerpt":"F\u0259q\u0259t \u015eadlinskaya YAP B\u0259rd\u0259 rayon t\u0259\u015fkilat\u0131n\u0131n s\u0259dri Az\u0259rbaycan-T\u00fcrkiy\u0259 qarda\u015fl\u0131\u011f\u0131n\u0131n t\u0259qdimat\u0131nda \u00f6z s\u00f6z\u00fcn\u00fc dey\u0259n 10 dekabr 2020-ci il tarixind\u0259 ke\u00e7iril\u0259n Z\u0259f\u0259r parad\u0131ndan \u00f6t\u0259n \u00fc\u00e7 il iki dost \u00f6lk\u0259nin m\u00fcnasib\u0259tl\u0259rinin daha da m\u00f6hk\u0259ml\u0259nm\u0259si il\u0259 xarakteriz\u0259 olunur. D\u00f6vl\u0259t ba\u015f\u00e7\u0131s\u0131, M\u00fcz\u0259ff\u0259r Ali Ba\u015f Komandan \u0130lham \u018fliyev Z\u0259f\u0259r parad\u0131ndak\u0131 \u00e7\u0131x\u0131\u015f\u0131nda \u201cBu g\u00fcn tarixi bir g\u00fcnd\u00fcr. Bu g\u00fcn Azadl\u0131q meydan\u0131nda Z\u0259f\u0259r&hellip;","_links":{"self":[{"href":"https:\/\/arantv.az\/index.php?rest_route=\/wp\/v2\/posts\/665376"}],"collection":[{"href":"https:\/\/arantv.az\/index.php?rest_route=\/wp\/v2\/posts"}],"about":[{"href":"https:\/\/arantv.az\/index.php?rest_route=\/wp\/v2\/types\/post"}],"author":[{"embeddable":true,"href":"https:\/\/arantv.az\/index.php?rest_route=\/wp\/v2\/users\/2"}],"replies":[{"embeddable":true,"href":"https:\/\/arantv.az\/index.php?rest_route=%2Fwp%2Fv2%2Fcomments&post=665376"}],"version-history":[{"count":0,"href":"https:\/\/arantv.az\/index.php?rest_route=\/wp\/v2\/posts\/665376\/revisions"}],"wp:featuredmedia":[{"embeddable":true,"href":"https:\/\/arantv.az\/index.php?rest_route=\/wp\/v2\/media\/599337"}],"wp:attachment":[{"href":"https:\/\/arantv.az\/index.php?rest_route=%2Fwp%2Fv2%2Fmedia&parent=665376"}],"wp:term":[{"taxonomy":"category","embeddable":true,"href":"https:\/\/arantv.az\/index.php?rest_route=%2Fwp%2Fv2%2Fcategories&post=665376"},{"taxonomy":"post_tag","embeddable":true,"href":"https:\/\/arantv.az\/index.php?rest_route=%2Fwp%2Fv2%2Ftags&post=665376"}],"curies":[{"name":"wp","href":"https:\/\/api.w.org\/{rel}","templated":true}]}}