{"id":665383,"date":"2023-12-06T12:12:31","date_gmt":"2023-12-06T08:12:31","guid":{"rendered":"https:\/\/arantv.az\/?p=665383"},"modified":"2023-12-06T12:12:31","modified_gmt":"2023-12-06T08:12:31","slug":"az%c9%99rbaycan-prezidenti-qarabagda-%c9%99sas-mane%c9%99-basdirilmis-minalardir","status":"publish","type":"post","link":"https:\/\/arantv.az\/?p=665383","title":{"rendered":"Az\u0259rbaycan Prezidenti: \u201cQaraba\u011fda \u0259sas mane\u0259 basd\u0131r\u0131lm\u0131\u015f minalard\u0131r\u201d"},"content":{"rendered":"<p>\u201cQaraba\u011fda \u0259sas mane\u0259 basd\u0131r\u0131lm\u0131\u015f minalard\u0131r. Bundan ba\u015fqa, bizim \u00fc\u00e7\u00fcn h\u0259r hans\u0131 bir mane\u0259 yoxdur. Biz bunun \u00fc\u00e7\u00fcn maliyy\u0259 ehtiyatlar\u0131m\u0131z\u0131 s\u0259f\u0259rb\u0259r etmi\u015fik\u201d.<\/p>\n<p><a href=\"https:\/\/azertag.az\/xeber\/azerbaycan_prezidenti_qarabagda_esas_manee_basdirilmis_minalardir-2842191\" target=\"_blank\" rel=\"noopener\">AZ\u018fRTAC<\/a>\u00a0x\u0259b\u0259r verir ki, bu fikirl\u0259ri Prezident\u00a0<strong>\u0130lham \u018fliyev\u00a0<\/strong>dekabr\u0131n 6-da ADA Universitetind\u0259 ke\u00e7iril\u0259n \u201cQaraba\u011f: 30 ild\u0259n sonra ev\u0259 d\u00f6n\u00fc\u015f. Nailiyy\u0259tl\u0259r v\u0259 \u00e7\u0259tinlikl\u0259r\u201d m\u00f6vzusunda beyn\u0259lxalq forumda s\u0259sl\u0259ndirib.<\/p>\n<p>\u201cQaraba\u011f\u0131n yenid\u0259n qurulmas\u0131 bizim s\u0259rmay\u0259 proqram\u0131m\u0131z\u0131n \u0259sas hiss\u0259sini t\u0259\u015fkil ed\u0259c\u0259k. Qaraba\u011f bizim \u00fc\u00e7\u00fcn \u0259n y\u00fcks\u0259k prioritetdir. \u00c7\u00fcnki insanlar da \u00f6z yerl\u0259rin\u0259 qay\u0131dacaqlar\u0131 vaxt\u0131 g\u00f6zl\u0259yirl\u0259r\u201d, &#8211; dey\u0259 d\u00f6vl\u0259timizin ba\u015f\u00e7\u0131s\u0131 diqq\u0259t\u0259 \u00e7atd\u0131r\u0131b.<\/p>\n","protected":false},"excerpt":{"rendered":"<p>\u201cQaraba\u011fda \u0259sas mane\u0259 basd\u0131r\u0131lm\u0131\u015f minalard\u0131r. Bundan ba\u015fqa, bizim \u00fc\u00e7\u00fcn h\u0259r hans\u0131 bir mane\u0259 yoxdur. Biz bunun \u00fc\u00e7\u00fcn maliyy\u0259 ehtiyatlar\u0131m\u0131z\u0131 s\u0259f\u0259rb\u0259r etmi\u015fik\u201d. AZ\u018fRTAC\u00a0x\u0259b\u0259r verir ki, bu fikirl\u0259ri Prezident\u00a0\u0130lham \u018fliyev\u00a0dekabr\u0131n 6-da ADA Universitetind\u0259 ke\u00e7iril\u0259n \u201cQaraba\u011f: 30 ild\u0259n sonra ev\u0259 d\u00f6n\u00fc\u015f. Nailiyy\u0259tl\u0259r v\u0259 \u00e7\u0259tinlikl\u0259r\u201d m\u00f6vzusunda beyn\u0259lxalq forumda s\u0259sl\u0259ndirib. \u201cQaraba\u011f\u0131n yenid\u0259n qurulmas\u0131 bizim s\u0259rmay\u0259 proqram\u0131m\u0131z\u0131n \u0259sas hiss\u0259sini t\u0259\u015fkil ed\u0259c\u0259k. Qaraba\u011f bizim \u00fc\u00e7\u00fcn \u0259n y\u00fcks\u0259k prioritetdir. \u00c7\u00fcnki insanlar da \u00f6z yerl\u0259rin\u0259 qay\u0131dacaqlar\u0131 vaxt\u0131 g\u00f6zl\u0259yirl\u0259r\u201d, &#8211; dey\u0259 d\u00f6vl\u0259timizin ba\u015f\u00e7\u0131s\u0131 diqq\u0259t\u0259 \u00e7atd\u0131r\u0131b.<\/p>\n","protected":false},"author":2,"featured_media":665384,"comment_status":"closed","ping_status":"closed","sticky":false,"template":"","format":"standard","meta":{"om_disable_all_campaigns":false,"_monsterinsights_skip_tracking":false,"_monsterinsights_sitenote_active":false,"_monsterinsights_sitenote_note":"","_monsterinsights_sitenote_category":0},"categories":[4],"tags":[],"aioseo_notices":[],"gutentor_comment":0,"rttpg_featured_image_url":{"full":["https:\/\/arantv.az\/wp-content\/uploads\/2023\/12\/06-2.jpg",620,413,false],"landscape":["https:\/\/arantv.az\/wp-content\/uploads\/2023\/12\/06-2.jpg",620,413,false],"portraits":["https:\/\/arantv.az\/wp-content\/uploads\/2023\/12\/06-2.jpg",620,413,false],"thumbnail":["https:\/\/arantv.az\/wp-content\/uploads\/2023\/12\/06-2-500x280.jpg",500,280,true],"medium":["https:\/\/arantv.az\/wp-content\/uploads\/2023\/12\/06-2-548x365.jpg",548,365,true],"large":["https:\/\/arantv.az\/wp-content\/uploads\/2023\/12\/06-2.jpg",620,413,false],"1536x1536":["https:\/\/arantv.az\/wp-content\/uploads\/2023\/12\/06-2.jpg",620,413,false],"2048x2048":["https:\/\/arantv.az\/wp-content\/uploads\/2023\/12\/06-2.jpg",620,413,false],"post-thumbnail":["https:\/\/arantv.az\/wp-content\/uploads\/2023\/12\/06-2-240x172.jpg",240,172,true],"advps-thumb-one":["https:\/\/arantv.az\/wp-content\/uploads\/2023\/12\/06-2.jpg",620,413,false]},"rttpg_author":{"display_name":"V\u00fcsal Rafiqo\u011flu","author_link":"https:\/\/arantv.az\/?author=2"},"rttpg_comment":0,"rttpg_category":"<a href=\"https:\/\/arantv.az\/?cat=4\" rel=\"category\">Siyas\u0259t<\/a>","rttpg_excerpt":"\u201cQaraba\u011fda \u0259sas mane\u0259 basd\u0131r\u0131lm\u0131\u015f minalard\u0131r. Bundan ba\u015fqa, bizim \u00fc\u00e7\u00fcn h\u0259r hans\u0131 bir mane\u0259 yoxdur. Biz bunun \u00fc\u00e7\u00fcn maliyy\u0259 ehtiyatlar\u0131m\u0131z\u0131 s\u0259f\u0259rb\u0259r etmi\u015fik\u201d. AZ\u018fRTAC\u00a0x\u0259b\u0259r verir ki, bu fikirl\u0259ri Prezident\u00a0\u0130lham \u018fliyev\u00a0dekabr\u0131n 6-da ADA Universitetind\u0259 ke\u00e7iril\u0259n \u201cQaraba\u011f: 30 ild\u0259n sonra ev\u0259 d\u00f6n\u00fc\u015f. Nailiyy\u0259tl\u0259r v\u0259 \u00e7\u0259tinlikl\u0259r\u201d m\u00f6vzusunda beyn\u0259lxalq forumda s\u0259sl\u0259ndirib. \u201cQaraba\u011f\u0131n yenid\u0259n qurulmas\u0131 bizim s\u0259rmay\u0259 proqram\u0131m\u0131z\u0131n \u0259sas hiss\u0259sini t\u0259\u015fkil ed\u0259c\u0259k.&hellip;","_links":{"self":[{"href":"https:\/\/arantv.az\/index.php?rest_route=\/wp\/v2\/posts\/665383"}],"collection":[{"href":"https:\/\/arantv.az\/index.php?rest_route=\/wp\/v2\/posts"}],"about":[{"href":"https:\/\/arantv.az\/index.php?rest_route=\/wp\/v2\/types\/post"}],"author":[{"embeddable":true,"href":"https:\/\/arantv.az\/index.php?rest_route=\/wp\/v2\/users\/2"}],"replies":[{"embeddable":true,"href":"https:\/\/arantv.az\/index.php?rest_route=%2Fwp%2Fv2%2Fcomments&post=665383"}],"version-history":[{"count":0,"href":"https:\/\/arantv.az\/index.php?rest_route=\/wp\/v2\/posts\/665383\/revisions"}],"wp:featuredmedia":[{"embeddable":true,"href":"https:\/\/arantv.az\/index.php?rest_route=\/wp\/v2\/media\/665384"}],"wp:attachment":[{"href":"https:\/\/arantv.az\/index.php?rest_route=%2Fwp%2Fv2%2Fmedia&parent=665383"}],"wp:term":[{"taxonomy":"category","embeddable":true,"href":"https:\/\/arantv.az\/index.php?rest_route=%2Fwp%2Fv2%2Fcategories&post=665383"},{"taxonomy":"post_tag","embeddable":true,"href":"https:\/\/arantv.az\/index.php?rest_route=%2Fwp%2Fv2%2Ftags&post=665383"}],"curies":[{"name":"wp","href":"https:\/\/api.w.org\/{rel}","templated":true}]}}