{"id":665386,"date":"2023-12-06T12:13:01","date_gmt":"2023-12-06T08:13:01","guid":{"rendered":"https:\/\/arantv.az\/?p=665386"},"modified":"2023-12-06T12:13:01","modified_gmt":"2023-12-06T08:13:01","slug":"prezident-t%c9%99%c9%99ssufl%c9%99r-olsun-ki-avropada-liderl%c9%99r-arasinda-borrel-metsola-kimi-populist-insanlar-var","status":"publish","type":"post","link":"https:\/\/arantv.az\/?p=665386","title":{"rendered":"Prezident: \u201cT\u0259\u0259ss\u00fcfl\u0259r olsun ki, Avropada liderl\u0259r aras\u0131nda Borrel, Metsola kimi populist insanlar var\u201d"},"content":{"rendered":"<p>\u201cT\u0259\u0259ss\u00fcfl\u0259r olsun ki, Avropada liderl\u0259r aras\u0131nda c\u0259nab Borrel, madam Metsola kimi populist insanlar var. M\u0259n h\u0259r zaman a\u00e7\u0131q dan\u0131\u015fma\u011f\u0131 xo\u015flay\u0131ram. M\u0259n onlar\u0131n y\u00fcr\u00fctd\u00fcy\u00fc siyas\u0259tl\u0259 v\u0259 Az\u0259rbaycana olan m\u00fcnasib\u0259tl\u0259ri il\u0259 tamamil\u0259 raz\u0131 deyil\u0259m, naraz\u0131yam. Bu, \u0259dal\u0259tsizdir v\u0259 he\u00e7 d\u0259 Avropa \u0130ttifaq\u0131n\u0131n maraqlar\u0131na uy\u011fun deyil\u201d.<\/p>\n<p><a href=\"https:\/\/azertag.az\/xeber\/prezident_teessufler_olsun_ki_avropada_liderler_arasinda_borelmetsola_kimi_populist_insanlar_var-2842175\" target=\"_blank\" rel=\"noopener\">AZ\u018fRTAC<\/a>\u00a0x\u0259b\u0259r verir ki, bu fikirl\u0259ri Prezident\u00a0<strong>\u0130lham \u018fliyev<\/strong>\u00a0dekabr\u0131n 6-da ADA Universitetind\u0259 ke\u00e7iril\u0259n \u201cQaraba\u011f: 30 ild\u0259n sonra ev\u0259 d\u00f6n\u00fc\u015f. Nailiyy\u0259tl\u0259r v\u0259 \u00e7\u0259tinlikl\u0259r\u201d m\u00f6vzusuna h\u0259sr olunmu\u015f beyn\u0259lxalq forumda \u00e7\u0131x\u0131\u015f\u0131 zaman\u0131 s\u0259sl\u0259ndirib.<\/p>\n<div id=\"22889818619\"><\/div>\n<p>\u201cAncaq \u00fcmumilikd\u0259 Avropa Komissiyas\u0131 haqq\u0131nda dan\u0131\u015fanda bizim \u00e7ox g\u00f6z\u0259l m\u00fcnasib\u0259tl\u0259rimiz var. Biz buna b\u00f6y\u00fck \u0259h\u0259miyy\u0259t veririk, onlar strateji \u0259h\u0259miyy\u0259t da\u015f\u0131y\u0131r. Bu, t\u0259kc\u0259 enerji v\u0259 qaz-neft sah\u0259sini \u0259hat\u0259 etmir. Tezlikl\u0259 hidrogen sah\u0259sind\u0259 \u0259m\u0259kda\u015fl\u0131q ed\u0259c\u0259yik. Bilirsiniz ki, G\u00fcrc\u00fcstan, Az\u0259rbaycan, Rum\u0131niya v\u0259 Macar\u0131stan\u0131 ba\u011flayan bir layih\u0259 olacaq. Y\u0259ni oyun qaydalar\u0131nda b\u00f6y\u00fck d\u0259yi\u015fiklik olacaq v\u0259 bu, art\u0131q icra prosesind\u0259dir\u201d, &#8211; dey\u0259 d\u00f6vl\u0259timizin ba\u015f\u00e7\u0131s\u0131 vur\u011fulay\u0131b.<\/p>\n","protected":false},"excerpt":{"rendered":"<p>\u201cT\u0259\u0259ss\u00fcfl\u0259r olsun ki, Avropada liderl\u0259r aras\u0131nda c\u0259nab Borrel, madam Metsola kimi populist insanlar var. M\u0259n h\u0259r zaman a\u00e7\u0131q dan\u0131\u015fma\u011f\u0131 xo\u015flay\u0131ram. M\u0259n onlar\u0131n y\u00fcr\u00fctd\u00fcy\u00fc siyas\u0259tl\u0259 v\u0259 Az\u0259rbaycana olan m\u00fcnasib\u0259tl\u0259ri il\u0259 tamamil\u0259 raz\u0131 deyil\u0259m, naraz\u0131yam. Bu, \u0259dal\u0259tsizdir v\u0259 he\u00e7 d\u0259 Avropa \u0130ttifaq\u0131n\u0131n maraqlar\u0131na uy\u011fun deyil\u201d. AZ\u018fRTAC\u00a0x\u0259b\u0259r verir ki, bu fikirl\u0259ri Prezident\u00a0\u0130lham \u018fliyev\u00a0dekabr\u0131n 6-da ADA Universitetind\u0259 ke\u00e7iril\u0259n \u201cQaraba\u011f: 30 ild\u0259n sonra ev\u0259 d\u00f6n\u00fc\u015f. Nailiyy\u0259tl\u0259r v\u0259 \u00e7\u0259tinlikl\u0259r\u201d m\u00f6vzusuna h\u0259sr olunmu\u015f beyn\u0259lxalq forumda \u00e7\u0131x\u0131\u015f\u0131 zaman\u0131 s\u0259sl\u0259ndirib. \u201cAncaq \u00fcmumilikd\u0259 Avropa Komissiyas\u0131 haqq\u0131nda dan\u0131\u015fanda bizim \u00e7ox g\u00f6z\u0259l m\u00fcnasib\u0259tl\u0259rimiz var. Biz buna b\u00f6y\u00fck \u0259h\u0259miyy\u0259t veririk, onlar strateji \u0259h\u0259miyy\u0259t&hellip;<\/p>\n","protected":false},"author":2,"featured_media":665387,"comment_status":"closed","ping_status":"closed","sticky":false,"template":"","format":"standard","meta":{"om_disable_all_campaigns":false,"_monsterinsights_skip_tracking":false,"_monsterinsights_sitenote_active":false,"_monsterinsights_sitenote_note":"","_monsterinsights_sitenote_category":0},"categories":[4],"tags":[],"aioseo_notices":[],"gutentor_comment":0,"rttpg_featured_image_url":{"full":["https:\/\/arantv.az\/wp-content\/uploads\/2023\/12\/FotoJet-21.jpg",620,413,false],"landscape":["https:\/\/arantv.az\/wp-content\/uploads\/2023\/12\/FotoJet-21.jpg",620,413,false],"portraits":["https:\/\/arantv.az\/wp-content\/uploads\/2023\/12\/FotoJet-21.jpg",620,413,false],"thumbnail":["https:\/\/arantv.az\/wp-content\/uploads\/2023\/12\/FotoJet-21-500x280.jpg",500,280,true],"medium":["https:\/\/arantv.az\/wp-content\/uploads\/2023\/12\/FotoJet-21-548x365.jpg",548,365,true],"large":["https:\/\/arantv.az\/wp-content\/uploads\/2023\/12\/FotoJet-21.jpg",620,413,false],"1536x1536":["https:\/\/arantv.az\/wp-content\/uploads\/2023\/12\/FotoJet-21.jpg",620,413,false],"2048x2048":["https:\/\/arantv.az\/wp-content\/uploads\/2023\/12\/FotoJet-21.jpg",620,413,false],"post-thumbnail":["https:\/\/arantv.az\/wp-content\/uploads\/2023\/12\/FotoJet-21-240x172.jpg",240,172,true],"advps-thumb-one":["https:\/\/arantv.az\/wp-content\/uploads\/2023\/12\/FotoJet-21.jpg",620,413,false]},"rttpg_author":{"display_name":"V\u00fcsal Rafiqo\u011flu","author_link":"https:\/\/arantv.az\/?author=2"},"rttpg_comment":0,"rttpg_category":"<a href=\"https:\/\/arantv.az\/?cat=4\" rel=\"category\">Siyas\u0259t<\/a>","rttpg_excerpt":"\u201cT\u0259\u0259ss\u00fcfl\u0259r olsun ki, Avropada liderl\u0259r aras\u0131nda c\u0259nab Borrel, madam Metsola kimi populist insanlar var. M\u0259n h\u0259r zaman a\u00e7\u0131q dan\u0131\u015fma\u011f\u0131 xo\u015flay\u0131ram. M\u0259n onlar\u0131n y\u00fcr\u00fctd\u00fcy\u00fc siyas\u0259tl\u0259 v\u0259 Az\u0259rbaycana olan m\u00fcnasib\u0259tl\u0259ri il\u0259 tamamil\u0259 raz\u0131 deyil\u0259m, naraz\u0131yam. Bu, \u0259dal\u0259tsizdir v\u0259 he\u00e7 d\u0259 Avropa \u0130ttifaq\u0131n\u0131n maraqlar\u0131na uy\u011fun deyil\u201d. AZ\u018fRTAC\u00a0x\u0259b\u0259r verir ki, bu fikirl\u0259ri Prezident\u00a0\u0130lham \u018fliyev\u00a0dekabr\u0131n 6-da ADA Universitetind\u0259 ke\u00e7iril\u0259n \u201cQaraba\u011f:&hellip;","_links":{"self":[{"href":"https:\/\/arantv.az\/index.php?rest_route=\/wp\/v2\/posts\/665386"}],"collection":[{"href":"https:\/\/arantv.az\/index.php?rest_route=\/wp\/v2\/posts"}],"about":[{"href":"https:\/\/arantv.az\/index.php?rest_route=\/wp\/v2\/types\/post"}],"author":[{"embeddable":true,"href":"https:\/\/arantv.az\/index.php?rest_route=\/wp\/v2\/users\/2"}],"replies":[{"embeddable":true,"href":"https:\/\/arantv.az\/index.php?rest_route=%2Fwp%2Fv2%2Fcomments&post=665386"}],"version-history":[{"count":0,"href":"https:\/\/arantv.az\/index.php?rest_route=\/wp\/v2\/posts\/665386\/revisions"}],"wp:featuredmedia":[{"embeddable":true,"href":"https:\/\/arantv.az\/index.php?rest_route=\/wp\/v2\/media\/665387"}],"wp:attachment":[{"href":"https:\/\/arantv.az\/index.php?rest_route=%2Fwp%2Fv2%2Fmedia&parent=665386"}],"wp:term":[{"taxonomy":"category","embeddable":true,"href":"https:\/\/arantv.az\/index.php?rest_route=%2Fwp%2Fv2%2Fcategories&post=665386"},{"taxonomy":"post_tag","embeddable":true,"href":"https:\/\/arantv.az\/index.php?rest_route=%2Fwp%2Fv2%2Ftags&post=665386"}],"curies":[{"name":"wp","href":"https:\/\/api.w.org\/{rel}","templated":true}]}}