{"id":665438,"date":"2023-12-06T12:48:06","date_gmt":"2023-12-06T08:48:06","guid":{"rendered":"https:\/\/arantv.az\/?p=665438"},"modified":"2023-12-06T12:48:06","modified_gmt":"2023-12-06T08:48:06","slug":"az%c9%99rbaycan-prezidenti-beyn%c9%99lxalq-forumun-istirakcilarini-sulh-muqavil%c9%99sinin-detallari-bar%c9%99d%c9%99-m%c9%99lumatlandirib","status":"publish","type":"post","link":"https:\/\/arantv.az\/?p=665438","title":{"rendered":"Az\u0259rbaycan Prezidenti beyn\u0259lxalq forumun i\u015ftirak\u00e7\u0131lar\u0131n\u0131 s\u00fclh m\u00fcqavil\u0259sinin detallar\u0131 bar\u0259d\u0259 m\u0259lumatland\u0131r\u0131b"},"content":{"rendered":"<p>\u201cS\u00fclh prosesinin t\u0259\u015f\u0259bb\u00fcskar\u0131 biz olmu\u015fuq. \u0130lkin m\u0259rh\u0259l\u0259d\u0259 Erm\u0259nistan t\u0259r\u0259finin s\u0259yl\u0259ri var idi. Bu, h\u0259min s\u00fclh m\u00fcqavil\u0259si layih\u0259sin\u0259 \u201cDa\u011fl\u0131q Qarada\u011f respublikas\u0131\u201dn\u0131 daxil etm\u0259k idi. Biz, \u0259lb\u0259tt\u0259 ki, bunu r\u0259dd etdik\u201d.<\/p>\n<p><a href=\"https:\/\/azertag.az\/xeber\/azerbaycan_prezidenti_beynelxalq_forumun_istirakchilarini_sulh_muqavilesinin_detallari_barede_melumatlandirib-2842261\" target=\"_blank\" rel=\"noopener\">AZ\u018fRTAC<\/a>\u00a0x\u0259b\u0259r verir ki, bu fikirl\u0259ri Prezident\u00a0<strong>\u0130lham \u018fliyev<\/strong>\u00a0dekabr\u0131n 6-da ADA Universitetind\u0259 ke\u00e7iril\u0259n \u201cQaraba\u011f: 30 ild\u0259n sonra ev\u0259 d\u00f6n\u00fc\u015f. Nailiyy\u0259tl\u0259r v\u0259 \u00e7\u0259tinlikl\u0259r\u201d m\u00f6vzusunda beyn\u0259lxalq forumda Az\u0259rbaycanla Erm\u0259nistan aras\u0131nda s\u00fclh m\u00fcqavil\u0259si bar\u0259d\u0259 dan\u0131\u015fark\u0259n s\u00f6yl\u0259yib.<\/p>\n<p>D\u00f6vl\u0259timizin ba\u015f\u00e7\u0131s\u0131 deyib:<\/p>\n<p>\u201cOnlar \u00e7al\u0131\u015f\u0131rd\u0131lar ki, m\u00fcxt\u0259lif m\u0259tnl\u0259r, formatlar \u00e7\u0259r\u00e7iv\u0259sind\u0259 bunu (qondarma respublikan\u0131 &#8211; red.) oraya daxil etsinl\u0259r. Bizim is\u0259 m\u00fcnasib\u0259timiz o idi ki, bu haqda dan\u0131\u015fa bilm\u0259rik, dan\u0131\u015fmamal\u0131y\u0131q v\u0259 \u0259razi b\u00fct\u00f6vl\u00fcy\u00fcn\u00fcn tan\u0131nmas\u0131 qar\u015f\u0131l\u0131ql\u0131 olmal\u0131d\u0131r. Ona g\u00f6r\u0259 d\u0259 biz deyirdik ki, Az\u0259rbaycanda erm\u0259ni azl\u0131\u011f\u0131 o m\u0259tn\u0259 daxil edil\u0259c\u0259ks\u0259, o zaman Erm\u0259nistandan did\u0259rgin sal\u0131nm\u0131\u015f az\u0259rbaycanl\u0131lar\u0131n da m\u0259s\u0259l\u0259si oraya daxil edilm\u0259lidir v\u0259 onlar Erm\u0259nistana qay\u0131tmal\u0131, orada ya\u015famal\u0131d\u0131rlar, onlar\u0131n h\u00fcquqlar\u0131, t\u0259hl\u00fck\u0259sizlikl\u0259ri tam t\u0259min olunmal\u0131d\u0131r. Nec\u0259 ki, Az\u0259rbaycanda erm\u0259ni azl\u0131\u011f\u0131n\u0131n h\u00fcquqlar\u0131 t\u0259min edil\u0259c\u0259k. T\u0259\u0259ss\u00fcf olsun ki, Erm\u0259nistan t\u0259r\u0259fi bunu r\u0259dd etdi. Bu, m\u0259ntiqsiz idi. \u00c7\u00fcnki biz qeyri-adi bir \u015fey t\u0259klif etmirdik. Biz qar\u015f\u0131l\u0131ql\u0131 prinsipi t\u0259klif edirdik. Dig\u0259r variant is\u0259 \u00fcmumiyy\u0259tl\u0259 bu m\u00f6vzuya toxunmamaq idi. Sentyabr\u0131n 19-da ke\u00e7iril\u0259n antiterror t\u0259dbirl\u0259rind\u0259n sonra m\u0259n\u0259 el\u0259 g\u0259lir ki, bu mane\u0259 aradan qalx\u0131b. Biz h\u0259r iki azl\u0131\u011f\u0131 s\u00fclh m\u00fcqavil\u0259sind\u0259 t\u0259sbit ed\u0259c\u0259yik v\u0259 ya bunun haqq\u0131nda \u00fcmumiyy\u0259tl\u0259 dan\u0131\u015fmayaca\u011f\u0131q\u201d.<\/p>\n","protected":false},"excerpt":{"rendered":"<p>\u201cS\u00fclh prosesinin t\u0259\u015f\u0259bb\u00fcskar\u0131 biz olmu\u015fuq. \u0130lkin m\u0259rh\u0259l\u0259d\u0259 Erm\u0259nistan t\u0259r\u0259finin s\u0259yl\u0259ri var idi. Bu, h\u0259min s\u00fclh m\u00fcqavil\u0259si layih\u0259sin\u0259 \u201cDa\u011fl\u0131q Qarada\u011f respublikas\u0131\u201dn\u0131 daxil etm\u0259k idi. Biz, \u0259lb\u0259tt\u0259 ki, bunu r\u0259dd etdik\u201d. AZ\u018fRTAC\u00a0x\u0259b\u0259r verir ki, bu fikirl\u0259ri Prezident\u00a0\u0130lham \u018fliyev\u00a0dekabr\u0131n 6-da ADA Universitetind\u0259 ke\u00e7iril\u0259n \u201cQaraba\u011f: 30 ild\u0259n sonra ev\u0259 d\u00f6n\u00fc\u015f. Nailiyy\u0259tl\u0259r v\u0259 \u00e7\u0259tinlikl\u0259r\u201d m\u00f6vzusunda beyn\u0259lxalq forumda Az\u0259rbaycanla Erm\u0259nistan aras\u0131nda s\u00fclh m\u00fcqavil\u0259si bar\u0259d\u0259 dan\u0131\u015fark\u0259n s\u00f6yl\u0259yib. D\u00f6vl\u0259timizin ba\u015f\u00e7\u0131s\u0131 deyib: \u201cOnlar \u00e7al\u0131\u015f\u0131rd\u0131lar ki, m\u00fcxt\u0259lif m\u0259tnl\u0259r, formatlar \u00e7\u0259r\u00e7iv\u0259sind\u0259 bunu (qondarma respublikan\u0131 &#8211; red.) oraya daxil etsinl\u0259r. Bizim is\u0259 m\u00fcnasib\u0259timiz o idi ki, bu haqda dan\u0131\u015fa bilm\u0259rik, dan\u0131\u015fmamal\u0131y\u0131q v\u0259&hellip;<\/p>\n","protected":false},"author":2,"featured_media":665439,"comment_status":"closed","ping_status":"closed","sticky":false,"template":"","format":"standard","meta":{"om_disable_all_campaigns":false,"_monsterinsights_skip_tracking":false,"_monsterinsights_sitenote_active":false,"_monsterinsights_sitenote_note":"","_monsterinsights_sitenote_category":0},"categories":[4],"tags":[],"aioseo_notices":[],"gutentor_comment":0,"rttpg_featured_image_url":{"full":["https:\/\/arantv.az\/wp-content\/uploads\/2023\/12\/005.jpg",620,413,false],"landscape":["https:\/\/arantv.az\/wp-content\/uploads\/2023\/12\/005.jpg",620,413,false],"portraits":["https:\/\/arantv.az\/wp-content\/uploads\/2023\/12\/005.jpg",620,413,false],"thumbnail":["https:\/\/arantv.az\/wp-content\/uploads\/2023\/12\/005-500x280.jpg",500,280,true],"medium":["https:\/\/arantv.az\/wp-content\/uploads\/2023\/12\/005-548x365.jpg",548,365,true],"large":["https:\/\/arantv.az\/wp-content\/uploads\/2023\/12\/005.jpg",620,413,false],"1536x1536":["https:\/\/arantv.az\/wp-content\/uploads\/2023\/12\/005.jpg",620,413,false],"2048x2048":["https:\/\/arantv.az\/wp-content\/uploads\/2023\/12\/005.jpg",620,413,false],"post-thumbnail":["https:\/\/arantv.az\/wp-content\/uploads\/2023\/12\/005-240x172.jpg",240,172,true],"advps-thumb-one":["https:\/\/arantv.az\/wp-content\/uploads\/2023\/12\/005.jpg",620,413,false]},"rttpg_author":{"display_name":"V\u00fcsal Rafiqo\u011flu","author_link":"https:\/\/arantv.az\/?author=2"},"rttpg_comment":0,"rttpg_category":"<a href=\"https:\/\/arantv.az\/?cat=4\" rel=\"category\">Siyas\u0259t<\/a>","rttpg_excerpt":"\u201cS\u00fclh prosesinin t\u0259\u015f\u0259bb\u00fcskar\u0131 biz olmu\u015fuq. \u0130lkin m\u0259rh\u0259l\u0259d\u0259 Erm\u0259nistan t\u0259r\u0259finin s\u0259yl\u0259ri var idi. Bu, h\u0259min s\u00fclh m\u00fcqavil\u0259si layih\u0259sin\u0259 \u201cDa\u011fl\u0131q Qarada\u011f respublikas\u0131\u201dn\u0131 daxil etm\u0259k idi. Biz, \u0259lb\u0259tt\u0259 ki, bunu r\u0259dd etdik\u201d. AZ\u018fRTAC\u00a0x\u0259b\u0259r verir ki, bu fikirl\u0259ri Prezident\u00a0\u0130lham \u018fliyev\u00a0dekabr\u0131n 6-da ADA Universitetind\u0259 ke\u00e7iril\u0259n \u201cQaraba\u011f: 30 ild\u0259n sonra ev\u0259 d\u00f6n\u00fc\u015f. Nailiyy\u0259tl\u0259r v\u0259 \u00e7\u0259tinlikl\u0259r\u201d m\u00f6vzusunda beyn\u0259lxalq forumda Az\u0259rbaycanla Erm\u0259nistan aras\u0131nda&hellip;","_links":{"self":[{"href":"https:\/\/arantv.az\/index.php?rest_route=\/wp\/v2\/posts\/665438"}],"collection":[{"href":"https:\/\/arantv.az\/index.php?rest_route=\/wp\/v2\/posts"}],"about":[{"href":"https:\/\/arantv.az\/index.php?rest_route=\/wp\/v2\/types\/post"}],"author":[{"embeddable":true,"href":"https:\/\/arantv.az\/index.php?rest_route=\/wp\/v2\/users\/2"}],"replies":[{"embeddable":true,"href":"https:\/\/arantv.az\/index.php?rest_route=%2Fwp%2Fv2%2Fcomments&post=665438"}],"version-history":[{"count":0,"href":"https:\/\/arantv.az\/index.php?rest_route=\/wp\/v2\/posts\/665438\/revisions"}],"wp:featuredmedia":[{"embeddable":true,"href":"https:\/\/arantv.az\/index.php?rest_route=\/wp\/v2\/media\/665439"}],"wp:attachment":[{"href":"https:\/\/arantv.az\/index.php?rest_route=%2Fwp%2Fv2%2Fmedia&parent=665438"}],"wp:term":[{"taxonomy":"category","embeddable":true,"href":"https:\/\/arantv.az\/index.php?rest_route=%2Fwp%2Fv2%2Fcategories&post=665438"},{"taxonomy":"post_tag","embeddable":true,"href":"https:\/\/arantv.az\/index.php?rest_route=%2Fwp%2Fv2%2Ftags&post=665438"}],"curies":[{"name":"wp","href":"https:\/\/api.w.org\/{rel}","templated":true}]}}