{"id":665456,"date":"2023-12-06T12:55:59","date_gmt":"2023-12-06T08:55:59","guid":{"rendered":"https:\/\/arantv.az\/?p=665456"},"modified":"2023-12-06T12:55:59","modified_gmt":"2023-12-06T08:55:59","slug":"prezident-deportasiya-olunmus-yuzminl%c9%99rl%c9%99-az%c9%99rbaycanlinin-mulkiyy%c9%99ti-muq%c9%99dd%c9%99s-yerl%c9%99ri-qorunmalidir","status":"publish","type":"post","link":"https:\/\/arantv.az\/?p=665456","title":{"rendered":"Prezident: \u201cDeportasiya olunmu\u015f y\u00fczminl\u0259rl\u0259 az\u0259rbaycanl\u0131n\u0131n m\u00fclkiyy\u0259ti, m\u00fcq\u0259dd\u0259s yerl\u0259ri qorunmal\u0131d\u0131r\u201d"},"content":{"rendered":"<p>\u201cO \u015f\u0259xsl\u0259r (Qaraba\u011f erm\u0259nil\u0259ri &#8211; red.) qay\u0131tmaq ist\u0259yirl\u0259r, onlar bunu ed\u0259 bil\u0259rl\u0259r. Onlar\u0131n m\u0259nzill\u0259ri, evl\u0259ri oldu\u011fu kimi qal\u0131r. Z\u0259ngilanda v\u0259 dig\u0259r yerl\u0259rd\u0259 yerl\u0259 bir olunmu\u015f evl\u0259rd\u0259n tam f\u0259rqli olaraq, onlar\u0131n m\u0259nzill\u0259ri var\u201d.<\/p>\n<p><a href=\"https:\/\/azertag.az\/xeber\/prezident_deportasiya_olunmus_yuz_minlerle_azerbaycanlinin_mulkiyyeti_muqeddes_yerleri_qorunmalidir-2842285\" target=\"_blank\" rel=\"noopener\">AZ\u018fRTAC<\/a>\u00a0x\u0259b\u0259r verir ki, bu s\u00f6zl\u0259ri Prezident\u00a0<strong>\u0130lham \u018fliyev<\/strong>\u00a0dekabr\u0131n 6-da ADA Universitetind\u0259 ke\u00e7iril\u0259n \u201cQaraba\u011f: 30 ild\u0259n sonra ev\u0259 d\u00f6n\u00fc\u015f. Nailiyy\u0259tl\u0259r v\u0259 \u00e7\u0259tinlikl\u0259r\u201d m\u00f6vzusuna h\u0259sr olunmu\u015f beyn\u0259lxalq forumda \u00e7\u0131x\u0131\u015f\u0131 zaman\u0131 deyib.<\/p>\n<p>D\u00f6vl\u0259timizin ba\u015f\u00e7\u0131s\u0131 bildirib ki, \u0259g\u0259r onlar Az\u0259rbaycana qay\u0131dacaqlarsa, bu, \u00f6lk\u0259mizin qanunlar\u0131 \u00e7\u0259r\u00e7iv\u0259sind\u0259 h\u0259yata ke\u00e7iril\u0259c\u0259k.<\/p>\n<p>Az\u0259rbaycanl\u0131lar\u0131n Erm\u0259nistan \u0259razisin\u0259 qay\u0131tmas\u0131 m\u0259s\u0259l\u0259sind\u0259n d\u0259 dan\u0131\u015fan Prezident \u0130lham \u018fliyev qeyd edib ki, Erm\u0259nistan t\u0259r\u0259fi d\u0259 \u0259n az\u0131 eyni yana\u015fma s\u0259rgil\u0259m\u0259lidir. Onlar elektron reinteqrasiya portal\u0131 yarada, orada az\u0259rbaycanl\u0131lar\u0131n ya\u015fad\u0131qlar\u0131 k\u0259ndl\u0259r bar\u0259d\u0259 m\u0259lumatlar\u0131 \u0259ks etdir\u0259 bil\u0259rl\u0259r. T\u0259bii ki, bel\u0259 olsayd\u0131, daha m\u00fcnasib olard\u0131. Y\u0259ni, onlar g\u0259lsinl\u0259r, yerl\u0259rini ziyar\u0259t etsinl\u0259r. Bu da bar\u0131\u015f\u0131\u011f\u0131n bir i\u015far\u0259si olard\u0131.<\/p>\n<p>\u201cBu, m\u00fcmk\u00fcn olmal\u0131d\u0131r. Erm\u0259nistan bunun qar\u015f\u0131s\u0131n\u0131 almal\u0131 deyil. Deportasiya olunmu\u015f y\u00fczminl\u0259rl\u0259 az\u0259rbaycanl\u0131n\u0131n, h\u0259myerlil\u0259rimizin t\u0259l\u0259batlar\u0131 t\u0259min edilm\u0259lidir. Onlar\u0131n m\u00fclkiyy\u0259ti, m\u00fcq\u0259dd\u0259s yerl\u0259ri qorunmal\u0131d\u0131r. \u0130ndi bu g\u00fcn Xank\u0259ndid\u0259, yaxud da ba\u015fqa yerl\u0259rd\u0259, harada ki erm\u0259ni \u0259halisi \u00e7oxluq t\u0259\u015fkil edib, biz onu qoruyub-saxlay\u0131r\u0131q, amma eyni yana\u015fma biz\u0259 m\u00fcnasib\u0259td\u0259 d\u0259 olmal\u0131d\u0131r\u201d, &#8211; dey\u0259 d\u00f6vl\u0259timizin ba\u015f\u00e7\u0131s\u0131 vur\u011fulay\u0131b.<\/p>\n","protected":false},"excerpt":{"rendered":"<p>\u201cO \u015f\u0259xsl\u0259r (Qaraba\u011f erm\u0259nil\u0259ri &#8211; red.) qay\u0131tmaq ist\u0259yirl\u0259r, onlar bunu ed\u0259 bil\u0259rl\u0259r. Onlar\u0131n m\u0259nzill\u0259ri, evl\u0259ri oldu\u011fu kimi qal\u0131r. Z\u0259ngilanda v\u0259 dig\u0259r yerl\u0259rd\u0259 yerl\u0259 bir olunmu\u015f evl\u0259rd\u0259n tam f\u0259rqli olaraq, onlar\u0131n m\u0259nzill\u0259ri var\u201d. AZ\u018fRTAC\u00a0x\u0259b\u0259r verir ki, bu s\u00f6zl\u0259ri Prezident\u00a0\u0130lham \u018fliyev\u00a0dekabr\u0131n 6-da ADA Universitetind\u0259 ke\u00e7iril\u0259n \u201cQaraba\u011f: 30 ild\u0259n sonra ev\u0259 d\u00f6n\u00fc\u015f. Nailiyy\u0259tl\u0259r v\u0259 \u00e7\u0259tinlikl\u0259r\u201d m\u00f6vzusuna h\u0259sr olunmu\u015f beyn\u0259lxalq forumda \u00e7\u0131x\u0131\u015f\u0131 zaman\u0131 deyib. D\u00f6vl\u0259timizin ba\u015f\u00e7\u0131s\u0131 bildirib ki, \u0259g\u0259r onlar Az\u0259rbaycana qay\u0131dacaqlarsa, bu, \u00f6lk\u0259mizin qanunlar\u0131 \u00e7\u0259r\u00e7iv\u0259sind\u0259 h\u0259yata ke\u00e7iril\u0259c\u0259k. Az\u0259rbaycanl\u0131lar\u0131n Erm\u0259nistan \u0259razisin\u0259 qay\u0131tmas\u0131 m\u0259s\u0259l\u0259sind\u0259n d\u0259 dan\u0131\u015fan Prezident \u0130lham \u018fliyev qeyd edib ki, Erm\u0259nistan t\u0259r\u0259fi d\u0259&hellip;<\/p>\n","protected":false},"author":2,"featured_media":665457,"comment_status":"closed","ping_status":"closed","sticky":false,"template":"","format":"standard","meta":{"om_disable_all_campaigns":false,"_monsterinsights_skip_tracking":false,"_monsterinsights_sitenote_active":false,"_monsterinsights_sitenote_note":"","_monsterinsights_sitenote_category":0},"categories":[4],"tags":[],"aioseo_notices":[],"gutentor_comment":0,"rttpg_featured_image_url":{"full":["https:\/\/arantv.az\/wp-content\/uploads\/2023\/12\/120317860_3579231125466911_5812416290775791461_o.jpg",620,413,false],"landscape":["https:\/\/arantv.az\/wp-content\/uploads\/2023\/12\/120317860_3579231125466911_5812416290775791461_o.jpg",620,413,false],"portraits":["https:\/\/arantv.az\/wp-content\/uploads\/2023\/12\/120317860_3579231125466911_5812416290775791461_o.jpg",620,413,false],"thumbnail":["https:\/\/arantv.az\/wp-content\/uploads\/2023\/12\/120317860_3579231125466911_5812416290775791461_o-500x280.jpg",500,280,true],"medium":["https:\/\/arantv.az\/wp-content\/uploads\/2023\/12\/120317860_3579231125466911_5812416290775791461_o-548x365.jpg",548,365,true],"large":["https:\/\/arantv.az\/wp-content\/uploads\/2023\/12\/120317860_3579231125466911_5812416290775791461_o.jpg",620,413,false],"1536x1536":["https:\/\/arantv.az\/wp-content\/uploads\/2023\/12\/120317860_3579231125466911_5812416290775791461_o.jpg",620,413,false],"2048x2048":["https:\/\/arantv.az\/wp-content\/uploads\/2023\/12\/120317860_3579231125466911_5812416290775791461_o.jpg",620,413,false],"post-thumbnail":["https:\/\/arantv.az\/wp-content\/uploads\/2023\/12\/120317860_3579231125466911_5812416290775791461_o-240x172.jpg",240,172,true],"advps-thumb-one":["https:\/\/arantv.az\/wp-content\/uploads\/2023\/12\/120317860_3579231125466911_5812416290775791461_o.jpg",620,413,false]},"rttpg_author":{"display_name":"V\u00fcsal Rafiqo\u011flu","author_link":"https:\/\/arantv.az\/?author=2"},"rttpg_comment":0,"rttpg_category":"<a href=\"https:\/\/arantv.az\/?cat=4\" rel=\"category\">Siyas\u0259t<\/a>","rttpg_excerpt":"\u201cO \u015f\u0259xsl\u0259r (Qaraba\u011f erm\u0259nil\u0259ri &#8211; red.) qay\u0131tmaq ist\u0259yirl\u0259r, onlar bunu ed\u0259 bil\u0259rl\u0259r. Onlar\u0131n m\u0259nzill\u0259ri, evl\u0259ri oldu\u011fu kimi qal\u0131r. Z\u0259ngilanda v\u0259 dig\u0259r yerl\u0259rd\u0259 yerl\u0259 bir olunmu\u015f evl\u0259rd\u0259n tam f\u0259rqli olaraq, onlar\u0131n m\u0259nzill\u0259ri var\u201d. AZ\u018fRTAC\u00a0x\u0259b\u0259r verir ki, bu s\u00f6zl\u0259ri Prezident\u00a0\u0130lham \u018fliyev\u00a0dekabr\u0131n 6-da ADA Universitetind\u0259 ke\u00e7iril\u0259n \u201cQaraba\u011f: 30 ild\u0259n sonra ev\u0259 d\u00f6n\u00fc\u015f. Nailiyy\u0259tl\u0259r v\u0259 \u00e7\u0259tinlikl\u0259r\u201d m\u00f6vzusuna h\u0259sr olunmu\u015f&hellip;","_links":{"self":[{"href":"https:\/\/arantv.az\/index.php?rest_route=\/wp\/v2\/posts\/665456"}],"collection":[{"href":"https:\/\/arantv.az\/index.php?rest_route=\/wp\/v2\/posts"}],"about":[{"href":"https:\/\/arantv.az\/index.php?rest_route=\/wp\/v2\/types\/post"}],"author":[{"embeddable":true,"href":"https:\/\/arantv.az\/index.php?rest_route=\/wp\/v2\/users\/2"}],"replies":[{"embeddable":true,"href":"https:\/\/arantv.az\/index.php?rest_route=%2Fwp%2Fv2%2Fcomments&post=665456"}],"version-history":[{"count":0,"href":"https:\/\/arantv.az\/index.php?rest_route=\/wp\/v2\/posts\/665456\/revisions"}],"wp:featuredmedia":[{"embeddable":true,"href":"https:\/\/arantv.az\/index.php?rest_route=\/wp\/v2\/media\/665457"}],"wp:attachment":[{"href":"https:\/\/arantv.az\/index.php?rest_route=%2Fwp%2Fv2%2Fmedia&parent=665456"}],"wp:term":[{"taxonomy":"category","embeddable":true,"href":"https:\/\/arantv.az\/index.php?rest_route=%2Fwp%2Fv2%2Fcategories&post=665456"},{"taxonomy":"post_tag","embeddable":true,"href":"https:\/\/arantv.az\/index.php?rest_route=%2Fwp%2Fv2%2Ftags&post=665456"}],"curies":[{"name":"wp","href":"https:\/\/api.w.org\/{rel}","templated":true}]}}