{"id":665460,"date":"2023-12-06T13:06:20","date_gmt":"2023-12-06T09:06:20","guid":{"rendered":"https:\/\/arantv.az\/?p=665460"},"modified":"2023-12-06T13:06:20","modified_gmt":"2023-12-06T09:06:20","slug":"prezident-az%c9%99rbaycanin-%c9%99razi-butovluyunun-imza-il%c9%99-t%c9%99sdiql%c9%99nm%c9%99sini-gozl%c9%99yirik","status":"publish","type":"post","link":"https:\/\/arantv.az\/?p=665460","title":{"rendered":"Prezident: \u201cAz\u0259rbaycan\u0131n \u0259razi b\u00fct\u00f6vl\u00fcy\u00fcn\u00fcn imza il\u0259 t\u0259sdiql\u0259nm\u0259sini g\u00f6zl\u0259yirik\u201d"},"content":{"rendered":"<p>\u201cBiz art\u0131q Az\u0259rbaycan\u0131n \u0259razi b\u00fct\u00f6vl\u00fcy\u00fcn\u00fcn b\u0259yanatlarla deyil, imza il\u0259 t\u0259sdiql\u0259nm\u0259sini g\u00f6zl\u0259yirik\u201d.<\/p>\n<p><a href=\"https:\/\/azertag.az\/xeber\/prezident_azerbaycanin_erazi_butovluyunun_imza_ile_tesdiqlenmesini_gozleyirik-2842291\" target=\"_blank\" rel=\"noopener\">AZ\u018fRTAC<\/a>\u00a0x\u0259b\u0259r verir ki, bu bar\u0259d\u0259 Prezident\u00a0<strong>\u0130lham \u018fliyev<\/strong>\u00a0dekabr\u0131n 6-da ADA Universitetind\u0259 ke\u00e7iril\u0259n \u201cQaraba\u011f: 30 ild\u0259n sonra ev\u0259 d\u00f6n\u00fc\u015f. Nailiyy\u0259tl\u0259r v\u0259 \u00e7\u0259tinlikl\u0259r\u201d m\u00f6vzusunda beyn\u0259lxalq forumda bildirib.<\/p>\n<p>\u201cErm\u0259nistan\u0131n \u0259razisini i\u015f\u011fal etm\u0259k kimi bir h\u0259d\u0259fimiz yoxdur\u201d, &#8211; dey\u0259n d\u00f6vl\u0259timizin ba\u015f\u00e7\u0131s\u0131 vur\u011fulay\u0131b ki, b\u0259z\u0259n \u0259sass\u0131z olaraq bizi bunda ittiham edirl\u0259r.<\/p>\n<p>\u201cBiz bunu etm\u0259k ist\u0259s\u0259ydik, ed\u0259rdik. Bunu a\u00e7\u0131q \u015f\u0259kild\u0259 b\u0259yan edir\u0259m. \u0130st\u0259nil\u0259n n\u00f6qteyi-n\u0259z\u0259rd\u0259n Az\u0259rbaycan \u00fc\u00e7\u00fcn b\u00f6y\u00fck problem deyil. Onlar bir g\u00fcn \u0259rzind\u0259 \u00f6z silahlar\u0131n\u0131 yer\u0259 qoydular v\u0259 bizim bayra\u011f\u0131m\u0131z Xank\u0259ndid\u0259 ucald\u0131ld\u0131. Biz bunu etm\u0259k ist\u0259mirik. Biz bunu etmiriks\u0259, bu o dem\u0259kdir ki, m\u0259n bu m\u0259s\u0259l\u0259d\u0259 haql\u0131yam\u201d, &#8211; dey\u0259 Az\u0259rbaycan Prezidenti vur\u011fulay\u0131b.<\/p>\n","protected":false},"excerpt":{"rendered":"<p>\u201cBiz art\u0131q Az\u0259rbaycan\u0131n \u0259razi b\u00fct\u00f6vl\u00fcy\u00fcn\u00fcn b\u0259yanatlarla deyil, imza il\u0259 t\u0259sdiql\u0259nm\u0259sini g\u00f6zl\u0259yirik\u201d. AZ\u018fRTAC\u00a0x\u0259b\u0259r verir ki, bu bar\u0259d\u0259 Prezident\u00a0\u0130lham \u018fliyev\u00a0dekabr\u0131n 6-da ADA Universitetind\u0259 ke\u00e7iril\u0259n \u201cQaraba\u011f: 30 ild\u0259n sonra ev\u0259 d\u00f6n\u00fc\u015f. Nailiyy\u0259tl\u0259r v\u0259 \u00e7\u0259tinlikl\u0259r\u201d m\u00f6vzusunda beyn\u0259lxalq forumda bildirib. \u201cErm\u0259nistan\u0131n \u0259razisini i\u015f\u011fal etm\u0259k kimi bir h\u0259d\u0259fimiz yoxdur\u201d, &#8211; dey\u0259n d\u00f6vl\u0259timizin ba\u015f\u00e7\u0131s\u0131 vur\u011fulay\u0131b ki, b\u0259z\u0259n \u0259sass\u0131z olaraq bizi bunda ittiham edirl\u0259r. \u201cBiz bunu etm\u0259k ist\u0259s\u0259ydik, ed\u0259rdik. Bunu a\u00e7\u0131q \u015f\u0259kild\u0259 b\u0259yan edir\u0259m. \u0130st\u0259nil\u0259n n\u00f6qteyi-n\u0259z\u0259rd\u0259n Az\u0259rbaycan \u00fc\u00e7\u00fcn b\u00f6y\u00fck problem deyil. Onlar bir g\u00fcn \u0259rzind\u0259 \u00f6z silahlar\u0131n\u0131 yer\u0259 qoydular v\u0259 bizim bayra\u011f\u0131m\u0131z Xank\u0259ndid\u0259 ucald\u0131ld\u0131. Biz bunu etm\u0259k ist\u0259mirik.&hellip;<\/p>\n","protected":false},"author":2,"featured_media":665461,"comment_status":"closed","ping_status":"closed","sticky":false,"template":"","format":"standard","meta":{"om_disable_all_campaigns":false,"_monsterinsights_skip_tracking":false,"_monsterinsights_sitenote_active":false,"_monsterinsights_sitenote_note":"","_monsterinsights_sitenote_category":0},"categories":[4],"tags":[],"aioseo_notices":[],"gutentor_comment":0,"rttpg_featured_image_url":{"full":["https:\/\/arantv.az\/wp-content\/uploads\/2023\/12\/17.jpg",620,413,false],"landscape":["https:\/\/arantv.az\/wp-content\/uploads\/2023\/12\/17.jpg",620,413,false],"portraits":["https:\/\/arantv.az\/wp-content\/uploads\/2023\/12\/17.jpg",620,413,false],"thumbnail":["https:\/\/arantv.az\/wp-content\/uploads\/2023\/12\/17-500x280.jpg",500,280,true],"medium":["https:\/\/arantv.az\/wp-content\/uploads\/2023\/12\/17-548x365.jpg",548,365,true],"large":["https:\/\/arantv.az\/wp-content\/uploads\/2023\/12\/17.jpg",620,413,false],"1536x1536":["https:\/\/arantv.az\/wp-content\/uploads\/2023\/12\/17.jpg",620,413,false],"2048x2048":["https:\/\/arantv.az\/wp-content\/uploads\/2023\/12\/17.jpg",620,413,false],"post-thumbnail":["https:\/\/arantv.az\/wp-content\/uploads\/2023\/12\/17-240x172.jpg",240,172,true],"advps-thumb-one":["https:\/\/arantv.az\/wp-content\/uploads\/2023\/12\/17.jpg",620,413,false]},"rttpg_author":{"display_name":"V\u00fcsal Rafiqo\u011flu","author_link":"https:\/\/arantv.az\/?author=2"},"rttpg_comment":0,"rttpg_category":"<a href=\"https:\/\/arantv.az\/?cat=4\" rel=\"category\">Siyas\u0259t<\/a>","rttpg_excerpt":"\u201cBiz art\u0131q Az\u0259rbaycan\u0131n \u0259razi b\u00fct\u00f6vl\u00fcy\u00fcn\u00fcn b\u0259yanatlarla deyil, imza il\u0259 t\u0259sdiql\u0259nm\u0259sini g\u00f6zl\u0259yirik\u201d. AZ\u018fRTAC\u00a0x\u0259b\u0259r verir ki, bu bar\u0259d\u0259 Prezident\u00a0\u0130lham \u018fliyev\u00a0dekabr\u0131n 6-da ADA Universitetind\u0259 ke\u00e7iril\u0259n \u201cQaraba\u011f: 30 ild\u0259n sonra ev\u0259 d\u00f6n\u00fc\u015f. Nailiyy\u0259tl\u0259r v\u0259 \u00e7\u0259tinlikl\u0259r\u201d m\u00f6vzusunda beyn\u0259lxalq forumda bildirib. \u201cErm\u0259nistan\u0131n \u0259razisini i\u015f\u011fal etm\u0259k kimi bir h\u0259d\u0259fimiz yoxdur\u201d, &#8211; dey\u0259n d\u00f6vl\u0259timizin ba\u015f\u00e7\u0131s\u0131 vur\u011fulay\u0131b ki, b\u0259z\u0259n \u0259sass\u0131z olaraq bizi bunda ittiham&hellip;","_links":{"self":[{"href":"https:\/\/arantv.az\/index.php?rest_route=\/wp\/v2\/posts\/665460"}],"collection":[{"href":"https:\/\/arantv.az\/index.php?rest_route=\/wp\/v2\/posts"}],"about":[{"href":"https:\/\/arantv.az\/index.php?rest_route=\/wp\/v2\/types\/post"}],"author":[{"embeddable":true,"href":"https:\/\/arantv.az\/index.php?rest_route=\/wp\/v2\/users\/2"}],"replies":[{"embeddable":true,"href":"https:\/\/arantv.az\/index.php?rest_route=%2Fwp%2Fv2%2Fcomments&post=665460"}],"version-history":[{"count":0,"href":"https:\/\/arantv.az\/index.php?rest_route=\/wp\/v2\/posts\/665460\/revisions"}],"wp:featuredmedia":[{"embeddable":true,"href":"https:\/\/arantv.az\/index.php?rest_route=\/wp\/v2\/media\/665461"}],"wp:attachment":[{"href":"https:\/\/arantv.az\/index.php?rest_route=%2Fwp%2Fv2%2Fmedia&parent=665460"}],"wp:term":[{"taxonomy":"category","embeddable":true,"href":"https:\/\/arantv.az\/index.php?rest_route=%2Fwp%2Fv2%2Fcategories&post=665460"},{"taxonomy":"post_tag","embeddable":true,"href":"https:\/\/arantv.az\/index.php?rest_route=%2Fwp%2Fv2%2Ftags&post=665460"}],"curies":[{"name":"wp","href":"https:\/\/api.w.org\/{rel}","templated":true}]}}