{"id":665467,"date":"2023-12-06T13:08:36","date_gmt":"2023-12-06T09:08:36","guid":{"rendered":"https:\/\/arantv.az\/?p=665467"},"modified":"2023-12-06T13:08:36","modified_gmt":"2023-12-06T09:08:36","slug":"ilah%c9%99-huseynova-bqxk-erm%c9%99nistanda-saxlanilan-iki-az%c9%99rbaycanlinin-v%c9%99ziyy%c9%99ti-il%c9%99-maraqlanir","status":"publish","type":"post","link":"https:\/\/arantv.az\/?p=665467","title":{"rendered":"\u0130lah\u0259 H\u00fcseynova: \u201cBQXK Erm\u0259nistanda saxlan\u0131lan iki az\u0259rbaycanl\u0131n\u0131n v\u0259ziyy\u0259ti il\u0259 maraqlan\u0131r\u201d"},"content":{"rendered":"<p>Beyn\u0259lxalq Q\u0131z\u0131l Xa\u00e7 Komit\u0259si (BQXK) haz\u0131rda Erm\u0259nistanda saxlan\u0131lan iki az\u0259rbaycanl\u0131n\u0131n v\u0259ziyy\u0259ti il\u0259 maraqlan\u0131r.<\/p>\n<p>\u201cReport\u201dun Q\u0259rb b\u00fcrosunun m\u0259lumat\u0131na g\u00f6r\u0259, bunu komit\u0259nin Az\u0259rbaycan n\u00fcmay\u0259nd\u0259liyinin ictimaiyy\u0259tl\u0259 \u0259laq\u0259l\u0259r \u015f\u00f6b\u0259sinin r\u0259hb\u0259ri \u0130lah\u0259 H\u00fcseynova dekabr\u0131n 6-da Naftalan \u015f\u0259h\u0259rind\u0259 media qurumlar\u0131n\u0131n regional n\u00fcmay\u0259nd\u0259l\u0259ri \u00fc\u00e7\u00fcn m\u0259lumat sessiyas\u0131 zaman\u0131 bildirib.<\/p>\n<p>Onun s\u00f6zl\u0259rin\u0259 g\u00f6r\u0259, haz\u0131rda BQXK \u0259m\u0259kda\u015flar\u0131 Erm\u0259nistanda iki\u00a0n\u0259f\u0259r\u0259 ba\u015f \u00e7\u0259kir, onlar\u0131n v\u0259ziyy\u0259ti il\u0259 maraqlan\u0131r, ail\u0259l\u0259ri il\u0259 \u0259laq\u0259 saxlamalar\u0131 \u00fc\u00e7\u00fcn \u015f\u0259rait yarad\u0131rlar.<\/p>\n<p>Xat\u0131rladaq ki, Az\u0259rbaycan Ordusunun \u0259sg\u0259rl\u0259ri &#8211; 2004-c\u00fc il t\u0259v\u0259ll\u00fcdl\u00fc Aq\u015fin Qabil o\u011flu B\u0259birov\u00a0v\u0259 2003-c\u00fc il t\u0259v\u0259ll\u00fcdl\u00fc H\u00fcseyn \u018fhliman o\u011flu Axundov\u00a0aprelin 9-da Nax\u00e7\u0131van Muxtar Respublikas\u0131n\u0131n \u015eahbuz rayonunun Erm\u0259nistanla s\u0259rh\u0259d \u0259razisind\u0259 \u0259lveri\u015fsiz hava \u015f\u0259raitind\u0259 m\u0259hdud g\u00f6rm\u0259 s\u0259b\u0259bind\u0259n itkin d\u00fc\u015f\u00fcbl\u0259r.<\/p>\n<p>Erm\u0259nistan M\u00fcdafi\u0259 Nazirliyi aprelin 13-d\u0259 Az\u0259rbaycan \u0259sg\u0259rl\u0259rinin Erm\u0259nistanda saxland\u0131\u011f\u0131n\u0131 etiraf edib. Sosial \u015f\u0259b\u0259k\u0259l\u0259rd\u0259 v\u0259 Erm\u0259nistan medias\u0131nda erm\u0259nil\u0259rin \u0259sir g\u00f6t\u00fcrd\u00fckl\u0259ri Az\u0259rbaycan h\u0259rb\u00e7isini d\u00f6ym\u0259l\u0259ri, ona a\u011f\u0131r i\u015fg\u0259nc\u0259 verm\u0259l\u0259ri il\u0259 ba\u011fl\u0131 g\u00f6r\u00fcnt\u00fcl\u0259r yay\u0131l\u0131b.<\/p>\n<p>Erm\u0259nistan m\u0259hk\u0259m\u0259si may\u0131n 8-d\u0259 A.B\u0259birovu 11,5 il m\u00fcdd\u0259tin\u0259, iyunun 21-d\u0259 is\u0259 H.Axundovu 20 il m\u00fcdd\u0259tin\u0259 azadl\u0131qdan m\u0259hrum edib.<\/p>\n","protected":false},"excerpt":{"rendered":"<p>Beyn\u0259lxalq Q\u0131z\u0131l Xa\u00e7 Komit\u0259si (BQXK) haz\u0131rda Erm\u0259nistanda saxlan\u0131lan iki az\u0259rbaycanl\u0131n\u0131n v\u0259ziyy\u0259ti il\u0259 maraqlan\u0131r. \u201cReport\u201dun Q\u0259rb b\u00fcrosunun m\u0259lumat\u0131na g\u00f6r\u0259, bunu komit\u0259nin Az\u0259rbaycan n\u00fcmay\u0259nd\u0259liyinin ictimaiyy\u0259tl\u0259 \u0259laq\u0259l\u0259r \u015f\u00f6b\u0259sinin r\u0259hb\u0259ri \u0130lah\u0259 H\u00fcseynova dekabr\u0131n 6-da Naftalan \u015f\u0259h\u0259rind\u0259 media qurumlar\u0131n\u0131n regional n\u00fcmay\u0259nd\u0259l\u0259ri \u00fc\u00e7\u00fcn m\u0259lumat sessiyas\u0131 zaman\u0131 bildirib. Onun s\u00f6zl\u0259rin\u0259 g\u00f6r\u0259, haz\u0131rda BQXK \u0259m\u0259kda\u015flar\u0131 Erm\u0259nistanda iki\u00a0n\u0259f\u0259r\u0259 ba\u015f \u00e7\u0259kir, onlar\u0131n v\u0259ziyy\u0259ti il\u0259 maraqlan\u0131r, ail\u0259l\u0259ri il\u0259 \u0259laq\u0259 saxlamalar\u0131 \u00fc\u00e7\u00fcn \u015f\u0259rait yarad\u0131rlar. Xat\u0131rladaq ki, Az\u0259rbaycan Ordusunun \u0259sg\u0259rl\u0259ri &#8211; 2004-c\u00fc il t\u0259v\u0259ll\u00fcdl\u00fc Aq\u015fin Qabil o\u011flu B\u0259birov\u00a0v\u0259 2003-c\u00fc il t\u0259v\u0259ll\u00fcdl\u00fc H\u00fcseyn \u018fhliman o\u011flu Axundov\u00a0aprelin 9-da Nax\u00e7\u0131van Muxtar Respublikas\u0131n\u0131n \u015eahbuz rayonunun Erm\u0259nistanla s\u0259rh\u0259d&hellip;<\/p>\n","protected":false},"author":2,"featured_media":665468,"comment_status":"closed","ping_status":"closed","sticky":false,"template":"","format":"standard","meta":{"om_disable_all_campaigns":false,"_monsterinsights_skip_tracking":false,"_monsterinsights_sitenote_active":false,"_monsterinsights_sitenote_note":"","_monsterinsights_sitenote_category":0},"categories":[4],"tags":[],"aioseo_notices":[],"gutentor_comment":0,"rttpg_featured_image_url":{"full":["https:\/\/arantv.az\/wp-content\/uploads\/2023\/12\/FotoJet-62.jpg",620,413,false],"landscape":["https:\/\/arantv.az\/wp-content\/uploads\/2023\/12\/FotoJet-62.jpg",620,413,false],"portraits":["https:\/\/arantv.az\/wp-content\/uploads\/2023\/12\/FotoJet-62.jpg",620,413,false],"thumbnail":["https:\/\/arantv.az\/wp-content\/uploads\/2023\/12\/FotoJet-62-500x280.jpg",500,280,true],"medium":["https:\/\/arantv.az\/wp-content\/uploads\/2023\/12\/FotoJet-62-548x365.jpg",548,365,true],"large":["https:\/\/arantv.az\/wp-content\/uploads\/2023\/12\/FotoJet-62.jpg",620,413,false],"1536x1536":["https:\/\/arantv.az\/wp-content\/uploads\/2023\/12\/FotoJet-62.jpg",620,413,false],"2048x2048":["https:\/\/arantv.az\/wp-content\/uploads\/2023\/12\/FotoJet-62.jpg",620,413,false],"post-thumbnail":["https:\/\/arantv.az\/wp-content\/uploads\/2023\/12\/FotoJet-62-240x172.jpg",240,172,true],"advps-thumb-one":["https:\/\/arantv.az\/wp-content\/uploads\/2023\/12\/FotoJet-62.jpg",620,413,false]},"rttpg_author":{"display_name":"V\u00fcsal Rafiqo\u011flu","author_link":"https:\/\/arantv.az\/?author=2"},"rttpg_comment":0,"rttpg_category":"<a href=\"https:\/\/arantv.az\/?cat=4\" rel=\"category\">Siyas\u0259t<\/a>","rttpg_excerpt":"Beyn\u0259lxalq Q\u0131z\u0131l Xa\u00e7 Komit\u0259si (BQXK) haz\u0131rda Erm\u0259nistanda saxlan\u0131lan iki az\u0259rbaycanl\u0131n\u0131n v\u0259ziyy\u0259ti il\u0259 maraqlan\u0131r. \u201cReport\u201dun Q\u0259rb b\u00fcrosunun m\u0259lumat\u0131na g\u00f6r\u0259, bunu komit\u0259nin Az\u0259rbaycan n\u00fcmay\u0259nd\u0259liyinin ictimaiyy\u0259tl\u0259 \u0259laq\u0259l\u0259r \u015f\u00f6b\u0259sinin r\u0259hb\u0259ri \u0130lah\u0259 H\u00fcseynova dekabr\u0131n 6-da Naftalan \u015f\u0259h\u0259rind\u0259 media qurumlar\u0131n\u0131n regional n\u00fcmay\u0259nd\u0259l\u0259ri \u00fc\u00e7\u00fcn m\u0259lumat sessiyas\u0131 zaman\u0131 bildirib. Onun s\u00f6zl\u0259rin\u0259 g\u00f6r\u0259, haz\u0131rda BQXK \u0259m\u0259kda\u015flar\u0131 Erm\u0259nistanda iki\u00a0n\u0259f\u0259r\u0259 ba\u015f \u00e7\u0259kir, onlar\u0131n v\u0259ziyy\u0259ti il\u0259 maraqlan\u0131r,&hellip;","_links":{"self":[{"href":"https:\/\/arantv.az\/index.php?rest_route=\/wp\/v2\/posts\/665467"}],"collection":[{"href":"https:\/\/arantv.az\/index.php?rest_route=\/wp\/v2\/posts"}],"about":[{"href":"https:\/\/arantv.az\/index.php?rest_route=\/wp\/v2\/types\/post"}],"author":[{"embeddable":true,"href":"https:\/\/arantv.az\/index.php?rest_route=\/wp\/v2\/users\/2"}],"replies":[{"embeddable":true,"href":"https:\/\/arantv.az\/index.php?rest_route=%2Fwp%2Fv2%2Fcomments&post=665467"}],"version-history":[{"count":0,"href":"https:\/\/arantv.az\/index.php?rest_route=\/wp\/v2\/posts\/665467\/revisions"}],"wp:featuredmedia":[{"embeddable":true,"href":"https:\/\/arantv.az\/index.php?rest_route=\/wp\/v2\/media\/665468"}],"wp:attachment":[{"href":"https:\/\/arantv.az\/index.php?rest_route=%2Fwp%2Fv2%2Fmedia&parent=665467"}],"wp:term":[{"taxonomy":"category","embeddable":true,"href":"https:\/\/arantv.az\/index.php?rest_route=%2Fwp%2Fv2%2Fcategories&post=665467"},{"taxonomy":"post_tag","embeddable":true,"href":"https:\/\/arantv.az\/index.php?rest_route=%2Fwp%2Fv2%2Ftags&post=665467"}],"curies":[{"name":"wp","href":"https:\/\/api.w.org\/{rel}","templated":true}]}}