{"id":665486,"date":"2023-12-06T13:24:45","date_gmt":"2023-12-06T09:24:45","guid":{"rendered":"https:\/\/arantv.az\/?p=665486"},"modified":"2023-12-06T13:24:45","modified_gmt":"2023-12-06T09:24:45","slug":"balaban-unesco-nun-qeyri-maddi-m%c9%99d%c9%99ni-irs-siyahisina-daxil-edildi-foto","status":"publish","type":"post","link":"https:\/\/arantv.az\/?p=665486","title":{"rendered":"Balaban UNESCO-nun Qeyri-maddi M\u0259d\u0259ni \u0130rs Siyah\u0131s\u0131na daxil edildi &#8211; FOTO"},"content":{"rendered":"<p>Az\u0259rbaycan v\u0259 T\u00fcrkiy\u0259nin birg\u0259 haz\u0131rlad\u0131\u011f\u0131 \u201cBalaban\/ney s\u0259n\u0259tkarl\u0131\u011f\u0131 v\u0259 ifa\u00e7\u0131l\u0131q s\u0259n\u0259ti\u201d \u00e7oxmill\u0259tli m\u0259d\u0259niyy\u0259t elementi Qeyri-Maddi M\u0259d\u0259ni \u0130rsin M\u00fchafiz\u0259si Komit\u0259sinin 18-ci sessiyas\u0131nda UNESCO-nun B\u0259\u015f\u0259riyy\u0259tin Qeyri-Maddi M\u0259d\u0259ni \u0130rs \u00fczr\u0259 T\u0259msil\u00e7ilik Siyah\u0131s\u0131na (\u0130CH) daxil edilib.<\/p>\n<p>Bu bar\u0259d\u0259 UNESCO \u00fczr\u0259 Az\u0259rbaycan Milli Komissiyas\u0131n\u0131n \u201cX\u201d\u00a0hesab\u0131nda payla\u015f\u0131m edilib.<\/p>\n<p>Bildirilib ki, art\u0131q Az\u0259rbaycan\u0131n B\u0259\u015f\u0259riyy\u0259tin Qeyri-Maddi M\u0259d\u0259ni \u0130rs Siyah\u0131s\u0131nda 23 elementi var.<\/p>\n<p>Yeni \u0259lav\u0259 olunanlar a\u015fa\u011f\u0131dak\u0131lard\u0131r:<\/p>\n<p>&#8211; \u0130\u015f\u0131q s\u0259n\u0259ti: T\u0259zhib\/Tazhib;<\/p>\n<p>&#8211; \u0130ftar v\u0259 onun sosial-m\u0259d\u0259ni \u0259n\u0259n\u0259l\u0259ri;<\/p>\n<p>&#8211; Balaban\/ney s\u0259n\u0259tkarl\u0131\u011f\u0131 v\u0259 ifa\u00e7\u0131l\u0131q s\u0259n\u0259ti;<\/p>\n<p>&#8211; S\u0259d\u0259f d\u00fczm\u0259 s\u0259n\u0259tkarl\u0131\u011f\u0131.<\/p>\n<div>\n<div class=\"twitter-tweet twitter-tweet-rendered\"><iframe id=\"twitter-widget-0\" class=\"\" title=\"Twitter Tweet\" src=\"https:\/\/platform.twitter.com\/embed\/Tweet.html?creatorScreenName=oxuaz&amp;dnt=false&amp;embedId=twitter-widget-0&amp;features=eyJ0ZndfdGltZWxpbmVfbGlzdCI6eyJidWNrZXQiOltdLCJ2ZXJzaW9uIjpudWxsfSwidGZ3X2ZvbGxvd2VyX2NvdW50X3N1bnNldCI6eyJidWNrZXQiOnRydWUsInZlcnNpb24iOm51bGx9LCJ0ZndfdHdlZXRfZWRpdF9iYWNrZW5kIjp7ImJ1Y2tldCI6Im9uIiwidmVyc2lvbiI6bnVsbH0sInRmd19yZWZzcmNfc2Vzc2lvbiI6eyJidWNrZXQiOiJvbiIsInZlcnNpb24iOm51bGx9LCJ0ZndfZm9zbnJfc29mdF9pbnRlcnZlbnRpb25zX2VuYWJsZWQiOnsiYnVja2V0Ijoib24iLCJ2ZXJzaW9uIjpudWxsfSwidGZ3X21peGVkX21lZGlhXzE1ODk3Ijp7ImJ1Y2tldCI6InRyZWF0bWVudCIsInZlcnNpb24iOm51bGx9LCJ0ZndfZXhwZXJpbWVudHNfY29va2llX2V4cGlyYXRpb24iOnsiYnVja2V0IjoxMjA5NjAwLCJ2ZXJzaW9uIjpudWxsfSwidGZ3X3Nob3dfYmlyZHdhdGNoX3Bpdm90c19lbmFibGVkIjp7ImJ1Y2tldCI6Im9uIiwidmVyc2lvbiI6bnVsbH0sInRmd19kdXBsaWNhdGVfc2NyaWJlc190b19zZXR0aW5ncyI6eyJidWNrZXQiOiJvbiIsInZlcnNpb24iOm51bGx9LCJ0ZndfdXNlX3Byb2ZpbGVfaW1hZ2Vfc2hhcGVfZW5hYmxlZCI6eyJidWNrZXQiOiJvbiIsInZlcnNpb24iOm51bGx9LCJ0ZndfdmlkZW9faGxzX2R5bmFtaWNfbWFuaWZlc3RzXzE1MDgyIjp7ImJ1Y2tldCI6InRydWVfYml0cmF0ZSIsInZlcnNpb24iOm51bGx9LCJ0ZndfbGVnYWN5X3RpbWVsaW5lX3N1bnNldCI6eyJidWNrZXQiOnRydWUsInZlcnNpb24iOm51bGx9LCJ0ZndfdHdlZXRfZWRpdF9mcm9udGVuZCI6eyJidWNrZXQiOiJvbiIsInZlcnNpb24iOm51bGx9fQ%3D%3D&amp;frame=false&amp;hideCard=false&amp;hideThread=false&amp;id=1732319079099207775&amp;lang=en&amp;origin=https%3A%2F%2Foxu.az%2Fculture%2F812156&amp;sessionId=17db9fcdc8ce87f3d96af4320494bfcf3e46fa90&amp;siteScreenName=oxuaz&amp;theme=light&amp;widgetsVersion=01917f4d1d4cb%3A1696883169554&amp;width=550px\" frameborder=\"0\" scrolling=\"no\" allowfullscreen=\"allowfullscreen\" data-tweet-id=\"1732319079099207775\" data-mce-fragment=\"1\"><\/iframe><\/div>\n<\/div>\n<p>&nbsp;<\/p>\n","protected":false},"excerpt":{"rendered":"<p>Az\u0259rbaycan v\u0259 T\u00fcrkiy\u0259nin birg\u0259 haz\u0131rlad\u0131\u011f\u0131 \u201cBalaban\/ney s\u0259n\u0259tkarl\u0131\u011f\u0131 v\u0259 ifa\u00e7\u0131l\u0131q s\u0259n\u0259ti\u201d \u00e7oxmill\u0259tli m\u0259d\u0259niyy\u0259t elementi Qeyri-Maddi M\u0259d\u0259ni \u0130rsin M\u00fchafiz\u0259si Komit\u0259sinin 18-ci sessiyas\u0131nda UNESCO-nun B\u0259\u015f\u0259riyy\u0259tin Qeyri-Maddi M\u0259d\u0259ni \u0130rs \u00fczr\u0259 T\u0259msil\u00e7ilik Siyah\u0131s\u0131na (\u0130CH) daxil edilib. Bu bar\u0259d\u0259 UNESCO \u00fczr\u0259 Az\u0259rbaycan Milli Komissiyas\u0131n\u0131n \u201cX\u201d\u00a0hesab\u0131nda payla\u015f\u0131m edilib. Bildirilib ki, art\u0131q Az\u0259rbaycan\u0131n B\u0259\u015f\u0259riyy\u0259tin Qeyri-Maddi M\u0259d\u0259ni \u0130rs Siyah\u0131s\u0131nda 23 elementi var. Yeni \u0259lav\u0259 olunanlar a\u015fa\u011f\u0131dak\u0131lard\u0131r: &#8211; \u0130\u015f\u0131q s\u0259n\u0259ti: T\u0259zhib\/Tazhib; &#8211; \u0130ftar v\u0259 onun sosial-m\u0259d\u0259ni \u0259n\u0259n\u0259l\u0259ri; &#8211; Balaban\/ney s\u0259n\u0259tkarl\u0131\u011f\u0131 v\u0259 ifa\u00e7\u0131l\u0131q s\u0259n\u0259ti; &#8211; S\u0259d\u0259f d\u00fczm\u0259 s\u0259n\u0259tkarl\u0131\u011f\u0131. &nbsp;<\/p>\n","protected":false},"author":2,"featured_media":665487,"comment_status":"closed","ping_status":"closed","sticky":false,"template":"","format":"standard","meta":{"om_disable_all_campaigns":false,"_monsterinsights_skip_tracking":false,"_monsterinsights_sitenote_active":false,"_monsterinsights_sitenote_note":"","_monsterinsights_sitenote_category":0},"categories":[1],"tags":[],"aioseo_notices":[],"gutentor_comment":0,"rttpg_featured_image_url":{"full":["https:\/\/arantv.az\/wp-content\/uploads\/2023\/12\/GApvAUCXAAAVZlX.jpg",620,413,false],"landscape":["https:\/\/arantv.az\/wp-content\/uploads\/2023\/12\/GApvAUCXAAAVZlX.jpg",620,413,false],"portraits":["https:\/\/arantv.az\/wp-content\/uploads\/2023\/12\/GApvAUCXAAAVZlX.jpg",620,413,false],"thumbnail":["https:\/\/arantv.az\/wp-content\/uploads\/2023\/12\/GApvAUCXAAAVZlX-500x280.jpg",500,280,true],"medium":["https:\/\/arantv.az\/wp-content\/uploads\/2023\/12\/GApvAUCXAAAVZlX-548x365.jpg",548,365,true],"large":["https:\/\/arantv.az\/wp-content\/uploads\/2023\/12\/GApvAUCXAAAVZlX.jpg",620,413,false],"1536x1536":["https:\/\/arantv.az\/wp-content\/uploads\/2023\/12\/GApvAUCXAAAVZlX.jpg",620,413,false],"2048x2048":["https:\/\/arantv.az\/wp-content\/uploads\/2023\/12\/GApvAUCXAAAVZlX.jpg",620,413,false],"post-thumbnail":["https:\/\/arantv.az\/wp-content\/uploads\/2023\/12\/GApvAUCXAAAVZlX-240x172.jpg",240,172,true],"advps-thumb-one":["https:\/\/arantv.az\/wp-content\/uploads\/2023\/12\/GApvAUCXAAAVZlX.jpg",620,413,false]},"rttpg_author":{"display_name":"V\u00fcsal Rafiqo\u011flu","author_link":"https:\/\/arantv.az\/?author=2"},"rttpg_comment":0,"rttpg_category":"<a href=\"https:\/\/arantv.az\/?cat=1\" rel=\"category\">C\u0259miyy\u0259t<\/a>","rttpg_excerpt":"Az\u0259rbaycan v\u0259 T\u00fcrkiy\u0259nin birg\u0259 haz\u0131rlad\u0131\u011f\u0131 \u201cBalaban\/ney s\u0259n\u0259tkarl\u0131\u011f\u0131 v\u0259 ifa\u00e7\u0131l\u0131q s\u0259n\u0259ti\u201d \u00e7oxmill\u0259tli m\u0259d\u0259niyy\u0259t elementi Qeyri-Maddi M\u0259d\u0259ni \u0130rsin M\u00fchafiz\u0259si Komit\u0259sinin 18-ci sessiyas\u0131nda UNESCO-nun B\u0259\u015f\u0259riyy\u0259tin Qeyri-Maddi M\u0259d\u0259ni \u0130rs \u00fczr\u0259 T\u0259msil\u00e7ilik Siyah\u0131s\u0131na (\u0130CH) daxil edilib. Bu bar\u0259d\u0259 UNESCO \u00fczr\u0259 Az\u0259rbaycan Milli Komissiyas\u0131n\u0131n \u201cX\u201d\u00a0hesab\u0131nda payla\u015f\u0131m edilib. Bildirilib ki, art\u0131q Az\u0259rbaycan\u0131n B\u0259\u015f\u0259riyy\u0259tin Qeyri-Maddi M\u0259d\u0259ni \u0130rs Siyah\u0131s\u0131nda 23 elementi var. Yeni \u0259lav\u0259&hellip;","_links":{"self":[{"href":"https:\/\/arantv.az\/index.php?rest_route=\/wp\/v2\/posts\/665486"}],"collection":[{"href":"https:\/\/arantv.az\/index.php?rest_route=\/wp\/v2\/posts"}],"about":[{"href":"https:\/\/arantv.az\/index.php?rest_route=\/wp\/v2\/types\/post"}],"author":[{"embeddable":true,"href":"https:\/\/arantv.az\/index.php?rest_route=\/wp\/v2\/users\/2"}],"replies":[{"embeddable":true,"href":"https:\/\/arantv.az\/index.php?rest_route=%2Fwp%2Fv2%2Fcomments&post=665486"}],"version-history":[{"count":0,"href":"https:\/\/arantv.az\/index.php?rest_route=\/wp\/v2\/posts\/665486\/revisions"}],"wp:featuredmedia":[{"embeddable":true,"href":"https:\/\/arantv.az\/index.php?rest_route=\/wp\/v2\/media\/665487"}],"wp:attachment":[{"href":"https:\/\/arantv.az\/index.php?rest_route=%2Fwp%2Fv2%2Fmedia&parent=665486"}],"wp:term":[{"taxonomy":"category","embeddable":true,"href":"https:\/\/arantv.az\/index.php?rest_route=%2Fwp%2Fv2%2Fcategories&post=665486"},{"taxonomy":"post_tag","embeddable":true,"href":"https:\/\/arantv.az\/index.php?rest_route=%2Fwp%2Fv2%2Ftags&post=665486"}],"curies":[{"name":"wp","href":"https:\/\/api.w.org\/{rel}","templated":true}]}}