{"id":665497,"date":"2023-12-06T13:37:09","date_gmt":"2023-12-06T09:37:09","guid":{"rendered":"https:\/\/arantv.az\/?p=665497"},"modified":"2023-12-06T13:37:09","modified_gmt":"2023-12-06T09:37:09","slug":"doqquz-ayda-qadinlara-qarsi-5-034-cinay%c9%99t-hadis%c9%99si-tor%c9%99dilib","status":"publish","type":"post","link":"https:\/\/arantv.az\/?p=665497","title":{"rendered":"Doqquz ayda qad\u0131nlara qar\u015f\u0131 5 034 cinay\u0259t hadis\u0259si t\u00f6r\u0259dilib"},"content":{"rendered":"<p>\u201c2023-c\u00fc ilin doqquz ay\u0131nda qad\u0131nlara qar\u015f\u0131 5 034 cinay\u0259t hadis\u0259si t\u00f6r\u0259dilib\u201d.<\/p>\n<p><strong>ARANTV.AZ<\/strong>-\u0131n m\u0259lumat\u0131na g\u00f6r\u0259, bunu \u201cM\u0259i\u015f\u0259t zorak\u0131l\u0131\u011f\u0131n\u0131n qar\u015f\u0131s\u0131n\u0131n al\u0131nmas\u0131: \u0130mkanlar v\u0259 perspektivl\u0259r\u201d m\u00f6vzusunda beyn\u0259lxalq konfransda panel m\u00fczakir\u0259si zaman\u0131 \u00e7\u0131x\u0131\u015f\u0131nda Ba\u015f Prokurorlu\u011fun Daxili i\u015fl\u0259r orqanlar\u0131n\u0131n istintaq, t\u0259hqiqat v\u0259 \u0259m\u0259liyyat-axtar\u0131\u015f f\u0259aliyy\u0259tind\u0259 qanunlar\u0131n icras\u0131na n\u0259zar\u0259t idar\u0259sinin b\u00f6y\u00fck prokuroru Rafael S\u00fcleymanov bildirib.<\/p>\n<p>Onun s\u00f6zl\u0259rin\u0259 g\u00f6r\u0259, bu ilin doqquz ay\u0131nda ail\u0259-m\u0259i\u015f\u0259t zorak\u0131l\u0131\u011f\u0131 z\u0259minind\u0259 qad\u0131nlara qar\u015f\u0131 t\u00f6r\u0259dil\u0259n cinay\u0259tl\u0259rin say\u0131 1 296 olub.<\/p>\n<p>O, h\u0259m\u00e7inin qeyd edib ki, ail\u0259-m\u0259i\u015f\u0259t z\u0259minind\u0259 t\u00f6r\u0259dil\u0259n cinay\u0259tl\u0259rin 1062-d\u0259 z\u0259r\u0259r\u00e7\u0259kmi\u015f \u015f\u0259xsl\u0259r qad\u0131nlar, 344-d\u0259 &#8211; ki\u015fil\u0259r, 14-d\u0259 &#8211; yetkinlik ya\u015f\u0131na \u00e7atmayan \u015f\u0259xsl\u0259r olub.<\/p>\n","protected":false},"excerpt":{"rendered":"<p>\u201c2023-c\u00fc ilin doqquz ay\u0131nda qad\u0131nlara qar\u015f\u0131 5 034 cinay\u0259t hadis\u0259si t\u00f6r\u0259dilib\u201d. ARANTV.AZ-\u0131n m\u0259lumat\u0131na g\u00f6r\u0259, bunu \u201cM\u0259i\u015f\u0259t zorak\u0131l\u0131\u011f\u0131n\u0131n qar\u015f\u0131s\u0131n\u0131n al\u0131nmas\u0131: \u0130mkanlar v\u0259 perspektivl\u0259r\u201d m\u00f6vzusunda beyn\u0259lxalq konfransda panel m\u00fczakir\u0259si zaman\u0131 \u00e7\u0131x\u0131\u015f\u0131nda Ba\u015f Prokurorlu\u011fun Daxili i\u015fl\u0259r orqanlar\u0131n\u0131n istintaq, t\u0259hqiqat v\u0259 \u0259m\u0259liyyat-axtar\u0131\u015f f\u0259aliyy\u0259tind\u0259 qanunlar\u0131n icras\u0131na n\u0259zar\u0259t idar\u0259sinin b\u00f6y\u00fck prokuroru Rafael S\u00fcleymanov bildirib. Onun s\u00f6zl\u0259rin\u0259 g\u00f6r\u0259, bu ilin doqquz ay\u0131nda ail\u0259-m\u0259i\u015f\u0259t zorak\u0131l\u0131\u011f\u0131 z\u0259minind\u0259 qad\u0131nlara qar\u015f\u0131 t\u00f6r\u0259dil\u0259n cinay\u0259tl\u0259rin say\u0131 1 296 olub. O, h\u0259m\u00e7inin qeyd edib ki, ail\u0259-m\u0259i\u015f\u0259t z\u0259minind\u0259 t\u00f6r\u0259dil\u0259n cinay\u0259tl\u0259rin 1062-d\u0259 z\u0259r\u0259r\u00e7\u0259kmi\u015f \u015f\u0259xsl\u0259r qad\u0131nlar, 344-d\u0259 &#8211; ki\u015fil\u0259r, 14-d\u0259 &#8211; yetkinlik ya\u015f\u0131na \u00e7atmayan \u015f\u0259xsl\u0259r olub.<\/p>\n","protected":false},"author":2,"featured_media":651481,"comment_status":"closed","ping_status":"closed","sticky":false,"template":"","format":"standard","meta":{"om_disable_all_campaigns":false,"_monsterinsights_skip_tracking":false,"_monsterinsights_sitenote_active":false,"_monsterinsights_sitenote_note":"","_monsterinsights_sitenote_category":0},"categories":[1],"tags":[],"aioseo_notices":[],"gutentor_comment":0,"rttpg_featured_image_url":{"full":["https:\/\/arantv.az\/wp-content\/uploads\/2023\/10\/Qadin76.jpg",620,413,false],"landscape":["https:\/\/arantv.az\/wp-content\/uploads\/2023\/10\/Qadin76.jpg",620,413,false],"portraits":["https:\/\/arantv.az\/wp-content\/uploads\/2023\/10\/Qadin76.jpg",620,413,false],"thumbnail":["https:\/\/arantv.az\/wp-content\/uploads\/2023\/10\/Qadin76-500x280.jpg",500,280,true],"medium":["https:\/\/arantv.az\/wp-content\/uploads\/2023\/10\/Qadin76-548x365.jpg",548,365,true],"large":["https:\/\/arantv.az\/wp-content\/uploads\/2023\/10\/Qadin76.jpg",620,413,false],"1536x1536":["https:\/\/arantv.az\/wp-content\/uploads\/2023\/10\/Qadin76.jpg",620,413,false],"2048x2048":["https:\/\/arantv.az\/wp-content\/uploads\/2023\/10\/Qadin76.jpg",620,413,false],"post-thumbnail":["https:\/\/arantv.az\/wp-content\/uploads\/2023\/10\/Qadin76-240x172.jpg",240,172,true],"advps-thumb-one":["https:\/\/arantv.az\/wp-content\/uploads\/2023\/10\/Qadin76.jpg",620,413,false]},"rttpg_author":{"display_name":"V\u00fcsal Rafiqo\u011flu","author_link":"https:\/\/arantv.az\/?author=2"},"rttpg_comment":0,"rttpg_category":"<a href=\"https:\/\/arantv.az\/?cat=1\" rel=\"category\">C\u0259miyy\u0259t<\/a>","rttpg_excerpt":"\u201c2023-c\u00fc ilin doqquz ay\u0131nda qad\u0131nlara qar\u015f\u0131 5 034 cinay\u0259t hadis\u0259si t\u00f6r\u0259dilib\u201d. ARANTV.AZ-\u0131n m\u0259lumat\u0131na g\u00f6r\u0259, bunu \u201cM\u0259i\u015f\u0259t zorak\u0131l\u0131\u011f\u0131n\u0131n qar\u015f\u0131s\u0131n\u0131n al\u0131nmas\u0131: \u0130mkanlar v\u0259 perspektivl\u0259r\u201d m\u00f6vzusunda beyn\u0259lxalq konfransda panel m\u00fczakir\u0259si zaman\u0131 \u00e7\u0131x\u0131\u015f\u0131nda Ba\u015f Prokurorlu\u011fun Daxili i\u015fl\u0259r orqanlar\u0131n\u0131n istintaq, t\u0259hqiqat v\u0259 \u0259m\u0259liyyat-axtar\u0131\u015f f\u0259aliyy\u0259tind\u0259 qanunlar\u0131n icras\u0131na n\u0259zar\u0259t idar\u0259sinin b\u00f6y\u00fck prokuroru Rafael S\u00fcleymanov bildirib. Onun s\u00f6zl\u0259rin\u0259 g\u00f6r\u0259, bu ilin doqquz ay\u0131nda&hellip;","_links":{"self":[{"href":"https:\/\/arantv.az\/index.php?rest_route=\/wp\/v2\/posts\/665497"}],"collection":[{"href":"https:\/\/arantv.az\/index.php?rest_route=\/wp\/v2\/posts"}],"about":[{"href":"https:\/\/arantv.az\/index.php?rest_route=\/wp\/v2\/types\/post"}],"author":[{"embeddable":true,"href":"https:\/\/arantv.az\/index.php?rest_route=\/wp\/v2\/users\/2"}],"replies":[{"embeddable":true,"href":"https:\/\/arantv.az\/index.php?rest_route=%2Fwp%2Fv2%2Fcomments&post=665497"}],"version-history":[{"count":0,"href":"https:\/\/arantv.az\/index.php?rest_route=\/wp\/v2\/posts\/665497\/revisions"}],"wp:featuredmedia":[{"embeddable":true,"href":"https:\/\/arantv.az\/index.php?rest_route=\/wp\/v2\/media\/651481"}],"wp:attachment":[{"href":"https:\/\/arantv.az\/index.php?rest_route=%2Fwp%2Fv2%2Fmedia&parent=665497"}],"wp:term":[{"taxonomy":"category","embeddable":true,"href":"https:\/\/arantv.az\/index.php?rest_route=%2Fwp%2Fv2%2Fcategories&post=665497"},{"taxonomy":"post_tag","embeddable":true,"href":"https:\/\/arantv.az\/index.php?rest_route=%2Fwp%2Fv2%2Ftags&post=665497"}],"curies":[{"name":"wp","href":"https:\/\/api.w.org\/{rel}","templated":true}]}}