{"id":665568,"date":"2023-12-06T15:57:28","date_gmt":"2023-12-06T11:57:28","guid":{"rendered":"https:\/\/arantv.az\/?p=665568"},"modified":"2023-12-06T15:57:28","modified_gmt":"2023-12-06T11:57:28","slug":"q%c9%99rbi-az%c9%99rbaycan-icmasi-abs-d%c9%99n-olk%c9%99miz%c9%99-qarsi-q%c9%99r%c9%99zli-siyas%c9%99tind%c9%99n-%c9%99l-c%c9%99km%c9%99yi-t%c9%99l%c9%99b-edib","status":"publish","type":"post","link":"https:\/\/arantv.az\/?p=665568","title":{"rendered":"Q\u0259rbi Az\u0259rbaycan \u0130cmas\u0131 AB\u015e-d\u0259n \u00f6lk\u0259miz\u0259 qar\u015f\u0131 q\u0259r\u0259zli siyas\u0259tind\u0259n \u0259l \u00e7\u0259km\u0259yi t\u0259l\u0259b edib"},"content":{"rendered":"<p>Q\u0259rbi Az\u0259rbaycan \u0130cmas\u0131 AB\u015e-d\u0259n \u00f6lk\u0259miz\u0259\u00a0qar\u015f\u0131 q\u0259r\u0259zli siyas\u0259tind\u0259n \u0259l \u00e7\u0259km\u0259yi v\u0259 b\u00f6lg\u0259d\u0259 s\u00fclh\u00fcn b\u0259rq\u0259rar olunmas\u0131na mane\u0259 olmama\u011f\u0131 t\u0259l\u0259b edir.<\/p>\n<p>\u0130cman\u0131n b\u0259yanat\u0131nda bildirilib ki, Birl\u0259\u015fmi\u015f \u015etatlar\u0131n\u0131n Beyn\u0259lxalq Dini Azadl\u0131q Komissiyas\u0131 dini azadl\u0131qlara dair hesabat\u0131n\u0131n Az\u0259rbaycanla ba\u011fl\u0131 hiss\u0259sind\u0259 q\u0259r\u0259z v\u0259 Az\u0259rbaycanofobiyaya yer verib.<\/p>\n<p>\u201cBMT missiyas\u0131n\u0131n 2023-c\u00fc ilin oktyabr ay\u0131nda Az\u0259rbaycan\u0131n Qaraba\u011f b\u00f6lg\u0259sin\u0259 etdiyi s\u0259f\u0259rd\u0259n sonra d\u0259rc etdiyi hesabatda, oradak\u0131 m\u0259d\u0259ni v\u0259 dini abid\u0259l\u0259r\u0259 he\u00e7 bir z\u0259r\u0259r verilm\u0259diyini t\u0259sdiq etm\u0259sin\u0259 baxmayaraq, Komissiya nam\u0259lum \u201cinsan haqlar\u0131 t\u0259\u015fkilatlar\u0131\u201dn\u0131n hans\u0131sa narahatl\u0131qlar\u0131 oldu\u011funu qeyd edir.<\/p>\n<p>Qeyd ed\u0259k ki, bu hesabat D\u00f6vl\u0259t Departamentinin cari ilin may ay\u0131nda bu m\u00f6vzuda d\u0259rc etdiyi anti-Az\u0259rbaycan hesabat\u0131 il\u0259 eyni d\u0259st-x\u0259tl\u0259 yaz\u0131l\u0131b. Komissiyan\u0131n hesabat\u0131n\u0131n D\u00f6vl\u0259t Departamentinin hesabat\u0131ndan yegan\u0259 f\u0259rqi Az\u0259rbaycana qar\u015f\u0131 iddialar\u0131n\u0131 \u0259sasland\u0131rmaq \u00fc\u00e7\u00fcn radikal mill\u0259t\u00e7i erm\u0259ni m\u00fc\u0259llifl\u0259ri olan L.Xa\u00e7aturyan, H.Qulyan, S.Bok\u00e7eriyana daha a\u00e7\u0131q \u015f\u0259kild\u0259 istinad etm\u0259m\u0259sidir\u201d, &#8211; b\u0259yanatda vur\u011fulan\u0131b.<\/p>\n<p>\u0130cmadan bildirilib ki, Az\u0259rbaycanda erm\u0259ni dini abid\u0259l\u0259ri il\u0259 ba\u011fl\u0131 \u0259sass\u0131z iddialara geni\u015f yer ver\u0259n AB\u015e-nin s\u00f6z\u00fcged\u0259n qurumu, n\u0259d\u0259ns\u0259 Erm\u0259nistandan az\u0259rbaycanl\u0131lar\u0131n etnik v\u0259 dini nifr\u0259t z\u0259minind\u0259 tamamil\u0259 qovulmas\u0131, bu \u00f6lk\u0259d\u0259 vaxtil\u0259 d\u00f6vl\u0259t qeydiyyat\u0131ndan ke\u00e7mi\u015f 300-\u0259 yax\u0131n m\u0259scidin v\u0259 az\u0259rbaycanl\u0131lara m\u0259xsus b\u00fct\u00fcn dig\u0259r dini v\u0259 m\u0259d\u0259ni irsin da\u011f\u0131d\u0131lmas\u0131 faktlar\u0131n\u0131 g\u00f6rm\u0259zd\u0259n g\u0259lir:<\/p>\n<p>\u201cQ\u0259rbi Az\u0259rbaycan \u0130cmas\u0131 AB\u015e-d\u0259n Az\u0259rbaycana qar\u015f\u0131 q\u0259r\u0259zli siyas\u0259tind\u0259n \u0259l \u00e7\u0259km\u0259yi v\u0259 b\u00f6lg\u0259d\u0259 s\u00fclh\u00fcn b\u0259rq\u0259rar olunmas\u0131na mane\u0259 olmama\u011f\u0131 t\u0259l\u0259b edir. AB\u015e insan h\u00fcquqlar\u0131 v\u0259 dini irs m\u0259s\u0259l\u0259sind\u0259 s\u0259mimidirs\u0259, Erm\u0259nistandan qovulmu\u015f az\u0259rbaycanl\u0131lar\u0131n qay\u0131d\u0131\u015f h\u00fcququna d\u0259st\u0259k ifad\u0259 etm\u0259li v\u0259 Erm\u0259nistanda da\u011f\u0131d\u0131lan Az\u0259rbaycan dini v\u0259 m\u0259d\u0259ni irsinin b\u0259rpas\u0131na d\u0259st\u0259k verm\u0259lidir\u201d.<\/p>\n","protected":false},"excerpt":{"rendered":"<p>Q\u0259rbi Az\u0259rbaycan \u0130cmas\u0131 AB\u015e-d\u0259n \u00f6lk\u0259miz\u0259\u00a0qar\u015f\u0131 q\u0259r\u0259zli siyas\u0259tind\u0259n \u0259l \u00e7\u0259km\u0259yi v\u0259 b\u00f6lg\u0259d\u0259 s\u00fclh\u00fcn b\u0259rq\u0259rar olunmas\u0131na mane\u0259 olmama\u011f\u0131 t\u0259l\u0259b edir. \u0130cman\u0131n b\u0259yanat\u0131nda bildirilib ki, Birl\u0259\u015fmi\u015f \u015etatlar\u0131n\u0131n Beyn\u0259lxalq Dini Azadl\u0131q Komissiyas\u0131 dini azadl\u0131qlara dair hesabat\u0131n\u0131n Az\u0259rbaycanla ba\u011fl\u0131 hiss\u0259sind\u0259 q\u0259r\u0259z v\u0259 Az\u0259rbaycanofobiyaya yer verib. \u201cBMT missiyas\u0131n\u0131n 2023-c\u00fc ilin oktyabr ay\u0131nda Az\u0259rbaycan\u0131n Qaraba\u011f b\u00f6lg\u0259sin\u0259 etdiyi s\u0259f\u0259rd\u0259n sonra d\u0259rc etdiyi hesabatda, oradak\u0131 m\u0259d\u0259ni v\u0259 dini abid\u0259l\u0259r\u0259 he\u00e7 bir z\u0259r\u0259r verilm\u0259diyini t\u0259sdiq etm\u0259sin\u0259 baxmayaraq, Komissiya nam\u0259lum \u201cinsan haqlar\u0131 t\u0259\u015fkilatlar\u0131\u201dn\u0131n hans\u0131sa narahatl\u0131qlar\u0131 oldu\u011funu qeyd edir. Qeyd ed\u0259k ki, bu hesabat D\u00f6vl\u0259t Departamentinin cari ilin may ay\u0131nda bu m\u00f6vzuda&hellip;<\/p>\n","protected":false},"author":2,"featured_media":665569,"comment_status":"closed","ping_status":"closed","sticky":false,"template":"","format":"standard","meta":{"om_disable_all_campaigns":false,"_monsterinsights_skip_tracking":false,"_monsterinsights_sitenote_active":false,"_monsterinsights_sitenote_note":"","_monsterinsights_sitenote_category":0},"categories":[4],"tags":[],"aioseo_notices":[],"gutentor_comment":0,"rttpg_featured_image_url":{"full":["https:\/\/arantv.az\/wp-content\/uploads\/2023\/12\/1701858424_22210762-545e-39b0-b057-5f68e9b7fcb5_850.jpg",850,530,false],"landscape":["https:\/\/arantv.az\/wp-content\/uploads\/2023\/12\/1701858424_22210762-545e-39b0-b057-5f68e9b7fcb5_850.jpg",850,530,false],"portraits":["https:\/\/arantv.az\/wp-content\/uploads\/2023\/12\/1701858424_22210762-545e-39b0-b057-5f68e9b7fcb5_850.jpg",850,530,false],"thumbnail":["https:\/\/arantv.az\/wp-content\/uploads\/2023\/12\/1701858424_22210762-545e-39b0-b057-5f68e9b7fcb5_850-500x280.jpg",500,280,true],"medium":["https:\/\/arantv.az\/wp-content\/uploads\/2023\/12\/1701858424_22210762-545e-39b0-b057-5f68e9b7fcb5_850-585x365.jpg",585,365,true],"large":["https:\/\/arantv.az\/wp-content\/uploads\/2023\/12\/1701858424_22210762-545e-39b0-b057-5f68e9b7fcb5_850-840x524.jpg",640,399,true],"1536x1536":["https:\/\/arantv.az\/wp-content\/uploads\/2023\/12\/1701858424_22210762-545e-39b0-b057-5f68e9b7fcb5_850.jpg",850,530,false],"2048x2048":["https:\/\/arantv.az\/wp-content\/uploads\/2023\/12\/1701858424_22210762-545e-39b0-b057-5f68e9b7fcb5_850.jpg",850,530,false],"post-thumbnail":["https:\/\/arantv.az\/wp-content\/uploads\/2023\/12\/1701858424_22210762-545e-39b0-b057-5f68e9b7fcb5_850-240x172.jpg",240,172,true],"advps-thumb-one":["https:\/\/arantv.az\/wp-content\/uploads\/2023\/12\/1701858424_22210762-545e-39b0-b057-5f68e9b7fcb5_850.jpg",850,530,false]},"rttpg_author":{"display_name":"V\u00fcsal Rafiqo\u011flu","author_link":"https:\/\/arantv.az\/?author=2"},"rttpg_comment":0,"rttpg_category":"<a href=\"https:\/\/arantv.az\/?cat=4\" rel=\"category\">Siyas\u0259t<\/a>","rttpg_excerpt":"Q\u0259rbi Az\u0259rbaycan \u0130cmas\u0131 AB\u015e-d\u0259n \u00f6lk\u0259miz\u0259\u00a0qar\u015f\u0131 q\u0259r\u0259zli siyas\u0259tind\u0259n \u0259l \u00e7\u0259km\u0259yi v\u0259 b\u00f6lg\u0259d\u0259 s\u00fclh\u00fcn b\u0259rq\u0259rar olunmas\u0131na mane\u0259 olmama\u011f\u0131 t\u0259l\u0259b edir. \u0130cman\u0131n b\u0259yanat\u0131nda bildirilib ki, Birl\u0259\u015fmi\u015f \u015etatlar\u0131n\u0131n Beyn\u0259lxalq Dini Azadl\u0131q Komissiyas\u0131 dini azadl\u0131qlara dair hesabat\u0131n\u0131n Az\u0259rbaycanla ba\u011fl\u0131 hiss\u0259sind\u0259 q\u0259r\u0259z v\u0259 Az\u0259rbaycanofobiyaya yer verib. \u201cBMT missiyas\u0131n\u0131n 2023-c\u00fc ilin oktyabr ay\u0131nda Az\u0259rbaycan\u0131n Qaraba\u011f b\u00f6lg\u0259sin\u0259 etdiyi s\u0259f\u0259rd\u0259n sonra d\u0259rc etdiyi hesabatda,&hellip;","_links":{"self":[{"href":"https:\/\/arantv.az\/index.php?rest_route=\/wp\/v2\/posts\/665568"}],"collection":[{"href":"https:\/\/arantv.az\/index.php?rest_route=\/wp\/v2\/posts"}],"about":[{"href":"https:\/\/arantv.az\/index.php?rest_route=\/wp\/v2\/types\/post"}],"author":[{"embeddable":true,"href":"https:\/\/arantv.az\/index.php?rest_route=\/wp\/v2\/users\/2"}],"replies":[{"embeddable":true,"href":"https:\/\/arantv.az\/index.php?rest_route=%2Fwp%2Fv2%2Fcomments&post=665568"}],"version-history":[{"count":0,"href":"https:\/\/arantv.az\/index.php?rest_route=\/wp\/v2\/posts\/665568\/revisions"}],"wp:featuredmedia":[{"embeddable":true,"href":"https:\/\/arantv.az\/index.php?rest_route=\/wp\/v2\/media\/665569"}],"wp:attachment":[{"href":"https:\/\/arantv.az\/index.php?rest_route=%2Fwp%2Fv2%2Fmedia&parent=665568"}],"wp:term":[{"taxonomy":"category","embeddable":true,"href":"https:\/\/arantv.az\/index.php?rest_route=%2Fwp%2Fv2%2Fcategories&post=665568"},{"taxonomy":"post_tag","embeddable":true,"href":"https:\/\/arantv.az\/index.php?rest_route=%2Fwp%2Fv2%2Ftags&post=665568"}],"curies":[{"name":"wp","href":"https:\/\/api.w.org\/{rel}","templated":true}]}}