{"id":665571,"date":"2023-12-06T15:58:06","date_gmt":"2023-12-06T11:58:06","guid":{"rendered":"https:\/\/arantv.az\/?p=665571"},"modified":"2023-12-06T15:58:06","modified_gmt":"2023-12-06T11:58:06","slug":"az%c9%99rbaycan-prezidenti-bizim-daxili-v%c9%99ziyy%c9%99timiz-xarici-amill%c9%99rd%c9%99n-asili-deyil","status":"publish","type":"post","link":"https:\/\/arantv.az\/?p=665571","title":{"rendered":"Az\u0259rbaycan Prezidenti: \u201cBizim daxili v\u0259ziyy\u0259timiz xarici amill\u0259rd\u0259n as\u0131l\u0131 deyil\u201d"},"content":{"rendered":"<p>\u201cAz\u0259rbaycanda v\u0259ziyy\u0259t sabitdir. Bizim daxili v\u0259ziyy\u0259timiz xarici amill\u0259rd\u0259n as\u0131l\u0131 deyil. \u018flb\u0259tt\u0259, s\u0259rh\u0259dl\u0259rimizin h\u00fcdudlar\u0131ndan k\u0259narda ba\u015f ver\u0259n prosesl\u0259r ciddi narahatl\u0131q do\u011furur. Biz bunu h\u0259r zaman n\u0259z\u0259r\u0259 almal\u0131y\u0131q\u201d.<\/p>\n<p><a href=\"https:\/\/azertag.az\/xeber\/azerbaycan_prezidenti_bizim_daxili_veziyyetimiz_xarici_amillerden_asili_deyil-2842507\" target=\"_blank\" rel=\"noopener\">AZ\u018fRTAC<\/a>\u00a0x\u0259b\u0259r verir ki, bu bar\u0259d\u0259 Prezident\u00a0<strong>\u0130lham \u018fliyev<\/strong>\u00a0dekabr\u0131n 6-da ADA Universitetind\u0259 ke\u00e7iril\u0259n \u201cQaraba\u011f: 30 ild\u0259n sonra ev\u0259 d\u00f6n\u00fc\u015f. Nailiyy\u0259tl\u0259r v\u0259 \u00e7\u0259tinlikl\u0259r\u201d m\u00f6vzusunda beyn\u0259lxalq forumda dan\u0131\u015f\u0131b.<\/p>\n<p>D\u00f6vl\u0259timizin ba\u015f\u00e7\u0131s\u0131, h\u0259m\u00e7inin deyib:<\/p>\n<p>\u201cDaxili riskl\u0259r\u0259 g\u0259ldikd\u0259, el\u0259 bir ciddi risk v\u0259 \u00e7a\u011f\u0131r\u0131\u015flar\u0131m\u0131z yoxdur. \u018frazil\u0259rimizin v\u0259 s\u0259rh\u0259dl\u0259rimizin d\u00fczg\u00fcn m\u00fcdafi\u0259 edilm\u0259si \u00fc\u00e7\u00fcn z\u0259ruri layih\u0259l\u0259r h\u0259yata ke\u00e7iririk ki, h\u0259r hans\u0131 xarici riskl\u0259rd\u0259n \u00f6z\u00fcm\u00fcz\u00fc s\u0131\u011fortalayaq\u201d.<\/p>\n","protected":false},"excerpt":{"rendered":"<p>\u201cAz\u0259rbaycanda v\u0259ziyy\u0259t sabitdir. Bizim daxili v\u0259ziyy\u0259timiz xarici amill\u0259rd\u0259n as\u0131l\u0131 deyil. \u018flb\u0259tt\u0259, s\u0259rh\u0259dl\u0259rimizin h\u00fcdudlar\u0131ndan k\u0259narda ba\u015f ver\u0259n prosesl\u0259r ciddi narahatl\u0131q do\u011furur. Biz bunu h\u0259r zaman n\u0259z\u0259r\u0259 almal\u0131y\u0131q\u201d. AZ\u018fRTAC\u00a0x\u0259b\u0259r verir ki, bu bar\u0259d\u0259 Prezident\u00a0\u0130lham \u018fliyev\u00a0dekabr\u0131n 6-da ADA Universitetind\u0259 ke\u00e7iril\u0259n \u201cQaraba\u011f: 30 ild\u0259n sonra ev\u0259 d\u00f6n\u00fc\u015f. Nailiyy\u0259tl\u0259r v\u0259 \u00e7\u0259tinlikl\u0259r\u201d m\u00f6vzusunda beyn\u0259lxalq forumda dan\u0131\u015f\u0131b. D\u00f6vl\u0259timizin ba\u015f\u00e7\u0131s\u0131, h\u0259m\u00e7inin deyib: \u201cDaxili riskl\u0259r\u0259 g\u0259ldikd\u0259, el\u0259 bir ciddi risk v\u0259 \u00e7a\u011f\u0131r\u0131\u015flar\u0131m\u0131z yoxdur. \u018frazil\u0259rimizin v\u0259 s\u0259rh\u0259dl\u0259rimizin d\u00fczg\u00fcn m\u00fcdafi\u0259 edilm\u0259si \u00fc\u00e7\u00fcn z\u0259ruri layih\u0259l\u0259r h\u0259yata ke\u00e7iririk ki, h\u0259r hans\u0131 xarici riskl\u0259rd\u0259n \u00f6z\u00fcm\u00fcz\u00fc s\u0131\u011fortalayaq\u201d.<\/p>\n","protected":false},"author":2,"featured_media":665572,"comment_status":"closed","ping_status":"closed","sticky":false,"template":"","format":"standard","meta":{"om_disable_all_campaigns":false,"_monsterinsights_skip_tracking":false,"_monsterinsights_sitenote_active":false,"_monsterinsights_sitenote_note":"","_monsterinsights_sitenote_category":0},"categories":[4],"tags":[],"aioseo_notices":[],"gutentor_comment":0,"rttpg_featured_image_url":{"full":["https:\/\/arantv.az\/wp-content\/uploads\/2023\/12\/16009792662073110903.jpg",620,413,false],"landscape":["https:\/\/arantv.az\/wp-content\/uploads\/2023\/12\/16009792662073110903.jpg",620,413,false],"portraits":["https:\/\/arantv.az\/wp-content\/uploads\/2023\/12\/16009792662073110903.jpg",620,413,false],"thumbnail":["https:\/\/arantv.az\/wp-content\/uploads\/2023\/12\/16009792662073110903-500x280.jpg",500,280,true],"medium":["https:\/\/arantv.az\/wp-content\/uploads\/2023\/12\/16009792662073110903-548x365.jpg",548,365,true],"large":["https:\/\/arantv.az\/wp-content\/uploads\/2023\/12\/16009792662073110903.jpg",620,413,false],"1536x1536":["https:\/\/arantv.az\/wp-content\/uploads\/2023\/12\/16009792662073110903.jpg",620,413,false],"2048x2048":["https:\/\/arantv.az\/wp-content\/uploads\/2023\/12\/16009792662073110903.jpg",620,413,false],"post-thumbnail":["https:\/\/arantv.az\/wp-content\/uploads\/2023\/12\/16009792662073110903-240x172.jpg",240,172,true],"advps-thumb-one":["https:\/\/arantv.az\/wp-content\/uploads\/2023\/12\/16009792662073110903.jpg",620,413,false]},"rttpg_author":{"display_name":"V\u00fcsal Rafiqo\u011flu","author_link":"https:\/\/arantv.az\/?author=2"},"rttpg_comment":0,"rttpg_category":"<a href=\"https:\/\/arantv.az\/?cat=4\" rel=\"category\">Siyas\u0259t<\/a>","rttpg_excerpt":"\u201cAz\u0259rbaycanda v\u0259ziyy\u0259t sabitdir. Bizim daxili v\u0259ziyy\u0259timiz xarici amill\u0259rd\u0259n as\u0131l\u0131 deyil. \u018flb\u0259tt\u0259, s\u0259rh\u0259dl\u0259rimizin h\u00fcdudlar\u0131ndan k\u0259narda ba\u015f ver\u0259n prosesl\u0259r ciddi narahatl\u0131q do\u011furur. Biz bunu h\u0259r zaman n\u0259z\u0259r\u0259 almal\u0131y\u0131q\u201d. AZ\u018fRTAC\u00a0x\u0259b\u0259r verir ki, bu bar\u0259d\u0259 Prezident\u00a0\u0130lham \u018fliyev\u00a0dekabr\u0131n 6-da ADA Universitetind\u0259 ke\u00e7iril\u0259n \u201cQaraba\u011f: 30 ild\u0259n sonra ev\u0259 d\u00f6n\u00fc\u015f. Nailiyy\u0259tl\u0259r v\u0259 \u00e7\u0259tinlikl\u0259r\u201d m\u00f6vzusunda beyn\u0259lxalq forumda dan\u0131\u015f\u0131b. D\u00f6vl\u0259timizin ba\u015f\u00e7\u0131s\u0131, h\u0259m\u00e7inin deyib: \u201cDaxili&hellip;","_links":{"self":[{"href":"https:\/\/arantv.az\/index.php?rest_route=\/wp\/v2\/posts\/665571"}],"collection":[{"href":"https:\/\/arantv.az\/index.php?rest_route=\/wp\/v2\/posts"}],"about":[{"href":"https:\/\/arantv.az\/index.php?rest_route=\/wp\/v2\/types\/post"}],"author":[{"embeddable":true,"href":"https:\/\/arantv.az\/index.php?rest_route=\/wp\/v2\/users\/2"}],"replies":[{"embeddable":true,"href":"https:\/\/arantv.az\/index.php?rest_route=%2Fwp%2Fv2%2Fcomments&post=665571"}],"version-history":[{"count":0,"href":"https:\/\/arantv.az\/index.php?rest_route=\/wp\/v2\/posts\/665571\/revisions"}],"wp:featuredmedia":[{"embeddable":true,"href":"https:\/\/arantv.az\/index.php?rest_route=\/wp\/v2\/media\/665572"}],"wp:attachment":[{"href":"https:\/\/arantv.az\/index.php?rest_route=%2Fwp%2Fv2%2Fmedia&parent=665571"}],"wp:term":[{"taxonomy":"category","embeddable":true,"href":"https:\/\/arantv.az\/index.php?rest_route=%2Fwp%2Fv2%2Fcategories&post=665571"},{"taxonomy":"post_tag","embeddable":true,"href":"https:\/\/arantv.az\/index.php?rest_route=%2Fwp%2Fv2%2Ftags&post=665571"}],"curies":[{"name":"wp","href":"https:\/\/api.w.org\/{rel}","templated":true}]}}