{"id":665578,"date":"2023-12-06T15:59:18","date_gmt":"2023-12-06T11:59:18","guid":{"rendered":"https:\/\/arantv.az\/?p=665578"},"modified":"2023-12-06T15:59:18","modified_gmt":"2023-12-06T11:59:18","slug":"prezident-az%c9%99rbaycan-%c9%99razisi-bir-cox-m%c9%99rk%c9%99zi-asiya-dovl%c9%99tl%c9%99ri-t%c9%99r%c9%99find%c9%99n-prioritet-hesab-edilir","status":"publish","type":"post","link":"https:\/\/arantv.az\/?p=665578","title":{"rendered":"Prezident: \u201cAz\u0259rbaycan \u0259razisi bir \u00e7ox M\u0259rk\u0259zi Asiya d\u00f6vl\u0259tl\u0259ri t\u0259r\u0259find\u0259n prioritet hesab edilir\u201d"},"content":{"rendered":"<p>\u201cAz\u0259rbaycan \u0259razisi bir \u00e7ox M\u0259rk\u0259zi Asiya d\u00f6vl\u0259tl\u0259ri t\u0259r\u0259find\u0259n prioritet hesab edilir. G\u00f6rd\u00fcy\u00fcm\u00fcz i\u015fl\u0259r biz\u0259 b\u00fct\u00fcn n\u00f6v y\u00fckl\u0259rin da\u015f\u0131nmas\u0131na imkan yaratd\u0131\u201d.<\/p>\n<p><a href=\"https:\/\/azertag.az\/xeber\/prezident_azerbaycan_erazisi_bir_chox_merkezi_asiya_dovletleri_terefinden_prioritet_hesab_edilir-2842487\" target=\"_blank\" rel=\"noopener\">AZ\u018fRTAC<\/a>\u00a0x\u0259b\u0259r verir ki, bunu Prezident\u00a0<strong>\u0130lham \u018fliyev<\/strong>\u00a0dekabr\u0131n 6-da ADA Universitetind\u0259 ke\u00e7iril\u0259n \u201cQaraba\u011f: 30 ild\u0259n sonra ev\u0259 d\u00f6n\u00fc\u015f. Nailiyy\u0259tl\u0259r v\u0259 \u00e7\u0259tinlikl\u0259r\u201d m\u00f6vzusunda beyn\u0259lxalq forumda deyib.<\/p>\n<p>\u201cM\u0259rk\u0259zi Asiyadan g\u0259l\u0259n y\u00fckl\u0259r Az\u0259rbaycan \u0259razisind\u0259n ke\u00e7ir. X\u0259z\u0259r d\u0259nizi bizi ay\u0131ran yegan\u0259 mane\u0259dir. Lakin m\u00fcasir texnologiyalarla istehsal etdiyimiz g\u0259mil\u0259r bunun da aradan qald\u0131r\u0131lmas\u0131na imkan yaradacaq. Bizim b\u00f6y\u00fck s\u0259rmay\u0259 layih\u0259l\u0259rimiz h\u0259yata ke\u00e7irilir\u201d, &#8211; dey\u0259n Az\u0259rbaycan Prezidenti bunu \u00e7ox m\u00fcsb\u0259t v\u0259 yeni n\u0259tic\u0259l\u0259r\u0259 g\u0259tirib \u00e7\u0131xaracaq reall\u0131q hesab edib.<\/p>\n","protected":false},"excerpt":{"rendered":"<p>\u201cAz\u0259rbaycan \u0259razisi bir \u00e7ox M\u0259rk\u0259zi Asiya d\u00f6vl\u0259tl\u0259ri t\u0259r\u0259find\u0259n prioritet hesab edilir. G\u00f6rd\u00fcy\u00fcm\u00fcz i\u015fl\u0259r biz\u0259 b\u00fct\u00fcn n\u00f6v y\u00fckl\u0259rin da\u015f\u0131nmas\u0131na imkan yaratd\u0131\u201d. AZ\u018fRTAC\u00a0x\u0259b\u0259r verir ki, bunu Prezident\u00a0\u0130lham \u018fliyev\u00a0dekabr\u0131n 6-da ADA Universitetind\u0259 ke\u00e7iril\u0259n \u201cQaraba\u011f: 30 ild\u0259n sonra ev\u0259 d\u00f6n\u00fc\u015f. Nailiyy\u0259tl\u0259r v\u0259 \u00e7\u0259tinlikl\u0259r\u201d m\u00f6vzusunda beyn\u0259lxalq forumda deyib. \u201cM\u0259rk\u0259zi Asiyadan g\u0259l\u0259n y\u00fckl\u0259r Az\u0259rbaycan \u0259razisind\u0259n ke\u00e7ir. X\u0259z\u0259r d\u0259nizi bizi ay\u0131ran yegan\u0259 mane\u0259dir. Lakin m\u00fcasir texnologiyalarla istehsal etdiyimiz g\u0259mil\u0259r bunun da aradan qald\u0131r\u0131lmas\u0131na imkan yaradacaq. Bizim b\u00f6y\u00fck s\u0259rmay\u0259 layih\u0259l\u0259rimiz h\u0259yata ke\u00e7irilir\u201d, &#8211; dey\u0259n Az\u0259rbaycan Prezidenti bunu \u00e7ox m\u00fcsb\u0259t v\u0259 yeni n\u0259tic\u0259l\u0259r\u0259 g\u0259tirib \u00e7\u0131xaracaq reall\u0131q hesab edib.<\/p>\n","protected":false},"author":2,"featured_media":665579,"comment_status":"closed","ping_status":"closed","sticky":false,"template":"","format":"standard","meta":{"om_disable_all_campaigns":false,"_monsterinsights_skip_tracking":false,"_monsterinsights_sitenote_active":false,"_monsterinsights_sitenote_note":"","_monsterinsights_sitenote_category":0},"categories":[4],"tags":[],"aioseo_notices":[],"gutentor_comment":0,"rttpg_featured_image_url":{"full":["https:\/\/arantv.az\/wp-content\/uploads\/2023\/12\/15833373205905065495-1.jpg",620,413,false],"landscape":["https:\/\/arantv.az\/wp-content\/uploads\/2023\/12\/15833373205905065495-1.jpg",620,413,false],"portraits":["https:\/\/arantv.az\/wp-content\/uploads\/2023\/12\/15833373205905065495-1.jpg",620,413,false],"thumbnail":["https:\/\/arantv.az\/wp-content\/uploads\/2023\/12\/15833373205905065495-1-500x280.jpg",500,280,true],"medium":["https:\/\/arantv.az\/wp-content\/uploads\/2023\/12\/15833373205905065495-1-548x365.jpg",548,365,true],"large":["https:\/\/arantv.az\/wp-content\/uploads\/2023\/12\/15833373205905065495-1.jpg",620,413,false],"1536x1536":["https:\/\/arantv.az\/wp-content\/uploads\/2023\/12\/15833373205905065495-1.jpg",620,413,false],"2048x2048":["https:\/\/arantv.az\/wp-content\/uploads\/2023\/12\/15833373205905065495-1.jpg",620,413,false],"post-thumbnail":["https:\/\/arantv.az\/wp-content\/uploads\/2023\/12\/15833373205905065495-1-240x172.jpg",240,172,true],"advps-thumb-one":["https:\/\/arantv.az\/wp-content\/uploads\/2023\/12\/15833373205905065495-1.jpg",620,413,false]},"rttpg_author":{"display_name":"V\u00fcsal Rafiqo\u011flu","author_link":"https:\/\/arantv.az\/?author=2"},"rttpg_comment":0,"rttpg_category":"<a href=\"https:\/\/arantv.az\/?cat=4\" rel=\"category\">Siyas\u0259t<\/a>","rttpg_excerpt":"\u201cAz\u0259rbaycan \u0259razisi bir \u00e7ox M\u0259rk\u0259zi Asiya d\u00f6vl\u0259tl\u0259ri t\u0259r\u0259find\u0259n prioritet hesab edilir. G\u00f6rd\u00fcy\u00fcm\u00fcz i\u015fl\u0259r biz\u0259 b\u00fct\u00fcn n\u00f6v y\u00fckl\u0259rin da\u015f\u0131nmas\u0131na imkan yaratd\u0131\u201d. AZ\u018fRTAC\u00a0x\u0259b\u0259r verir ki, bunu Prezident\u00a0\u0130lham \u018fliyev\u00a0dekabr\u0131n 6-da ADA Universitetind\u0259 ke\u00e7iril\u0259n \u201cQaraba\u011f: 30 ild\u0259n sonra ev\u0259 d\u00f6n\u00fc\u015f. Nailiyy\u0259tl\u0259r v\u0259 \u00e7\u0259tinlikl\u0259r\u201d m\u00f6vzusunda beyn\u0259lxalq forumda deyib. \u201cM\u0259rk\u0259zi Asiyadan g\u0259l\u0259n y\u00fckl\u0259r Az\u0259rbaycan \u0259razisind\u0259n ke\u00e7ir. X\u0259z\u0259r d\u0259nizi bizi ay\u0131ran yegan\u0259&hellip;","_links":{"self":[{"href":"https:\/\/arantv.az\/index.php?rest_route=\/wp\/v2\/posts\/665578"}],"collection":[{"href":"https:\/\/arantv.az\/index.php?rest_route=\/wp\/v2\/posts"}],"about":[{"href":"https:\/\/arantv.az\/index.php?rest_route=\/wp\/v2\/types\/post"}],"author":[{"embeddable":true,"href":"https:\/\/arantv.az\/index.php?rest_route=\/wp\/v2\/users\/2"}],"replies":[{"embeddable":true,"href":"https:\/\/arantv.az\/index.php?rest_route=%2Fwp%2Fv2%2Fcomments&post=665578"}],"version-history":[{"count":0,"href":"https:\/\/arantv.az\/index.php?rest_route=\/wp\/v2\/posts\/665578\/revisions"}],"wp:featuredmedia":[{"embeddable":true,"href":"https:\/\/arantv.az\/index.php?rest_route=\/wp\/v2\/media\/665579"}],"wp:attachment":[{"href":"https:\/\/arantv.az\/index.php?rest_route=%2Fwp%2Fv2%2Fmedia&parent=665578"}],"wp:term":[{"taxonomy":"category","embeddable":true,"href":"https:\/\/arantv.az\/index.php?rest_route=%2Fwp%2Fv2%2Fcategories&post=665578"},{"taxonomy":"post_tag","embeddable":true,"href":"https:\/\/arantv.az\/index.php?rest_route=%2Fwp%2Fv2%2Ftags&post=665578"}],"curies":[{"name":"wp","href":"https:\/\/api.w.org\/{rel}","templated":true}]}}