{"id":665958,"date":"2023-12-07T18:08:50","date_gmt":"2023-12-07T14:08:50","guid":{"rendered":"https:\/\/arantv.az\/?p=665958"},"modified":"2023-12-07T18:08:50","modified_gmt":"2023-12-07T14:08:50","slug":"simonyan-az%c9%99rbaycan-v%c9%99-erm%c9%99nistan-xin-bascilarinin-vasinqtonda-gorusu-bar%c9%99d%c9%99-raziliq-yoxdur","status":"publish","type":"post","link":"https:\/\/arantv.az\/?p=665958","title":{"rendered":"Simonyan: Az\u0259rbaycan v\u0259 Erm\u0259nistan X\u0130N ba\u015f\u00e7\u0131lar\u0131n\u0131n Va\u015finqtonda g\u00f6r\u00fc\u015f\u00fc bar\u0259d\u0259 raz\u0131l\u0131q yoxdur"},"content":{"rendered":"<p>Az\u0259rbaycan v\u0259 Erm\u0259nistan xarici i\u015fl\u0259r nazirl\u0259ri aras\u0131nda Va\u015finqton g\u00f6r\u00fc\u015f\u00fc bar\u0259d\u0259 raz\u0131l\u0131q \u0259ld\u0259 olunmay\u0131b.<\/p>\n<p>&nbsp;<\/p>\n<p>ARANTV.AZ \u201cArmenia Today\u201d informasiya portal\u0131na istinad\u0259n x\u0259b\u0259r verir ki, bunu Erm\u0259nistan parlamentinin spikeri Alen Simonyan deyib.<\/p>\n<p>&nbsp;<\/p>\n<p>\u201cBel\u0259 bir m\u0259lumat yoxdur. Biz haz\u0131r oldu\u011fumuzu bildirmi\u015fik, AB\u015e t\u0259r\u0259fi d\u0259 g\u00f6r\u00fc\u015f\u00fcn ke\u00e7irilm\u0259si ist\u0259yini bildirib. Haz\u0131rda bu istiqam\u0259td\u0259 raz\u0131la\u015fma v\u0259 m\u00fczakir\u0259l\u0259r yoxdur\u201d, &#8211; dey\u0259 spiker \u0259lav\u0259 edib.<\/p>\n","protected":false},"excerpt":{"rendered":"<p>Az\u0259rbaycan v\u0259 Erm\u0259nistan xarici i\u015fl\u0259r nazirl\u0259ri aras\u0131nda Va\u015finqton g\u00f6r\u00fc\u015f\u00fc bar\u0259d\u0259 raz\u0131l\u0131q \u0259ld\u0259 olunmay\u0131b. &nbsp; ARANTV.AZ \u201cArmenia Today\u201d informasiya portal\u0131na istinad\u0259n x\u0259b\u0259r verir ki, bunu Erm\u0259nistan parlamentinin spikeri Alen Simonyan deyib. &nbsp; \u201cBel\u0259 bir m\u0259lumat yoxdur. Biz haz\u0131r oldu\u011fumuzu bildirmi\u015fik, AB\u015e t\u0259r\u0259fi d\u0259 g\u00f6r\u00fc\u015f\u00fcn ke\u00e7irilm\u0259si ist\u0259yini bildirib. Haz\u0131rda bu istiqam\u0259td\u0259 raz\u0131la\u015fma v\u0259 m\u00fczakir\u0259l\u0259r yoxdur\u201d, &#8211; dey\u0259 spiker \u0259lav\u0259 edib.<\/p>\n","protected":false},"author":2,"featured_media":665959,"comment_status":"closed","ping_status":"closed","sticky":false,"template":"","format":"standard","meta":{"om_disable_all_campaigns":false,"_monsterinsights_skip_tracking":false,"_monsterinsights_sitenote_active":false,"_monsterinsights_sitenote_note":"","_monsterinsights_sitenote_category":0},"categories":[19],"tags":[],"aioseo_notices":[],"gutentor_comment":0,"rttpg_featured_image_url":{"full":["https:\/\/arantv.az\/wp-content\/uploads\/2023\/12\/c0a271bc170195461964991663611057953.jpg",975,540,false],"landscape":["https:\/\/arantv.az\/wp-content\/uploads\/2023\/12\/c0a271bc170195461964991663611057953.jpg",975,540,false],"portraits":["https:\/\/arantv.az\/wp-content\/uploads\/2023\/12\/c0a271bc170195461964991663611057953.jpg",975,540,false],"thumbnail":["https:\/\/arantv.az\/wp-content\/uploads\/2023\/12\/c0a271bc170195461964991663611057953-500x280.jpg",500,280,true],"medium":["https:\/\/arantv.az\/wp-content\/uploads\/2023\/12\/c0a271bc170195461964991663611057953-660x365.jpg",660,365,true],"large":["https:\/\/arantv.az\/wp-content\/uploads\/2023\/12\/c0a271bc170195461964991663611057953-840x465.jpg",640,354,true],"1536x1536":["https:\/\/arantv.az\/wp-content\/uploads\/2023\/12\/c0a271bc170195461964991663611057953.jpg",975,540,false],"2048x2048":["https:\/\/arantv.az\/wp-content\/uploads\/2023\/12\/c0a271bc170195461964991663611057953.jpg",975,540,false],"post-thumbnail":["https:\/\/arantv.az\/wp-content\/uploads\/2023\/12\/c0a271bc170195461964991663611057953-240x172.jpg",240,172,true],"advps-thumb-one":["https:\/\/arantv.az\/wp-content\/uploads\/2023\/12\/c0a271bc170195461964991663611057953.jpg",975,540,false]},"rttpg_author":{"display_name":"V\u00fcsal Rafiqo\u011flu","author_link":"https:\/\/arantv.az\/?author=2"},"rttpg_comment":0,"rttpg_category":"<a href=\"https:\/\/arantv.az\/?cat=19\" rel=\"category\">G\u00fcnd\u0259m<\/a>","rttpg_excerpt":"Az\u0259rbaycan v\u0259 Erm\u0259nistan xarici i\u015fl\u0259r nazirl\u0259ri aras\u0131nda Va\u015finqton g\u00f6r\u00fc\u015f\u00fc bar\u0259d\u0259 raz\u0131l\u0131q \u0259ld\u0259 olunmay\u0131b. &nbsp; ARANTV.AZ \u201cArmenia Today\u201d informasiya portal\u0131na istinad\u0259n x\u0259b\u0259r verir ki, bunu Erm\u0259nistan parlamentinin spikeri Alen Simonyan deyib. &nbsp; \u201cBel\u0259 bir m\u0259lumat yoxdur. Biz haz\u0131r oldu\u011fumuzu bildirmi\u015fik, AB\u015e t\u0259r\u0259fi d\u0259 g\u00f6r\u00fc\u015f\u00fcn ke\u00e7irilm\u0259si ist\u0259yini bildirib. Haz\u0131rda bu istiqam\u0259td\u0259 raz\u0131la\u015fma v\u0259 m\u00fczakir\u0259l\u0259r yoxdur\u201d, &#8211; dey\u0259&hellip;","_links":{"self":[{"href":"https:\/\/arantv.az\/index.php?rest_route=\/wp\/v2\/posts\/665958"}],"collection":[{"href":"https:\/\/arantv.az\/index.php?rest_route=\/wp\/v2\/posts"}],"about":[{"href":"https:\/\/arantv.az\/index.php?rest_route=\/wp\/v2\/types\/post"}],"author":[{"embeddable":true,"href":"https:\/\/arantv.az\/index.php?rest_route=\/wp\/v2\/users\/2"}],"replies":[{"embeddable":true,"href":"https:\/\/arantv.az\/index.php?rest_route=%2Fwp%2Fv2%2Fcomments&post=665958"}],"version-history":[{"count":0,"href":"https:\/\/arantv.az\/index.php?rest_route=\/wp\/v2\/posts\/665958\/revisions"}],"wp:featuredmedia":[{"embeddable":true,"href":"https:\/\/arantv.az\/index.php?rest_route=\/wp\/v2\/media\/665959"}],"wp:attachment":[{"href":"https:\/\/arantv.az\/index.php?rest_route=%2Fwp%2Fv2%2Fmedia&parent=665958"}],"wp:term":[{"taxonomy":"category","embeddable":true,"href":"https:\/\/arantv.az\/index.php?rest_route=%2Fwp%2Fv2%2Fcategories&post=665958"},{"taxonomy":"post_tag","embeddable":true,"href":"https:\/\/arantv.az\/index.php?rest_route=%2Fwp%2Fv2%2Ftags&post=665958"}],"curies":[{"name":"wp","href":"https:\/\/api.w.org\/{rel}","templated":true}]}}