{"id":665963,"date":"2023-12-07T21:06:03","date_gmt":"2023-12-07T17:06:03","guid":{"rendered":"https:\/\/arantv.az\/?p=665963"},"modified":"2023-12-07T21:06:03","modified_gmt":"2023-12-07T17:06:03","slug":"bakida-v%c9%99-bolg%c9%99l%c9%99rd%c9%99-intensiv-yagis-yagacaq-x%c9%99b%c9%99rdarliq-yenil%c9%99nib","status":"publish","type":"post","link":"https:\/\/arantv.az\/?p=665963","title":{"rendered":"Bak\u0131da v\u0259 b\u00f6lg\u0259l\u0259rd\u0259 intensiv ya\u011f\u0131\u015f ya\u011facaq &#8211; X\u018fB\u018fRDARLIQ + YEN\u0130L\u018fN\u0130B"},"content":{"rendered":"<p>Bak\u0131da v\u0259 Ab\u015feron yar\u0131madas\u0131nda dekabr\u0131n 8-i ax\u015famdan 10-u s\u0259h\u0259r\u0259d\u0259k fasil\u0259l\u0259rl\u0259 ya\u011f\u0131\u015f ya\u011faca\u011f\u0131 g\u00f6zl\u0259nilir.<\/p>\n<p>&nbsp;<\/p>\n<p>Bu bar\u0259d\u0259 Ekologiya v\u0259 T\u0259bii S\u0259rv\u0259tl\u0259r Nazirliyinin Milli Hidrometeorologiya Xidm\u0259ti m\u0259lumat yay\u0131b.<\/p>\n<p>&nbsp;<\/p>\n<p>Bildirilib ki, yar\u0131madan\u0131n b\u0259zi yerl\u0259rind\u0259 intensiv olaca\u011f\u0131 ehtimal\u0131 var.<\/p>\n<p>&nbsp;<\/p>\n<p>Az\u0259rbaycan\u0131n rayonlar\u0131nda dekabr\u0131n 8-i ax\u015famdan 11-i s\u0259h\u0259r\u0259d\u0259k b\u0259zi yerl\u0259rd\u0259 fasil\u0259l\u0259rl\u0259 ya\u011f\u0131\u015f ya\u011faca\u011f\u0131 g\u00f6zl\u0259nilir. Ayr\u0131-ayr\u0131 yerl\u0259rd\u0259 intensiv olaca\u011f\u0131, \u015fim\u015f\u0259k \u00e7axaca\u011f\u0131, da\u011fl\u0131q rayonlarda qar ya\u011faca\u011f\u0131 ehtimal\u0131 var.<\/p>\n<p>&nbsp;<\/p>\n<p>Q\u0259rb k\u00fcl\u0259yi b\u0259zi yerl\u0259rd\u0259 arabir 15-20 m\/s-d\u0259k g\u00fccl\u0259n\u0259c\u0259k.<\/p>\n<p>&nbsp;<\/p>\n<p>10:50<\/p>\n<p>&nbsp;<\/p>\n<p>Dekabr\u0131n 7-si saat 10:00-a olan m\u0259lumata \u0259sas\u0259n, \u00f6lk\u0259 \u0259razisind\u0259 hava \u015f\u0259raiti qeyri-sabit ke\u00e7ib, b\u0259zi yerl\u0259rd\u0259 arabir ya\u011f\u0131\u015f, \u015eahda\u011fda qar ya\u011f\u0131b.<\/p>\n<p>&nbsp;<\/p>\n<p>Bu bar\u0259d\u0259 Ekologiya v\u0259 T\u0259bii S\u0259rv\u0259tl\u0259r Nazirliyinin Milli Hidrometeorologiya Xidm\u0259ti m\u0259lumat yay\u0131b.<\/p>\n<p>&nbsp;<\/p>\n<p>Bildirilib ki, \u015eahda\u011fda qar \u00f6rt\u00fcy\u00fcn\u00fcn h\u00fcnd\u00fcrl\u00fcy\u00fc \u00fc\u00e7 sm olub.<\/p>\n<p>&nbsp;<\/p>\n<p>D\u00fc\u015f\u0259n ya\u011f\u0131nt\u0131n\u0131n miqdar\u0131 Zaqatalada 22 mm, Qobustanda 12 mm, Ming\u0259\u00e7evir, Sabirabad, Ordubad, Neft\u00e7ala, Yevlax, \u015eamax\u0131, G\u00f6y\u00e7ay, Beyl\u0259qan, K\u00fcrd\u0259mir, Bil\u0259suvar, \u015eabran, B\u0259rd\u0259, Nax\u00e7\u0131van, \u015e\u0259rur, \u015eahbuz, G\u0259d\u0259b\u0259y, G\u00f6yg\u00f6l, Naftalan, Tovuz, A\u011fdam, Balak\u0259n, O\u011fuz, \u015e\u0259ki, Qax, \u0130smay\u0131ll\u0131, Alt\u0131a\u011fac, A\u011fsu, Quba, Qusar, Xaltan, G\u0259nc\u0259, \u015e\u0259mkir, Ceyran\u00e7\u00f6l, \u015eahda\u011f, T\u0259rt\u0259r, Z\u0259rdab, \u0130mi\u015fli, Da\u015fk\u0259s\u0259n, Goranboy, Yard\u0131ml\u0131da be\u015f mm-d\u0259k, Bak\u0131da v\u0259 Ab\u015feron yar\u0131madas\u0131nda is\u0259 iki mm-d\u0259k olub.<\/p>\n<p>&nbsp;<\/p>\n<p>Sumqay\u0131t, Qobustan, Da\u015fk\u0259s\u0259n, G\u00f6yg\u00f6l, Naftalan, \u015e\u0259mkir, Balak\u0259n, Zaqatala, \u015e\u0259ki, Qax, \u015eamax\u0131, Xaltan, Qusar, G\u00f6y\u00e7ay, Bil\u0259suvar, Yard\u0131ml\u0131, Lerikd\u0259 duman m\u00fc\u015fahid\u0259 olunub.<\/p>\n<p>&nbsp;<\/p>\n<p>Q\u0259rb k\u00fcl\u0259yi arabir Da\u015fk\u0259s\u0259nd\u0259 20 m\/s, Alt\u0131a\u011facda 17 m\/s-d\u0259k g\u00fccl\u0259nib.<\/p>\n","protected":false},"excerpt":{"rendered":"<p>Bak\u0131da v\u0259 Ab\u015feron yar\u0131madas\u0131nda dekabr\u0131n 8-i ax\u015famdan 10-u s\u0259h\u0259r\u0259d\u0259k fasil\u0259l\u0259rl\u0259 ya\u011f\u0131\u015f ya\u011faca\u011f\u0131 g\u00f6zl\u0259nilir. &nbsp; Bu bar\u0259d\u0259 Ekologiya v\u0259 T\u0259bii S\u0259rv\u0259tl\u0259r Nazirliyinin Milli Hidrometeorologiya Xidm\u0259ti m\u0259lumat yay\u0131b. &nbsp; Bildirilib ki, yar\u0131madan\u0131n b\u0259zi yerl\u0259rind\u0259 intensiv olaca\u011f\u0131 ehtimal\u0131 var. &nbsp; Az\u0259rbaycan\u0131n rayonlar\u0131nda dekabr\u0131n 8-i ax\u015famdan 11-i s\u0259h\u0259r\u0259d\u0259k b\u0259zi yerl\u0259rd\u0259 fasil\u0259l\u0259rl\u0259 ya\u011f\u0131\u015f ya\u011faca\u011f\u0131 g\u00f6zl\u0259nilir. Ayr\u0131-ayr\u0131 yerl\u0259rd\u0259 intensiv olaca\u011f\u0131, \u015fim\u015f\u0259k \u00e7axaca\u011f\u0131, da\u011fl\u0131q rayonlarda qar ya\u011faca\u011f\u0131 ehtimal\u0131 var. &nbsp; Q\u0259rb k\u00fcl\u0259yi b\u0259zi yerl\u0259rd\u0259 arabir 15-20 m\/s-d\u0259k g\u00fccl\u0259n\u0259c\u0259k. &nbsp; 10:50 &nbsp; Dekabr\u0131n 7-si saat 10:00-a olan m\u0259lumata \u0259sas\u0259n, \u00f6lk\u0259 \u0259razisind\u0259 hava \u015f\u0259raiti qeyri-sabit ke\u00e7ib, b\u0259zi yerl\u0259rd\u0259 arabir&hellip;<\/p>\n","protected":false},"author":2,"featured_media":453998,"comment_status":"closed","ping_status":"closed","sticky":false,"template":"","format":"standard","meta":{"om_disable_all_campaigns":false,"_monsterinsights_skip_tracking":false,"_monsterinsights_sitenote_active":false,"_monsterinsights_sitenote_note":"","_monsterinsights_sitenote_category":0},"categories":[22],"tags":[],"aioseo_notices":[],"gutentor_comment":0,"rttpg_featured_image_url":{"full":["https:\/\/arantv.az\/wp-content\/uploads\/2022\/03\/yagis_237847576.jpg",800,600,false],"landscape":["https:\/\/arantv.az\/wp-content\/uploads\/2022\/03\/yagis_237847576.jpg",800,600,false],"portraits":["https:\/\/arantv.az\/wp-content\/uploads\/2022\/03\/yagis_237847576.jpg",800,600,false],"thumbnail":["https:\/\/arantv.az\/wp-content\/uploads\/2022\/03\/yagis_237847576-500x280.jpg",500,280,true],"medium":["https:\/\/arantv.az\/wp-content\/uploads\/2022\/03\/yagis_237847576-487x365.jpg",487,365,true],"large":["https:\/\/arantv.az\/wp-content\/uploads\/2022\/03\/yagis_237847576.jpg",640,480,false],"1536x1536":["https:\/\/arantv.az\/wp-content\/uploads\/2022\/03\/yagis_237847576.jpg",800,600,false],"2048x2048":["https:\/\/arantv.az\/wp-content\/uploads\/2022\/03\/yagis_237847576.jpg",800,600,false],"post-thumbnail":["https:\/\/arantv.az\/wp-content\/uploads\/2022\/03\/yagis_237847576-240x172.jpg",240,172,true],"advps-thumb-one":["https:\/\/arantv.az\/wp-content\/uploads\/2022\/03\/yagis_237847576.jpg",800,600,false]},"rttpg_author":{"display_name":"V\u00fcsal Rafiqo\u011flu","author_link":"https:\/\/arantv.az\/?author=2"},"rttpg_comment":0,"rttpg_category":"<a href=\"https:\/\/arantv.az\/?cat=22\" rel=\"category\">Hava<\/a>","rttpg_excerpt":"Bak\u0131da v\u0259 Ab\u015feron yar\u0131madas\u0131nda dekabr\u0131n 8-i ax\u015famdan 10-u s\u0259h\u0259r\u0259d\u0259k fasil\u0259l\u0259rl\u0259 ya\u011f\u0131\u015f ya\u011faca\u011f\u0131 g\u00f6zl\u0259nilir. &nbsp; Bu bar\u0259d\u0259 Ekologiya v\u0259 T\u0259bii S\u0259rv\u0259tl\u0259r Nazirliyinin Milli Hidrometeorologiya Xidm\u0259ti m\u0259lumat yay\u0131b. &nbsp; Bildirilib ki, yar\u0131madan\u0131n b\u0259zi yerl\u0259rind\u0259 intensiv olaca\u011f\u0131 ehtimal\u0131 var. &nbsp; Az\u0259rbaycan\u0131n rayonlar\u0131nda dekabr\u0131n 8-i ax\u015famdan 11-i s\u0259h\u0259r\u0259d\u0259k b\u0259zi yerl\u0259rd\u0259 fasil\u0259l\u0259rl\u0259 ya\u011f\u0131\u015f ya\u011faca\u011f\u0131 g\u00f6zl\u0259nilir. Ayr\u0131-ayr\u0131 yerl\u0259rd\u0259 intensiv olaca\u011f\u0131, \u015fim\u015f\u0259k&hellip;","_links":{"self":[{"href":"https:\/\/arantv.az\/index.php?rest_route=\/wp\/v2\/posts\/665963"}],"collection":[{"href":"https:\/\/arantv.az\/index.php?rest_route=\/wp\/v2\/posts"}],"about":[{"href":"https:\/\/arantv.az\/index.php?rest_route=\/wp\/v2\/types\/post"}],"author":[{"embeddable":true,"href":"https:\/\/arantv.az\/index.php?rest_route=\/wp\/v2\/users\/2"}],"replies":[{"embeddable":true,"href":"https:\/\/arantv.az\/index.php?rest_route=%2Fwp%2Fv2%2Fcomments&post=665963"}],"version-history":[{"count":0,"href":"https:\/\/arantv.az\/index.php?rest_route=\/wp\/v2\/posts\/665963\/revisions"}],"wp:featuredmedia":[{"embeddable":true,"href":"https:\/\/arantv.az\/index.php?rest_route=\/wp\/v2\/media\/453998"}],"wp:attachment":[{"href":"https:\/\/arantv.az\/index.php?rest_route=%2Fwp%2Fv2%2Fmedia&parent=665963"}],"wp:term":[{"taxonomy":"category","embeddable":true,"href":"https:\/\/arantv.az\/index.php?rest_route=%2Fwp%2Fv2%2Fcategories&post=665963"},{"taxonomy":"post_tag","embeddable":true,"href":"https:\/\/arantv.az\/index.php?rest_route=%2Fwp%2Fv2%2Ftags&post=665963"}],"curies":[{"name":"wp","href":"https:\/\/api.w.org\/{rel}","templated":true}]}}