{"id":666008,"date":"2023-12-07T22:32:10","date_gmt":"2023-12-07T18:32:10","guid":{"rendered":"https:\/\/arantv.az\/?p=666008"},"modified":"2023-12-07T22:32:10","modified_gmt":"2023-12-07T18:32:10","slug":"az%c9%99rbaycan-v%c9%99-erm%c9%99nistan-%c9%99lav%c9%99-etimad-quruculugu-t%c9%99dbirl%c9%99ri-ucun-muzakir%c9%99l%c9%99ri-davam-etdir%c9%99c%c9%99k","status":"publish","type":"post","link":"https:\/\/arantv.az\/?p=666008","title":{"rendered":"Az\u0259rbaycan v\u0259 Erm\u0259nistan \u0259lav\u0259 etimad quruculu\u011fu t\u0259dbirl\u0259ri \u00fc\u00e7\u00fcn m\u00fczakir\u0259l\u0259ri davam etdir\u0259c\u0259k"},"content":{"rendered":"<p>Az\u0259rbaycan v\u0259 Erm\u0259nistan \u0259lav\u0259 etimad quruculu\u011fu t\u0259dbirl\u0259ri \u00fc\u00e7\u00fcn m\u00fczakir\u0259l\u0259ri davam etdir\u0259c\u0259k.<\/p>\n<p>&nbsp;<\/p>\n<p>ARANTV.AZ\u00a0 x\u0259b\u0259r verir ki, bu bar\u0259d\u0259 Az\u0259rbaycan Respublikas\u0131 Prezidentinin Administrasiyas\u0131 v\u0259 Erm\u0259nistan Respublikas\u0131 Ba\u015f nazirinin Aparat\u0131n\u0131n birg\u0259 a\u00e7\u0131qlamas\u0131nda bildirilib.<\/p>\n<p>&nbsp;<\/p>\n<p>&#8220;Az\u0259rbaycan Respublikas\u0131 v\u0259 Erm\u0259nistan Respublikas\u0131 yax\u0131n g\u0259l\u0259c\u0259kd\u0259 \u0259lav\u0259 etimad quruculu\u011fu t\u0259dbirl\u0259rinin h\u0259yata ke\u00e7irilm\u0259si \u00fc\u00e7\u00fcn m\u00fczakir\u0259l\u0259ri davam etdir\u0259c\u0259kl\u0259r v\u0259 beyn\u0259lxalq ictimaiyy\u0259ti iki \u00f6lk\u0259nin qar\u015f\u0131l\u0131ql\u0131 etimad\u0131n yarad\u0131lmas\u0131na t\u00f6hf\u0259 ver\u0259c\u0259k, b\u00fct\u00fcn C\u0259nubi Qafqaz regionuna m\u00fcsb\u0259t t\u0259sir g\u00f6st\u0259r\u0259c\u0259k s\u0259yl\u0259rini d\u0259st\u0259kl\u0259m\u0259y\u0259 \u00e7a\u011f\u0131r\u0131rlar&#8221;, &#8211; dey\u0259 qeyd olunub.<\/p>\n","protected":false},"excerpt":{"rendered":"<p>Az\u0259rbaycan v\u0259 Erm\u0259nistan \u0259lav\u0259 etimad quruculu\u011fu t\u0259dbirl\u0259ri \u00fc\u00e7\u00fcn m\u00fczakir\u0259l\u0259ri davam etdir\u0259c\u0259k. &nbsp; ARANTV.AZ\u00a0 x\u0259b\u0259r verir ki, bu bar\u0259d\u0259 Az\u0259rbaycan Respublikas\u0131 Prezidentinin Administrasiyas\u0131 v\u0259 Erm\u0259nistan Respublikas\u0131 Ba\u015f nazirinin Aparat\u0131n\u0131n birg\u0259 a\u00e7\u0131qlamas\u0131nda bildirilib. &nbsp; &#8220;Az\u0259rbaycan Respublikas\u0131 v\u0259 Erm\u0259nistan Respublikas\u0131 yax\u0131n g\u0259l\u0259c\u0259kd\u0259 \u0259lav\u0259 etimad quruculu\u011fu t\u0259dbirl\u0259rinin h\u0259yata ke\u00e7irilm\u0259si \u00fc\u00e7\u00fcn m\u00fczakir\u0259l\u0259ri davam etdir\u0259c\u0259kl\u0259r v\u0259 beyn\u0259lxalq ictimaiyy\u0259ti iki \u00f6lk\u0259nin qar\u015f\u0131l\u0131ql\u0131 etimad\u0131n yarad\u0131lmas\u0131na t\u00f6hf\u0259 ver\u0259c\u0259k, b\u00fct\u00fcn C\u0259nubi Qafqaz regionuna m\u00fcsb\u0259t t\u0259sir g\u00f6st\u0259r\u0259c\u0259k s\u0259yl\u0259rini d\u0259st\u0259kl\u0259m\u0259y\u0259 \u00e7a\u011f\u0131r\u0131rlar&#8221;, &#8211; dey\u0259 qeyd olunub.<\/p>\n","protected":false},"author":2,"featured_media":666009,"comment_status":"closed","ping_status":"closed","sticky":false,"template":"","format":"standard","meta":{"om_disable_all_campaigns":false,"_monsterinsights_skip_tracking":false,"_monsterinsights_sitenote_active":false,"_monsterinsights_sitenote_note":"","_monsterinsights_sitenote_category":0},"categories":[4],"tags":[],"aioseo_notices":[],"gutentor_comment":0,"rttpg_featured_image_url":{"full":["https:\/\/arantv.az\/wp-content\/uploads\/2023\/12\/952285b9170196966830922696810394188-1.jpg",975,540,false],"landscape":["https:\/\/arantv.az\/wp-content\/uploads\/2023\/12\/952285b9170196966830922696810394188-1.jpg",975,540,false],"portraits":["https:\/\/arantv.az\/wp-content\/uploads\/2023\/12\/952285b9170196966830922696810394188-1.jpg",975,540,false],"thumbnail":["https:\/\/arantv.az\/wp-content\/uploads\/2023\/12\/952285b9170196966830922696810394188-1-500x280.jpg",500,280,true],"medium":["https:\/\/arantv.az\/wp-content\/uploads\/2023\/12\/952285b9170196966830922696810394188-1-660x365.jpg",660,365,true],"large":["https:\/\/arantv.az\/wp-content\/uploads\/2023\/12\/952285b9170196966830922696810394188-1-840x465.jpg",640,354,true],"1536x1536":["https:\/\/arantv.az\/wp-content\/uploads\/2023\/12\/952285b9170196966830922696810394188-1.jpg",975,540,false],"2048x2048":["https:\/\/arantv.az\/wp-content\/uploads\/2023\/12\/952285b9170196966830922696810394188-1.jpg",975,540,false],"post-thumbnail":["https:\/\/arantv.az\/wp-content\/uploads\/2023\/12\/952285b9170196966830922696810394188-1-240x172.jpg",240,172,true],"advps-thumb-one":["https:\/\/arantv.az\/wp-content\/uploads\/2023\/12\/952285b9170196966830922696810394188-1.jpg",975,540,false]},"rttpg_author":{"display_name":"V\u00fcsal Rafiqo\u011flu","author_link":"https:\/\/arantv.az\/?author=2"},"rttpg_comment":0,"rttpg_category":"<a href=\"https:\/\/arantv.az\/?cat=4\" rel=\"category\">Siyas\u0259t<\/a>","rttpg_excerpt":"Az\u0259rbaycan v\u0259 Erm\u0259nistan \u0259lav\u0259 etimad quruculu\u011fu t\u0259dbirl\u0259ri \u00fc\u00e7\u00fcn m\u00fczakir\u0259l\u0259ri davam etdir\u0259c\u0259k. &nbsp; ARANTV.AZ\u00a0 x\u0259b\u0259r verir ki, bu bar\u0259d\u0259 Az\u0259rbaycan Respublikas\u0131 Prezidentinin Administrasiyas\u0131 v\u0259 Erm\u0259nistan Respublikas\u0131 Ba\u015f nazirinin Aparat\u0131n\u0131n birg\u0259 a\u00e7\u0131qlamas\u0131nda bildirilib. &nbsp; &#8220;Az\u0259rbaycan Respublikas\u0131 v\u0259 Erm\u0259nistan Respublikas\u0131 yax\u0131n g\u0259l\u0259c\u0259kd\u0259 \u0259lav\u0259 etimad quruculu\u011fu t\u0259dbirl\u0259rinin h\u0259yata ke\u00e7irilm\u0259si \u00fc\u00e7\u00fcn m\u00fczakir\u0259l\u0259ri davam etdir\u0259c\u0259kl\u0259r v\u0259 beyn\u0259lxalq ictimaiyy\u0259ti iki \u00f6lk\u0259nin qar\u015f\u0131l\u0131ql\u0131&hellip;","_links":{"self":[{"href":"https:\/\/arantv.az\/index.php?rest_route=\/wp\/v2\/posts\/666008"}],"collection":[{"href":"https:\/\/arantv.az\/index.php?rest_route=\/wp\/v2\/posts"}],"about":[{"href":"https:\/\/arantv.az\/index.php?rest_route=\/wp\/v2\/types\/post"}],"author":[{"embeddable":true,"href":"https:\/\/arantv.az\/index.php?rest_route=\/wp\/v2\/users\/2"}],"replies":[{"embeddable":true,"href":"https:\/\/arantv.az\/index.php?rest_route=%2Fwp%2Fv2%2Fcomments&post=666008"}],"version-history":[{"count":0,"href":"https:\/\/arantv.az\/index.php?rest_route=\/wp\/v2\/posts\/666008\/revisions"}],"wp:featuredmedia":[{"embeddable":true,"href":"https:\/\/arantv.az\/index.php?rest_route=\/wp\/v2\/media\/666009"}],"wp:attachment":[{"href":"https:\/\/arantv.az\/index.php?rest_route=%2Fwp%2Fv2%2Fmedia&parent=666008"}],"wp:term":[{"taxonomy":"category","embeddable":true,"href":"https:\/\/arantv.az\/index.php?rest_route=%2Fwp%2Fv2%2Fcategories&post=666008"},{"taxonomy":"post_tag","embeddable":true,"href":"https:\/\/arantv.az\/index.php?rest_route=%2Fwp%2Fv2%2Ftags&post=666008"}],"curies":[{"name":"wp","href":"https:\/\/api.w.org\/{rel}","templated":true}]}}